{"id":9986,"date":"2015-09-26T23:59:50","date_gmt":"2015-09-26T21:59:50","guid":{"rendered":"http:\/\/blogg.ngn.nu\/?p=9986"},"modified":"2015-09-30T08:45:53","modified_gmt":"2015-09-30T06:45:53","slug":"lordag-99","status":"publish","type":"post","link":"https:\/\/blogg.ngn.nu\/index.php\/2015\/09\/26\/lordag-99\/","title":{"rendered":"L\u00f6rdag"},"content":{"rendered":"<p>\n\tVandrarhem: &Auml;ngelholm\n<\/p>\n<p>\n\tMorgon: Sovit s&aring;d&auml;r.\n<\/p>\n<p>\n\tLigger och vilar. V&auml;ntar p&aring; att l&auml;kem. ska b&ouml;rja verka. Hustrun har tagit en promenad in till Centrum.<br \/>\n\tCa kl 10 ska vi &aring;ka mot Ring Knutstorp (n&auml;ra K&aring;ger&ouml;d).\n<\/p>\n<p>\n\t<span style=\"font-weight: bold;\">Ring Knutstorp<\/span><br \/>\n\tSp&auml;nnande. F&ouml;rsta g&aring;ngen vi r&ouml;r oss i den h&auml;r delen av verkligheten (STCC Rally).\n<\/p>\n<p>\n\tBlev anvisade parkering (utan kostnad) och sedan blev vi insl&auml;ppta p&aring; omr&aring;det. En fin inbjudan vi fick. Indr&auml;det kostade en del med det beh&ouml;vde vi inte bry oss om &#8211; vi vart ju inbjudna :me:\n<\/p>\n<p>\n\tLetade upp Dacias &#39;stall&#39;. D&auml;r fick vi korv med br&ouml;d och dricka.<br \/>\n\tD&auml;r &#39;hittade&#39; jag ocks&aring; Carina Lorentzon med sin make. De har en Dacia Stepway (Sanderons efterf&ouml;ljare).<br \/>\n\tVi informerade oss ocks&aring; om n&auml;r f&ouml;rsta racet startade och var det var b&auml;st att st&aring;.\n<\/p>\n<p>\n\tGivevis &#39;p&aring; andra sidan&#39;. &Ouml;ver ytterligare en g&aring;ngbro och sedan upp p&aring; en gr&auml;ssl&auml;nt. D&auml;r hittade jag Klas som ocks&aring; &auml;r Dacia&auml;gare, fr&aring;n Onsj&ouml; (&Auml;gare till en Lodgy. Hade Sandero tidigare).\n<\/p>\n<p>\n\tFilmade och tog bilder.\n<\/p>\n<p>\n\tDe vi var &#39;intresserade&#39; av:<br \/>\n\tMattias Andersson (Startnr: 20), Dacia Dealer Team.<br \/>\n\tRace 1: 5:a. Race 2: 8:a. Totalt: 5:a<br \/>\n\tPrins Carl Philip Bernadotte (Startnr: 13), Volvo Cyan Racing.<br \/>\n\tRace 1: 8:a. Race 2: 10:a. Totalt: 10:a<br \/>\n\tThed Bj&ouml;rk (Startnr 1), Volvo Cyan Racing.<br \/>\n\tRace 1: 3:a. Race 2: 3:a. Totalt: 1:a\n<\/p>\n<p>\n\tnote: Fick ju sedan se i ttela p&aring; m&aring;ndagen att Trollh&auml;ttan var representerat i racet via f&ouml;rare Erik Jonsson (Startnr: 6), BMW Sportpromotion.<br \/>\n\tRace 1: DNF. Race 2: 5:a. Totalt: 11:a\n<\/p>\n<p>\n\tSnitthastigheten f&ouml;r bilarna (race 2, varv 7) l&aring;g p&aring; ca 122-127 km\/h.\n<\/p>\n<p>\n\tVarje race &auml;r p&aring; 20 varv. Det blir 4mil&#8230;\n<\/p>\n<p>\n\tBilder:<br \/>\n\t<img decoding=\"async\" alt=\"Bild: STCC Dacia]\" src=\"http:\/\/ngn.nu\/Pict\/2015\/150926-DSC00218-Ring-Knutstorp-STCC-Dacia-w350.jpg\" style=\"width: 350px; height: 263px;\" title=\"STCC Dacia\" \/><br \/>\n\tInf&ouml;r uppv&auml;rmning och race1.\n<\/p>\n<p>\n\t<img decoding=\"async\" alt=\"Bild: STCC Dacia]\" src=\"http:\/\/ngn.nu\/Pict\/2015\/150926-DSC00221-Ring-Knutstorp-STCC-Dacia-w350.jpg\" style=\"width: 350px; height: 159px;\" title=\"STCC Dacia\" \/><br \/>\n\tDet n&auml;rmar sig start race1.\n<\/p>\n<p>\n\t<img decoding=\"async\" alt=\"Bild: STCC Rally Startf\u00e4ltet]\" src=\"http:\/\/ngn.nu\/Pict\/2015\/150926-DSC00222-Ring-Knutstorp-STCC-Start-Race1-w350.jpg\" style=\"width: 350px; height: 107px;\" title=\"STCC Rally Startf\u00e4ltet\" \/><br \/>\n\tStartf&auml;lt race1:<br \/>\n\t<small>Pos 1; Bil nr: 11, F&ouml;rare: Fredrik Ekblom, Cyan Racing, Bil: Volvo S60<br \/>\n\tPos 2; Bil nr: 1, F&ouml;rare: Thed Bj&ouml;rk, Cyan Racing, Bil: Volvo S60<br \/>\n\tPos 3; Bil nr: 3, F&ouml;rare: Richard G&ouml;ransson, Team Tid&ouml;, Bil:&nbsp; Saab 9-3<br \/>\n\tPos 4; Bil nr: 93, F&ouml;rare: Emma Kimil&auml;inen, PWR Racing Team, Bil: Saab 9-3<br \/>\n\tPos 5; Bil nr: 20, F&ouml;rare: Mattias Andersson, Dacia Dealer Team, Bil: Dacia<br \/>\n\tPos 6; Bil nr: 6, F&ouml;rare: Erik Jonsson, Sportpromotion, Bil: BMW SR<br \/>\n\tPos 7; Bil nr: 13, F&ouml;rare: Carl Philip Bernadotte, Cyan Racing, Bil: Volvo S60<br \/>\n\tPos 8; Bil nr: 4, F&ouml;rare: Fredrik Larsson, WCR\/BMW Dealer Team, Bil: BMW SR<br \/>\n\tPos 9;&nbsp; Bil nr: 37, F&ouml;rare: Daniel Hagl&ouml;f, PWR Racing Team, Bil: Saab 9-3<br \/>\n\tPos 10; Bil nr: 9, F&ouml;rare: Kevin Aabol, Team Kia, Bil: Kia Optima<br \/>\n\tPos 11; Bil nr: 28, F&ouml;rare: Rasmus M&aring;rthen, Team Kia, Bil: Kia Optima<br \/>\n\tPos 12; Bil nr: 8, F&ouml;rare: Roger Samuelsson, Team Tid&ouml;, Bil:&nbsp; Saab 9-3<\/small>\n<\/p>\n<p>\n\t<small>Slutresultat efter race2 (finalen), Totalt:<br \/>\n\tPlac 1; Bil nr: 1, F&ouml;rare: Thed Bj&ouml;rk, Cyan Racing, Bil: Volvo S60, 366p<br \/>\n\tPlac 2; Bil nr: 11, F&ouml;rare: Fredrik Ekblom, Cyan Racing, Bil: Volvo S60, 356p<br \/>\n\tPlac 3; Bil nr: 4, F&ouml;rare: Fredrik Larsson, WCR\/BMW Dealer Team, Bil: BMW SR, 268p<br \/>\n\tPlac 4; Bil nr: 3, F&ouml;rare: Richard G&ouml;ransson, Team Tid&ouml;, Bil:&nbsp; Saab 9-3, 243p<br \/>\n\tPlac 5; Bil nr: 20, F&ouml;rare: Mattias Andersson, Dacia Dealer Team, Bil: Dacia, 204p<br \/>\n\tPlac 6;&nbsp; Bil nr: 37, F&ouml;rare: Daniel Hagl&ouml;f, PWR Racing Team, Bil: Saab 9-3, 174p<br \/>\n\tPlac 7; Bil nr: 93, F&ouml;rare: Emma Kimil&auml;inen, PWR Racing Team, Bil: Saab 9-3, 158p<br \/>\n\tPlac 8; -, F&ouml;rare: Erik Johansson, Team Kia, Bil: Kia Optima, 94p<br \/>\n\tPlac 9; Bil nr: 9, F&ouml;rare: Kevin Aabol, Team Kia, Bil: Kia Optima, 71p<br \/>\n\tPlac 10; Bil nr: 13, F&ouml;rare: Carl Philip Bernadotte, Cyan Racing, Bil: Volvo S60, 66p<br \/>\n\tPlac 11; Bil nr: 6, F&ouml;rare: Erik Jonsson, Sportpromotion, Bil: BMW SR, 52p<br \/>\n\tPlac 12; Bil nr: 28, F&ouml;rare: Rasmus M&aring;rthen, Team Kia, Bil: Kia Optima, 24p<br \/>\n\tPlac 13; Bil nr: 8, F&ouml;rare: Roger Samuelsson, Team Tid&ouml;, Bil:&nbsp; Saab 9-3, 22p<br \/>\n\tPlac 14; -, F&ouml;rare: Emelie Liljestr&ouml;m, Team Kia, Bil: Kia Optima, 10p<\/small>\n<\/p>\n<p>\n\t<img decoding=\"async\" alt=\"Bild: STCC Rally ca 20 sec efter start]\" src=\"http:\/\/ngn.nu\/Pict\/2015\/150926-DSC00224-Ring-Knutstorp-STCC-Dacia-Race1-Varv1-ca20sec-efter-start-w350.jpg\" style=\"width: 350px; height: 208px;\" title=\"STCC Rally ca 20 sec efter start\" \/><br \/>\n\tCa 20 sec efter start. Pilen pekar p&aring; bil Dacia (pos 5).\n<\/p>\n<p>\n\t<img decoding=\"async\" alt=\"Bild: STCC Rally Dacia-stallet]\" src=\"http:\/\/ngn.nu\/Pict\/2015\/150926-DSC00237-Ring-Knutstorp-STCC-Dacia-I-stallet-mellan-race1-o-2-w350.jpg\" style=\"width: 350px; height: 317px;\" title=\"STCC Rally Dacia-stallet\" \/><br \/>\n\tDacias bil inne i stallet f&ouml;r service mellan race 1&amp;2.\n<\/p>\n<p>\n\t<img decoding=\"async\" alt=\"Bild: STCC Rally Dacia-stallet]\" src=\"http:\/\/ngn.nu\/Pict\/2015\/150926-DSC00238-Ring-Knutstorp-STCC-Dacia-I-stallet-mellan-race1-o-2-w350.jpg\" style=\"width: 350px; height: 261px;\" title=\"STCC Rally Dacia-stallet\" \/><br \/>\n\tAv en mekaniker fick jag veta att alla STCC-bilar i den h&auml;r klassen har samma motor och v&auml;xell&aring;da och jag fattade f&ouml;r att de, i princip, &auml;r plomberade. Ramen &auml;r ocks&aring; standard.<br \/>\n\tDet som &auml;r kvar att &#39;trimma&#39; p&aring; &auml;r hjuluph&auml;ngning, fj&auml;dring, bromssystem, d&auml;ck och kaross.\n<\/p>\n<p>\n\tN&auml;r karossen &auml;r klar k&ouml;rs alla bilar till samma vindtunnel (Volvo i GBG). Skulle n&aring;gon bil visa f&ouml;r l&aring;gt vindmotst&aring;nd s&aring; m&aring;ste det monteras vindmotst&aring;nd. Ett exempel p&aring; ett s&aring;dant vindmotst&aring;nd ses p&aring; bilderna h&auml;r ovan vid bildens frontsidor under texten &quot;DACIA&quot;, p&aring; b&auml;gge sidor.\n<\/p>\n<p>\n\tDet h&auml;nger allts&aring; v&auml;ldigt mycket p&aring; f&ouml;raren.\n<\/p>\n<p>\n\t<img decoding=\"async\" alt=\"Bild: STCC Rally Volvo-stallet]\" src=\"http:\/\/ngn.nu\/Pict\/2015\/150926-DSC00240-Ring-Knutstorp-STCC-Volvo-Prins-Carl_Philip_Bernadotte-I-stallet-mellan-race1-o-2-w350.jpg\" style=\"width: 350px; height: 328px;\" title=\"STCC Rally Volvo-stallet\" \/><br \/>\n\tInne i Volvo-stallet hittade vi Prins Carl Philip Bernadotte.\n<\/p>\n<p>\n\t<img decoding=\"async\" alt=\"Bild: STCC Rally Volvo-stallet]\" src=\"http:\/\/ngn.nu\/Pict\/2015\/150926-DSC00241-Ring-Knutstorp-STCC-Volvo-Prins-Carl_Philip_Bernadotte-I-stallet-mellan-race1-o-2-w350.jpg\" style=\"width: 350px; height: 212px;\" title=\"STCC Rally Volvo-stallet\" \/><br \/>\n\tPrinsens bil (nr 13). Prinses skymtar l&auml;ngst upp till v&auml;nster i bilden.\n<\/p>\n<p>\n\tNotera att de f&ouml;rare som presenterats h&auml;r ovan tillh&ouml;r Sverigeeliten. De &auml;r allts&aring; ruggigt duktiga.\n<\/p>\n<p>\n\t<img decoding=\"async\" alt=\"Bild: STCC Rally. En supporter.]\" src=\"http:\/\/ngn.nu\/Pict\/2015\/150926-DSC00243-Ring-Knutstorp-STCC-Supporter-Pappa-Kungen-w350.jpg\" style=\"width: 238px; height: 350px;\" title=\"STCC Rally. En supporter.\" \/><br \/>\n\tUtanf&ouml;r Dacia-stallet kom Prinsens kanske fr&auml;mste supporter, pappa Kungen.\n<\/p>\n<p>\n\t<img decoding=\"async\" alt=\"Bild: STCC Rally. Dacias f\u00f6rare Mattias Andersson.]\" src=\"http:\/\/ngn.nu\/Pict\/2015\/150926-DSC00244-Ring-Knutstorp-STCC-Dacia-I-stallets-allm-del-mellan-race1-o-2-w350.jpg\" style=\"width: 350px; height: 742px;\" title=\"STCC Rally. Dacias f\u00f6rare Mattias Andersson.\" \/><br \/>\n\tDacias f&ouml;rare Mattias Andersson ber&auml;ttar om loppet. Hur man t&auml;nker, f&ouml;rs&ouml;ker l&auml;gga upp taktik m.m.<br \/>\n\tDet som verkar mest avg&ouml;rande (f&ouml;rutom f&ouml;rarens eghenskaper) &auml;r d&auml;ckvalet.<br \/>\n\tVarje bil fick inf&ouml;r denna final (25:e &amp; 26:e sept: Tr&auml;ning, kval och race) 8 d&auml;ck. Och det fanns v&auml;ldigt olika uppl&auml;gg f&ouml;r hur man anv&auml;nde d&auml;cken.<br \/>\n\tEtt team valde t.ex att i sista racet starta med ett par sk begagnade d&auml;ck p&aring; ena sidan och ett par nya p&aring; den andra.<br \/>\n\tAndra valde att starta med de begagnade medan en del valde nya.\n<\/p>\n<p>\n\tFick ocks&aring; veta att n&aring;got som det inte satsades p&aring; var f&ouml;rarkomfort.\n<\/p>\n<p>\n\t<img decoding=\"async\" alt=\"Bild: STCC Rally. Dacia, race2.]\" src=\"http:\/\/ngn.nu\/Pict\/2015\/150926-DSC00248-Ring-Knutstorp-STCC-Dacia-Race2-w350.jpg\" style=\"width: 350px; height: 71px;\" title=\"STCC Rally. Dacia, race2.\" \/><br \/>\n\tDacia, race2. H&auml;r som 4:a. Men 4:platsen r&ouml;k i racets sista kurva. Andersson f&ouml;rs&ouml;kte sig p&aring; en framst&ouml;t men blev d&aring; &#39;knuffad&#39; och hamnade av banan tillsammans med en annan bil. B&auml;gge kom i m&aring;l. Andersson som 8:a.\n<\/p>\n<p>\n\tMellan racen passade vi p&aring; att leta upp en GPSg&ouml;mma, utanf&ouml;r omr&aring;det men v&auml;ldigt n&auml;ra.\n<\/p>\n<p>\n\t<strong>H&auml;lsol&auml;get<\/strong>:<br \/>\n\tMorgon: OK.<br \/>\n\tDagen: OK.<br \/>\n\tKv&auml;llen: OK.<br \/>\n\t<small>[<span title=\"VAS-skalan (grad av v\u00e4rk; 0=ingen v\u00e4rk och 10 \u00e4r outh\u00e4rdlig\">03<\/span>&#8211;<span title=\"Psykisk stabilitet 0=totaldeppig, 10=skitglad\">08<\/span>&#8211;<span title=\"Matintag - procent bra\">005<\/span>&#8211;<span title=\"Motion - procent bra\">005<\/span>] ?<\/small><\/p>\n","protected":false},"excerpt":{"rendered":"<p>Vandrarhem: &Auml;ngelholm Morgon: Sovit s&aring;d&auml;r. Ligger och vilar. V&auml;ntar p&aring; att l&auml;kem. ska b&ouml;rja verka. Hustrun har tagit en promenad in till Centrum. Ca kl 10 ska vi &aring;ka mot Ring Knutstorp (n&auml;ra K&aring;ger&ouml;d). Ring Knutstorp Sp&auml;nnande. F&ouml;rsta g&aring;ngen vi &hellip; <a href=\"https:\/\/blogg.ngn.nu\/index.php\/2015\/09\/26\/lordag-99\/\">Forts\u00e4tt l\u00e4sa <span class=\"meta-nav\">&rarr;<\/span><\/a><\/p>\n","protected":false},"author":1,"featured_media":0,"comment_status":"open","ping_status":"closed","sticky":false,"template":"","format":"standard","meta":{"footnotes":""},"categories":[350],"tags":[335],"class_list":["post-9986","post","type-post","status-publish","format-standard","hentry","category-upplevelse","tag-vandrarhem"],"_links":{"self":[{"href":"https:\/\/blogg.ngn.nu\/index.php\/wp-json\/wp\/v2\/posts\/9986","targetHints":{"allow":["GET"]}}],"collection":[{"href":"https:\/\/blogg.ngn.nu\/index.php\/wp-json\/wp\/v2\/posts"}],"about":[{"href":"https:\/\/blogg.ngn.nu\/index.php\/wp-json\/wp\/v2\/types\/post"}],"author":[{"embeddable":true,"href":"https:\/\/blogg.ngn.nu\/index.php\/wp-json\/wp\/v2\/users\/1"}],"replies":[{"embeddable":true,"href":"https:\/\/blogg.ngn.nu\/index.php\/wp-json\/wp\/v2\/comments?post=9986"}],"version-history":[{"count":2,"href":"https:\/\/blogg.ngn.nu\/index.php\/wp-json\/wp\/v2\/posts\/9986\/revisions"}],"predecessor-version":[{"id":9990,"href":"https:\/\/blogg.ngn.nu\/index.php\/wp-json\/wp\/v2\/posts\/9986\/revisions\/9990"}],"wp:attachment":[{"href":"https:\/\/blogg.ngn.nu\/index.php\/wp-json\/wp\/v2\/media?parent=9986"}],"wp:term":[{"taxonomy":"category","embeddable":true,"href":"https:\/\/blogg.ngn.nu\/index.php\/wp-json\/wp\/v2\/categories?post=9986"},{"taxonomy":"post_tag","embeddable":true,"href":"https:\/\/blogg.ngn.nu\/index.php\/wp-json\/wp\/v2\/tags?post=9986"}],"curies":[{"name":"wp","href":"https:\/\/api.w.org\/{rel}","templated":true}]}}