{"id":9579,"date":"2014-05-01T21:22:22","date_gmt":"2014-05-01T20:22:22","guid":{"rendered":"http:\/\/blogg.ngn.nu\/?p=9579"},"modified":"2014-05-02T11:47:42","modified_gmt":"2014-05-02T10:47:42","slug":"torsdag-72","status":"publish","type":"post","link":"https:\/\/blogg.ngn.nu\/index.php\/2014\/05\/01\/torsdag-72\/","title":{"rendered":"Torsdag"},"content":{"rendered":"<p>\n\t<span style=\"font-weight: bold;\">1 majtal<\/span><br \/>\n\tF&ouml;rst &aring;kte vi till Sn&auml;ckan i Trollh&auml;ttan. Vi var intresserade av vad V&auml;nsterpartiet (V) hade att s&auml;ga.\n<\/p>\n<p>\n\tTalare;<br \/>\n\tFahimeh Nordborg:<br \/>\n\t<img decoding=\"async\" alt=\"[Bild: Fahimeh Nordborg Gruppledare V\u00e4nsterpartiet Trollh\u00e4ttan]\" src=\"http:\/\/ngn.nu\/Pict\/2014\/140501-DSC08593-Fahimeh_Nordborg-Kompr70-w350.jpg\" style=\"width: 350px; height: 254px;\" title=\"Fahimeh Nordborg Gruppledare V\u00e4nsterpartiet Trollh\u00e4ttan\" \/><br \/>\n\tGruppledare V&auml;nsterpartiet Trollh&auml;ttan\n<\/p>\n<p>\n\tSv&aring;rt att uppfatta vad hon sa, emellan&aring;t, hon hade egenheten att g&ouml;ra &#39;konstpauser&#39; mitt i en mening&#8230;\n<\/p>\n<p>\n\tEric Johanson:<br \/>\n\t<img decoding=\"async\" alt=\"[Bild: Eric Johanson, Ung V\u00e4nster]\" src=\"http:\/\/ngn.nu\/Pict\/2014\/140501-DSC08594-Eric_Johanson-Kompr70-w350.jpg\" style=\"width: 350px; height: 232px;\" title=\"Eric Johanson, Ung V\u00e4nster\" \/><br \/>\n\tUng V&auml;nster\n<\/p>\n<p>\n\tRedig pojk. Ingen fusklapp h&auml;r inte &#8211; datorn hade pajat&#8230;\n<\/p>\n<p>\n\tRossana Dinamarca:<br \/>\n\t<img decoding=\"async\" alt=\"[Bild: Rossana Dinamarca, Riksdagsledamot V\u00e4nsterpartiet]\" src=\"http:\/\/ngn.nu\/Pict\/2014\/140501-DSC08596-Rossana_Dinamarca_Kompr70-w350.jpg\" style=\"width: 350px; height: 240px;\" title=\"Rossana Dinamarca, Riksdagsledamot V\u00e4nsterpartiet\" \/><br \/>\n\tRiksdagsledamot f&ouml;r V&auml;nsterpartiet\n<\/p>\n<p>\n\tInga problem med h&ouml;rbarhet, budskap och inneh&aring;ll &#8211; bra talare. Henne gick jag fram och skakade hand med efter&aring;t :me:\n<\/p>\n<p>\n\tEn v&auml;nsterpartist, som jag k&auml;nner, fr&aring;n V&auml;nersborg fick sig ocks&aring; en kram.\n<\/p>\n<p>\n\tOm nu (V) inte hade n&aring;got eget framtr&auml;dande i V&auml;nersborg vad kan det d&aring; bero p&aring; att ingen av de mer framtr&auml;dande V&auml;nersborgska V&auml;nsterpartisterna inte var n&auml;rvarande, i Trollh&auml;ttan?\n<\/p>\n<p>\n\tDet blev ocks&aring; en sv&auml;ng ned till g&aring;gatan och d&auml;r lyssnade vi lite p&aring; Anders Ferb&eacute;:<br \/>\n\t<img decoding=\"async\" alt=\"[Bild: Anders Ferb\u00e9, F\u00f6rbundsordf\u00f6rande IF Metall]\" src=\"http:\/\/ngn.nu\/Pict\/2014\/140501-DSC08599-Anders_Ferbe-Kompr70-w350.jpg\" style=\"width: 350px; height: 282px;\" title=\"Anders Ferb\u00e9, F\u00f6rbundsordf\u00f6rande IF Metall\" \/><br \/>\n\tF&ouml;rbundsordf&ouml;rande IF Metall\n<\/p>\n<p>\n\tHan svamlade p&aring; s&aring; att det blev tr&ouml;ttsamt att lyssna.\n<\/p>\n<p>\n\tCarina Lorentzon fick sig en kram och s&aring; h&auml;lsade jag p&aring; Peter Johnsson\n<\/p>\n<p>\n\tVi gick till Subway och &aring;t.\n<\/p>\n<p>\n\tPromenerade sedan runt Spek&ouml;n.\n<\/p>\n<p>\n\t<span style=\"font-weight: bold;\">Packar<\/span><br \/>\n\tNu ska det packas f&ouml;r 2-3 veckor naturvandring \/ cyklande \/ bilk&ouml;rande.<br \/>\n\tHar hyrt en campingstuga, lite norr om Gnesta att ha som bas.<br \/>\n\tHustrun f&ouml;ljer med upp nu &ouml;ver helgen sedan k&ouml;r jag henne till t&aring;get s&aring; att hon &auml;r hemma och kan sk&ouml;ta sitt nya jobb, p&aring; m&aring;ndag.\n<\/p>\n<p>\n\t<span style=\"font-weight: bold;\">Publiserat<\/span>:<br \/>\n\t<a href=\"https:\/\/blogg.ngn.nu\/index.php\/2014\/04\/26\/lordag-84\/\" target=\"_blank\">L&ouml;rdag<\/a> 26 apr 2014<br \/>\n\t<a href=\"https:\/\/blogg.ngn.nu\/index.php\/2014\/04\/27\/sondag-77\/\" target=\"_blank\">S&ouml;ndag<\/a> 27 apr 2014<br \/>\n\t<a href=\"https:\/\/blogg.ngn.nu\/index.php\/2014\/04\/28\/mandag-76\/\" target=\"_blank\">M&aring;ndag<\/a> 28 apr 2014<br \/>\n\t<a href=\"https:\/\/blogg.ngn.nu\/index.php\/2014\/04\/29\/tisdag-70\/\" target=\"_blank\">Tisdag<\/a> 29 apr 2014<br \/>\n\t<a href=\"https:\/\/blogg.ngn.nu\/index.php\/2014\/04\/30\/onsdag-75\/\" target=\"_blank\">Onsdag<\/a> 30 apr 2014\n<\/p>\n<p>\n\t<span style=\"font-weight: bold;\">Data<\/span><br \/>\n\tDet sket sig med Linux Ubuntu 12.04 LTS p&aring; min b&auml;rbara Acer Aspire 5610 (den som MS Win XP &#39;upph&ouml;rt&#39; p&aring;).<br \/>\n\tNu har jag hittat och ska pr&ouml;va Linux Mint 16.\n<\/p>\n<p>\n\tDet som strulade mest var F-spot. Hoppas nu detta program fins f&ouml;r Mint och att det fungerar smidigare?\n<\/p>\n<p>\n\tFel tid f&ouml;r saker att trilskas &#8211; jag &aring;ker ju i morgon&#8230;\n<\/p>\n<p>\n\tca kl 22. Det ser ut som att det mesta nu funkar s&aring; att jag kan vara n&ouml;jd :me:<br \/>\n\tDet gick inte att anv&auml;nda f-spot i Mint 16. Jag fick t o m reda p&aring; varf&ouml;r; F-spot &auml;r gjort f&ouml;r Linux Ubuntu 13.10&#8230;<br \/>\n\tDet skulle ju kunna f&ouml;rklara att F-spot emellan&aring;t &#39;kraschar&#39; p&aring; min station&auml;ra, med 12.04 LTS&#8230;\n<\/p>\n<p>\n\tAnv&auml;nder bildhanteringsprogrammmet gThumb ist&auml;llet.\n<\/p>\n<p>\n\tDet sista jag ska g&ouml;ra nu &auml;r att &#39;klona&#39; mitt ePostsystem (Thunderbird) fr&aring;n min station&auml;ra till min b&auml;rbara. I alla fall se om det g&aring;r&#8230;<br \/>\n\t&#8230; fungerade klockrent :me:\n<\/p>\n<p>\n\t<span style=\"font-weight: bold;\">H&auml;lsol&auml;get<\/span>:<br \/>\n\tSom ig&aring;r.<br \/>\n\t<small>[02-08-010-005]<\/small><\/p>\n","protected":false},"excerpt":{"rendered":"<p>1 majtal F&ouml;rst &aring;kte vi till Sn&auml;ckan i Trollh&auml;ttan. Vi var intresserade av vad V&auml;nsterpartiet (V) hade att s&auml;ga. Talare; Fahimeh Nordborg: Gruppledare V&auml;nsterpartiet Trollh&auml;ttan Sv&aring;rt att uppfatta vad hon sa, emellan&aring;t, hon hade egenheten att g&ouml;ra &#39;konstpauser&#39; mitt i &hellip; <a href=\"https:\/\/blogg.ngn.nu\/index.php\/2014\/05\/01\/torsdag-72\/\">Forts\u00e4tt l\u00e4sa <span class=\"meta-nav\">&rarr;<\/span><\/a><\/p>\n","protected":false},"author":1,"featured_media":0,"comment_status":"open","ping_status":"closed","sticky":false,"template":"","format":"standard","meta":{"footnotes":""},"categories":[444,371,31],"tags":[595,858],"class_list":["post-9579","post","type-post","status-publish","format-standard","hentry","category-bilder","category-data","category-politik","tag-f-spot","tag-trollhattan"],"_links":{"self":[{"href":"https:\/\/blogg.ngn.nu\/index.php\/wp-json\/wp\/v2\/posts\/9579","targetHints":{"allow":["GET"]}}],"collection":[{"href":"https:\/\/blogg.ngn.nu\/index.php\/wp-json\/wp\/v2\/posts"}],"about":[{"href":"https:\/\/blogg.ngn.nu\/index.php\/wp-json\/wp\/v2\/types\/post"}],"author":[{"embeddable":true,"href":"https:\/\/blogg.ngn.nu\/index.php\/wp-json\/wp\/v2\/users\/1"}],"replies":[{"embeddable":true,"href":"https:\/\/blogg.ngn.nu\/index.php\/wp-json\/wp\/v2\/comments?post=9579"}],"version-history":[{"count":2,"href":"https:\/\/blogg.ngn.nu\/index.php\/wp-json\/wp\/v2\/posts\/9579\/revisions"}],"predecessor-version":[{"id":9583,"href":"https:\/\/blogg.ngn.nu\/index.php\/wp-json\/wp\/v2\/posts\/9579\/revisions\/9583"}],"wp:attachment":[{"href":"https:\/\/blogg.ngn.nu\/index.php\/wp-json\/wp\/v2\/media?parent=9579"}],"wp:term":[{"taxonomy":"category","embeddable":true,"href":"https:\/\/blogg.ngn.nu\/index.php\/wp-json\/wp\/v2\/categories?post=9579"},{"taxonomy":"post_tag","embeddable":true,"href":"https:\/\/blogg.ngn.nu\/index.php\/wp-json\/wp\/v2\/tags?post=9579"}],"curies":[{"name":"wp","href":"https:\/\/api.w.org\/{rel}","templated":true}]}}