{"id":9381,"date":"2014-02-13T21:26:59","date_gmt":"2014-02-13T20:26:59","guid":{"rendered":"http:\/\/blogg.ngn.nu\/?p=9381"},"modified":"2014-02-13T21:26:59","modified_gmt":"2014-02-13T20:26:59","slug":"nagra-kul-bilder-bla","status":"publish","type":"post","link":"https:\/\/blogg.ngn.nu\/index.php\/2014\/02\/13\/nagra-kul-bilder-bla\/","title":{"rendered":"N\u00e5gra kul bilder, bla"},"content":{"rendered":"<p>\n\t<span style=\"font-weight: bold;\">Efterlevandebestyr<\/span><br \/>\n\tSkannar n&aring;gra bilder fr&aring;n fotoalbum.<\/p>\n<p>\tHittade n&aring;gra suddiga bilder fr&aring;n mitt 30-&aring;rskalas (kom p&aring; att det bara &auml;r 28 &aring;r sedan&#8230;)<\/p>\n<p>\tTitta p&aring; den h&auml;r bilden (syns det inte s&aring; g&aring;r det att klicka p&aring; bilderna f&ouml;r att se en lite st&ouml;rre variant (med reservation f&ouml;r alla sk smartphones)):<br \/>\n\t<a href=\"http:\/\/ngn.nu\/Pict\/2014\/140213-DA-s05b01-1985-06-15-skannad-140213-Bjoernerud_Kalas-NGN_30Y-Vivan-NGN-Stefan_vid_bilen-Kompr70-w800.jpg\" target=\"_blank\"><img decoding=\"async\" alt=\"[Bild: Mor Vivan p\u00e5 v\u00e4g att kasta en t\u00e5rta i ansiktet p\u00e5 mig.]\" src=\"http:\/\/ngn.nu\/Pict\/2014\/140213-DA-s05b01-1985-06-15-skannad-140213-Bjoernerud_Kalas-NGN_30Y-Vivan-NGN-Stefan_vid_bilen-Kompr70-w350.jpg\" style=\"border: 0px solid ; width: 350px; height: 275px;\" title=\"Mor Vivan p\u00e5 v\u00e4g att kasta en t\u00e5rta i ansiktet p\u00e5 mig.\" \/><\/a><br \/>\n\tNotera den gl&auml;dje och lycka hon utstr&aring;lar, mor Vivan, inf&ouml;r tanken att f&aring; mula den d&auml;r t&aring;rtan i ansiktet p&aring; mig, sin son.<\/p>\n<p>\tNu ska vi titta p&aring; n&auml;sta bild:<br \/>\n\t<a href=\"http:\/\/ngn.nu\/Pict\/2014\/140213-DA-s05b02-1985-06-15-skannad-140213-Bjoernerud_Kalas-NGN_30Y-Vem-Alexander-Vivan-Katrin-NGN-Kompr70-w800.jpg\" target=\"_blank\"><img decoding=\"async\" alt=\"[Bild: Jag f\u00e5r t\u00e5rta i nyllet.]\" src=\"http:\/\/ngn.nu\/Pict\/2014\/140213-DA-s05b02-1985-06-15-skannad-140213-Bjoernerud_Kalas-NGN_30Y-Vem-Alexander-Vivan-Katrin-NGN-Kompr70-w350.jpg\" style=\"border: 0px solid ; width: 350px; height: 276px;\" title=\"Jag f\u00e5r t\u00e5rta i nyllet.\" \/><\/a><br \/>\n\tVem som har den randiga tr&ouml;jan har jag inte klurat ut. Men den lille framf&ouml;r mig &auml;r Alexander, h&auml;r 4&aring;r. Mor Vivan som precis f&ouml;r andra g&aring;ngen tryckt t&aring;rtan i nyllet p&aring; mig.<br \/>\n\tOch s&aring; dottern Katrin, h&auml;r 6&aring;r, vid min h&ouml;gra sida. Kan ni se hennes ansiktsuttryck?<br \/>\n\tVisst ser hon ut att tycka det d&auml;r verkar j&auml;ttekul &#8211; pappa f&aring;r en kladdig t&aring;rta mitt i plytet.<\/p>\n<p>\tNu t&auml;nker jag tillbaka p&aring; bilden ovan och s&aring; den nedan igen. En mor som trycker en t&aring;rta i nyllet p&aring; sin son d&auml;r en dotter st&aring;r och blir lycklig.<\/p>\n<p>\tOs&ouml;kt kommer jag d&aring; att t&auml;nka p&aring; vilken lycka jag kan sk&auml;nka mina barnbarn n&auml;r det &auml;r dags f&ouml;r min dotter (hon p&aring; bilden) att fylla j&auml;mt :me:<\/p>\n<p>\tOch s&aring; d&aring; fullbordat faktum:<br \/>\n\t<a href=\"http:\/\/ngn.nu\/Pict\/2014\/140213-DA-s05b03-1985-06-15-skannad-140213-Bjoernerud_Kalas-NGN_30Y-NGN-Sessan-Kompr70-w800.jpg\" target=\"_blank\"><img decoding=\"async\" alt=\"[Bild: Jag f\u00e5tt t\u00e5rta i nyllet.]\" src=\"http:\/\/ngn.nu\/Pict\/2014\/140213-DA-s05b03-1985-06-15-skannad-140213-Bjoernerud_Kalas-NGN_30Y-NGN-Sessan-Kompr70-w350.jpg\" style=\"border: 0px solid ; width: 350px; height: 276px;\" title=\"Jag f\u00e5tt t\u00e5rta i nyllet.\" \/><\/a><br \/>\n\tV&aring;r sch&auml;ferhund Sessan i bakgrunden, vid Hagtornsh&auml;cken. L&auml;ngst bak i bilden v&aring;r j&auml;ttelika lada.<\/p>\n<p>\t<span style=\"text-decoration: underline;\">Grejer<\/span><br \/>\n\tVar till auktionskammaren och h&auml;mtade diaprojektorn. Chefen var inte d&auml;r s&aring; jag kunde inte diskutera ett &#39;avslut&#39;.<\/p>\n<p>\t<span style=\"text-decoration: underline;\">Banker<\/span><br \/>\n\tCooop Med Mera Bank har fortfarande inte h&ouml;rt av sig. S&aring; d&aring; f&aring;r det bli ett telefonsamtal till, igen, i morgon. Stolpskott!<\/p>\n<p>\t<span style=\"font-weight: bold;\">Ins&auml;ndare<\/span><br \/>\n\tI tisdagens ttela fanns f&ouml;ljande ins&auml;ndare:<br \/>\n\t<a href=\"http:\/\/ngn.nu\/Pict\/2014\/140213-Skannad-Insaendare-ttela-140211-Kompr70-w800.jpg\" target=\"_blank\"><img decoding=\"async\" alt=\"[Bild: Ins\u00e4ndare ttela 140211]\" src=\"http:\/\/ngn.nu\/Pict\/2014\/140213-Skannad-Insaendare-ttela-140211-Kompr70-w350.jpg\" style=\"border: 0px solid ; width: 350px; height: 167px;\" title=\"Ins\u00e4ndare ttela 140211\" \/><\/a><\/p>\n<p>\tDylika &#39;r&ouml;ster&#39; blir fler och fler. Knarkliberalismen blir starkare n&auml;r ett sammh&auml;lle blir mer och mer uppdelat (klassamh&auml;lle).<br \/>\n\tAtt som i ins&auml;ndaren ovan, h&auml;nvisa till bruk av alkohol &auml;r vanligt i denna &#39;kamp&#39; och inom de &#39;kretsarna&#39;.<br \/>\n\tJ&auml;mf&ouml;relsen &auml;r dock sm&aring;tt tokig s&aring; jag kunde inte l&aring;ta bli att skriva en &#39;motins&auml;ndare&#39;, den publicerades, idag, 140213 i ttela:<br \/>\n\t<a href=\"http:\/\/ngn.nu\/Pict\/2014\/140213-Skannad-Insaendare-ttela-140213-Kompr70-w800.jpg\" target=\"_blank\"><img decoding=\"async\" alt=\"[Bild: Ins\u00e4ndare ttela 140213]\" src=\"http:\/\/ngn.nu\/Pict\/2014\/140213-Skannad-Insaendare-ttela-140213-Kompr70-w350.jpg\" style=\"border: 0px solid ; width: 350px; height: 182px;\" title=\"Ins\u00e4ndare ttela 140213\" \/><\/a><\/p>\n<p>\tNotera att jag v&auml;ljer att visa bilder i st&auml;llet f&ouml;r rena texter. Anledningen till det &auml;r att jag p&aring; inget vis (mer &auml;n n&ouml;dv&auml;ndigt) vill vara delaktig i att hj&auml;lpa till att sprida dessa tokigheter. Allt som skrivs i en blogg av den h&auml;r typen snappas blixtsnabbt upp av sk s&ouml;kmotorer och sedan &auml;r spridningen ett faktum.<\/p>\n<p>\tI och f&ouml;r sig s&aring; skulle min ins&auml;ndare kunna publiceras som text.<\/p>\n<p>\t<span style=\"font-weight: bold;\">Promenad<\/span><br \/>\n\tSamma sv&auml;ng som ig&aring;r.<\/p>\n<p>\t<span style=\"font-weight: bold;\">Budtj&auml;nst<\/span><br \/>\n\tIdag fick jag agera bud. 2st teaterbiljetter skulle levereras till THN.<br \/>\n\tP&aring; v&auml;g dit kom det underkylt regn, i THN &ouml;stra delar, sp&auml;nnande.<br \/>\n\tP&aring; v&auml;g tillbaka strax framme vid den sk Stallabackarondellen s&aring; upplevde jag att det var n&aring;got som liksom blixtrade till mellan instrumentpanelen och vindrutan?<br \/>\n\tStrax d&auml;refter blev den attans varmt om h&ouml;ger fot?<br \/>\n\tIngen konstig lukt. Inga varningslampor. &#39;Bara&#39; onormalt varmt om h&ouml;ger fots h&ouml;ger sida (misst&auml;nkte bla nervillusion, jag f&aring;r det ibland. Fysiologisa nervrelaterade k&auml;nslor, som inte finns).<br \/>\n\tStannade vid Volvo Brandt f&ouml;r att tanka etanol. Passade d&aring; p&aring; att k&ouml;ra ned n&auml;ven ned till h&ouml;ger om h&ouml;gerfoten. Kom &aring;t ett r&ouml;r som var gl&ouml;dhett. Det k&auml;ndes inte normalt. B&auml;st att ringa verkstad i morgon och beskriva symtomen.\n<\/p>\n<p>\n\t<span style=\"font-weight: bold;\">H&auml;lsol&auml;get<\/span>:<br \/>\n\tGanska s&aring; bra. Ingen extramedin idag. Klarat mig p&aring; 5\/6-dels dos. H&ouml;ger kn&auml; &auml;r det som besv&auml;rar mest.<br \/>\n\t<small>[04-08-005-005]<\/small><\/p>\n","protected":false},"excerpt":{"rendered":"<p>Efterlevandebestyr Skannar n&aring;gra bilder fr&aring;n fotoalbum. Hittade n&aring;gra suddiga bilder fr&aring;n mitt 30-&aring;rskalas (kom p&aring; att det bara &auml;r 28 &aring;r sedan&#8230;) Titta p&aring; den h&auml;r bilden (syns det inte s&aring; g&aring;r det att klicka p&aring; bilderna f&ouml;r att se &hellip; <a href=\"https:\/\/blogg.ngn.nu\/index.php\/2014\/02\/13\/nagra-kul-bilder-bla\/\">Forts\u00e4tt l\u00e4sa <span class=\"meta-nav\">&rarr;<\/span><\/a><\/p>\n","protected":false},"author":1,"featured_media":0,"comment_status":"open","ping_status":"closed","sticky":false,"template":"","format":"standard","meta":{"footnotes":""},"categories":[629,741,575,448,884],"tags":[147,243],"class_list":["post-9381","post","type-post","status-publish","format-standard","hentry","category-bil","category-efterlevandebesyr","category-hmm","category-halsa","category-insandare","tag-bilen","tag-promenad"],"_links":{"self":[{"href":"https:\/\/blogg.ngn.nu\/index.php\/wp-json\/wp\/v2\/posts\/9381","targetHints":{"allow":["GET"]}}],"collection":[{"href":"https:\/\/blogg.ngn.nu\/index.php\/wp-json\/wp\/v2\/posts"}],"about":[{"href":"https:\/\/blogg.ngn.nu\/index.php\/wp-json\/wp\/v2\/types\/post"}],"author":[{"embeddable":true,"href":"https:\/\/blogg.ngn.nu\/index.php\/wp-json\/wp\/v2\/users\/1"}],"replies":[{"embeddable":true,"href":"https:\/\/blogg.ngn.nu\/index.php\/wp-json\/wp\/v2\/comments?post=9381"}],"version-history":[{"count":1,"href":"https:\/\/blogg.ngn.nu\/index.php\/wp-json\/wp\/v2\/posts\/9381\/revisions"}],"predecessor-version":[{"id":9382,"href":"https:\/\/blogg.ngn.nu\/index.php\/wp-json\/wp\/v2\/posts\/9381\/revisions\/9382"}],"wp:attachment":[{"href":"https:\/\/blogg.ngn.nu\/index.php\/wp-json\/wp\/v2\/media?parent=9381"}],"wp:term":[{"taxonomy":"category","embeddable":true,"href":"https:\/\/blogg.ngn.nu\/index.php\/wp-json\/wp\/v2\/categories?post=9381"},{"taxonomy":"post_tag","embeddable":true,"href":"https:\/\/blogg.ngn.nu\/index.php\/wp-json\/wp\/v2\/tags?post=9381"}],"curies":[{"name":"wp","href":"https:\/\/api.w.org\/{rel}","templated":true}]}}