{"id":901,"date":"2010-01-23T17:26:31","date_gmt":"2010-01-23T16:26:31","guid":{"rendered":"http:\/\/blogg.ngn.nu\/index.php\/2010\/01\/23\/duktighetsforsok\/"},"modified":"2010-01-23T17:26:31","modified_gmt":"2010-01-23T16:26:31","slug":"duktighetsforsok","status":"publish","type":"post","link":"https:\/\/blogg.ngn.nu\/index.php\/2010\/01\/23\/duktighetsforsok\/","title":{"rendered":"Duktighetsf\u00f6rs\u00f6k"},"content":{"rendered":"<p>s\u00f6mn ok. Kanske inbillning men jag tycker att jag sover b\u00e4ttre nu de senaste n\u00e4tterna \u00e4n tidigare.<\/p>\n<p><strong>Flytt<\/strong><br \/>\nSonen flyttar. Jag st\u00e4llde upp med bil, k\u00f6rhj\u00e4lp och s\u00e5 bar jag ytterst l\u00e4tta saker. Hittade en plasttomte t.ex.<\/p>\n<p>Voff\u00f6r ska ungdomar s\u00e5 gott som undantagsl\u00f6st bo h\u00f6gst upp?<br \/>\nDet \u00e4r v\u00e4l d\u00e4r de lediga l\u00e4genheterna finns f\u00f6rst\u00e5s.<\/p>\n<p>Orkade inte hj\u00e4lpa till hela tiden. Jag fick \u00e5ka hem och l\u00e4gga mig.<\/p>\n<p><strong>Galleri<\/strong><br \/>\nL\u00e4gger &#8217;upp&#8217; lite p\u00e5 galleriet idag ocks\u00e5:<br \/>\nNONSENS<br \/>\n<a href=\"http:\/\/galleri.ngn.nu\/v\/alster\/100123-1987-DSC04402-NONSENS-Kompr70-w800.JPG.html\" target=\"_blank\"><img loading=\"lazy\" decoding=\"async\" src=\"http:\/\/galleri.ngn.nu\/d\/7095-2\/100123-1987-DSC04402-NONSENS-Kompr70-w800.JPG\" alt=\"[Bild: NONSENS]\" title=\"NONSENS\" border=\"0\" height=\"150\" width=\"114\" \/><\/a><\/p>\n<p>Natursiluett<br \/>\n<a href=\"http:\/\/galleri.ngn.nu\/v\/alster\/100123-1983-DSC04403-Natursiluett-Kompr70-w800.JPG.html\" target=\"_blank\"><img loading=\"lazy\" decoding=\"async\" src=\"http:\/\/galleri.ngn.nu\/d\/7099-2\/100123-1983-DSC04403-Natursiluett-Kompr70-w800.JPG\" alt=\"[Bild: Natursiluett]\" title=\"Natursiluett\" border=\"0\" height=\"110\" width=\"150\" \/><\/a><\/p>\n<p>STRANDPLOCK<br \/>\n<a href=\"http:\/\/galleri.ngn.nu\/v\/alster\/100123-1986-DSC04404-STRANDPLOCK-Kompr70-w800.JPG.html\" target=\"_blank\"><img loading=\"lazy\" decoding=\"async\" src=\"http:\/\/galleri.ngn.nu\/d\/7103-2\/100123-1986-DSC04404-STRANDPLOCK-Kompr70-w800.JPG\" alt=\"[Bild: STRANDPLOCK]\" title=\"STRANDPLOCK\" border=\"0\" height=\"116\" width=\"150\" \/><\/a><\/p>\n<p>F\u00d6NSTREN<br \/>\n<a href=\"http:\/\/galleri.ngn.nu\/v\/alster\/100123-1987_DSC04405-Foenstren-Kompr70-w800.JPG.html\" target=\"_blank\"><img loading=\"lazy\" decoding=\"async\" src=\"http:\/\/galleri.ngn.nu\/d\/7107-2\/100123-1987_DSC04405-Foenstren-Kompr70-w800.JPG\" alt=\"[Bild: F\u00d6NSTREN]\" title=\"F\u00d6NSTREN\" border=\"0\" height=\"114\" width=\"150\" \/><\/a><\/p>\n<p>BORE KULLE<br \/>\n<a href=\"http:\/\/galleri.ngn.nu\/v\/alster\/100123-1987-DSC04412-BORE-KULLE-Kompr70-w800.JPG.html\" target=\"_blank\"><img loading=\"lazy\" decoding=\"async\" src=\"http:\/\/galleri.ngn.nu\/d\/7111-2\/100123-1987-DSC04412-BORE-KULLE-Kompr70-w800.JPG\" alt=\"[Bild: BORE KULLE]\" title=\"BORE KULLE\" border=\"0\" height=\"116\" width=\"150\" \/><\/a><\/p>\n<p>ELDM\u00d6RJAN<br \/>\n<a href=\"http:\/\/galleri.ngn.nu\/v\/alster\/100123-1987-DSC04413-ELDMOERJAN-Kompr70-w800.JPG.html\" target=\"_blank\"><img loading=\"lazy\" decoding=\"async\" src=\"http:\/\/galleri.ngn.nu\/d\/7115-4\/100123-1987-DSC04413-ELDMOERJAN-Kompr70-w800.JPG\" alt=\"[Bild: ELDM\u00d6RJAN]\" title=\"ELDM\u00d6RJAN\" border=\"0\" height=\"116\" width=\"150\" \/><\/a><\/p>\n<p>LAXSJ\u00d6N<br \/>\n<a href=\"http:\/\/galleri.ngn.nu\/v\/alster\/100123-1987-DSC04414-LAXSJOEN-Kompr70-w800.JPG.html\" target=\"_blank\"><img loading=\"lazy\" decoding=\"async\" src=\"http:\/\/galleri.ngn.nu\/d\/7119-2\/100123-1987-DSC04414-LAXSJOEN-Kompr70-w800.JPG\" alt=\"[Bild: LAXSJ\u00d6N]\" title=\"LAXSJ\u00d6N\" border=\"0\" height=\"116\" width=\"150\" \/><\/a><\/p>\n<p><strong>Flyttfest<\/strong><br \/>\nSonen har flyttfest. Och jag har vilat mig i form s\u00e5 jag t\u00e4nker h\u00e4nga med p\u00e5 n\u00e5gra \u00f6l och lite pizza.<\/p>\n<p><strong>H\u00e4lsol\u00e4get<\/strong>:<br \/>\nEfter omst\u00e4ndigheterna relativt bra. Jag var klok nog att l\u00e4gga av med flytthj\u00e4lpen i tid och vilade s\u00e5 kroppen \u00e4r nog r\u00e4tt n\u00f6jd med mig.<\/p>\n","protected":false},"excerpt":{"rendered":"<p>s\u00f6mn ok. Kanske inbillning men jag tycker att jag sover b\u00e4ttre nu de senaste n\u00e4tterna \u00e4n tidigare. Flytt Sonen flyttar. Jag st\u00e4llde upp med bil, k\u00f6rhj\u00e4lp och s\u00e5 bar jag ytterst l\u00e4tta saker. Hittade en plasttomte t.ex. Voff\u00f6r ska ungdomar &hellip; <a href=\"https:\/\/blogg.ngn.nu\/index.php\/2010\/01\/23\/duktighetsforsok\/\">Forts\u00e4tt l\u00e4sa <span class=\"meta-nav\">&rarr;<\/span><\/a><\/p>\n","protected":false},"author":1,"featured_media":0,"comment_status":"open","ping_status":"closed","sticky":false,"template":"","format":"standard","meta":{"footnotes":""},"categories":[444,678,448],"tags":[756],"class_list":["post-901","post","type-post","status-publish","format-standard","hentry","category-bilder","category-galleri","category-halsa","tag-flytt"],"_links":{"self":[{"href":"https:\/\/blogg.ngn.nu\/index.php\/wp-json\/wp\/v2\/posts\/901","targetHints":{"allow":["GET"]}}],"collection":[{"href":"https:\/\/blogg.ngn.nu\/index.php\/wp-json\/wp\/v2\/posts"}],"about":[{"href":"https:\/\/blogg.ngn.nu\/index.php\/wp-json\/wp\/v2\/types\/post"}],"author":[{"embeddable":true,"href":"https:\/\/blogg.ngn.nu\/index.php\/wp-json\/wp\/v2\/users\/1"}],"replies":[{"embeddable":true,"href":"https:\/\/blogg.ngn.nu\/index.php\/wp-json\/wp\/v2\/comments?post=901"}],"version-history":[{"count":0,"href":"https:\/\/blogg.ngn.nu\/index.php\/wp-json\/wp\/v2\/posts\/901\/revisions"}],"wp:attachment":[{"href":"https:\/\/blogg.ngn.nu\/index.php\/wp-json\/wp\/v2\/media?parent=901"}],"wp:term":[{"taxonomy":"category","embeddable":true,"href":"https:\/\/blogg.ngn.nu\/index.php\/wp-json\/wp\/v2\/categories?post=901"},{"taxonomy":"post_tag","embeddable":true,"href":"https:\/\/blogg.ngn.nu\/index.php\/wp-json\/wp\/v2\/tags?post=901"}],"curies":[{"name":"wp","href":"https:\/\/api.w.org\/{rel}","templated":true}]}}