{"id":890,"date":"2010-01-15T23:14:55","date_gmt":"2010-01-15T22:14:55","guid":{"rendered":"http:\/\/blogg.ngn.nu\/index.php\/2010\/01\/15\/och-pensionen-den-minskar\/"},"modified":"2010-01-15T23:23:04","modified_gmt":"2010-01-15T22:23:04","slug":"och-pensionen-den-minskar","status":"publish","type":"post","link":"https:\/\/blogg.ngn.nu\/index.php\/2010\/01\/15\/och-pensionen-den-minskar\/","title":{"rendered":"Och pensionen den minskar&#8230;"},"content":{"rendered":"<p>s\u00f6mn; ok. Upp tidigt. En del \u00e5 g\u00f6ra idag.<\/p>\n<p><strong>St\u00e4da<\/strong><br \/>\nI min \u00f6versvallande sn\u00e4llhet lovade jag att helt sk\u00f6ta st\u00e4dningen, inf\u00f6r helgen, s\u00e5 att stackars f\u00f6rv\u00e4rvsarbetande hustrun slappa detta.<\/p>\n<p>Som tur \u00e4r s\u00e5 lovade jag detta i b\u00f6rjan p\u00e5 veckan s\u00e5 jag har faktiskt gjort lite d\u00e5 och d\u00e5.<\/p>\n<p>Men idag var det dammsugningen kvar. Antagligen psykist men idag var det jobbigt. Jobbigare \u00e4n vanligt.<\/p>\n<p>L\u00e4mnar toaletterna till i morgon.<\/p>\n<p><strong>Pensionen<\/strong><br \/>\nJa, jag har ju sjukpension. Jag var s\u00e5 naiv s\u00e5 jag trodde att den d\u00e4r sp\u00e4rren i pensionsystemet skulle begr\u00e4nsa sig till att g\u00e4lla \u00e5lderpension\u00e4rer.<\/p>\n<p>Det var tydligen en naiv tanke eller godtrohet och kanske okunskap.<\/p>\n<p>Jag har f\u00e5tt s\u00e4nkt min sjukpension med 98 SEK.<\/p>\n<p>Detta samtidigt som jag l\u00e4ser att SEB och SwedBank delar ut miljon- och miljardbonusar.<br \/>\nSteg 4 i skattel\u00e4ttnad f\u00f6r de som har jobb.<br \/>\nOch Moderaten Axen tycker inte att det kan bero p\u00e5 tokiga regler f\u00f6r FK att folk tar livet av sig&#8230;<\/p>\n<p>Halta och lytta samt \u00e5ldringar betalar allts\u00e5 numer betydligt mer i skatt, procentuellt, \u00e4n alla andra.<\/p>\n<p>Ni som nu har jobb, bet\u00e4nk nu att de pengar ni f\u00e5r extra, i pl\u00e5nboken. Aldrig ska hamna d\u00e4r, i pl\u00e5nboken. F\u00f6rvalta dem s\u00e5 att ni kan ha dem n\u00e4r ni blir antingen halta \u00e5 lytta eller \u00e5lderpension\u00e4rer.<\/p>\n<p>Det \u00e4r s\u00e5 borgerligheten, nuvarande s.k. alliansen, med bl\u00e5rockarna i spetsen vill ha det.<\/p>\n<p>De vill, att varje medborgare har:<br \/>\n1 m\u00e5nadsl\u00f6n sparad, ifall man skulle bli kortvarigt sjuk.<br \/>\n1 \u00e5rsl\u00f6n sparad, ifall man blir antingen l\u00e5ngvarigt sjuk eller arbetsl\u00f6s.<\/p>\n<p>Notera att period f\u00f6r arbetsl\u00f6shet och l\u00e5ng sjukperiod \u00e4r begr\u00e4nsad till 265 dagar.<\/p>\n<p>Vi kan allts\u00e5 v\u00e4nta ytterligare f\u00f6rs\u00e4mringar i nuvarande s.k. trygghetssystem.<\/p>\n<p>P\u00e5 alliansens agenda st\u00e5r:<br \/>\nF\u00f6rs\u00e4kringskassan ska bort. In med privata f\u00f6rs\u00e4kringsbolag i st\u00e4llet.<br \/>\nIngen h\u00e4lso- och sjukv\u00e5rd ska vara offentlig. All h\u00e4lso- och sjukv\u00e5rd ska vara i privat regi.<br \/>\nInget ska drivas i offentlig regi. Allt ska privatiseras.<\/p>\n<p>I f\u00f6rra valr\u00f6relsen myntade alliansen ett antal uttryck. Tv\u00e5 av dem:<br \/>\n&#8221;Arbetslinjen i st\u00e4llet f\u00f6r bidragslinjen.&#8221; och&#8221;Utanf\u00f6rskap&#8221; (De som var \/ \u00e4r i, annan ekonomisk ers\u00e4ttning \u00e4n inkomst av tj\u00e4nst och kapital, \u00e4r i utanf\u00f6rskap)<\/p>\n<p>N\u00e4r det g\u00e4ller &#8217;Utanf\u00f6rskap&#8217; s\u00e5 vill jag p\u00e5st\u00e5 att jag har aldrig varit med om, i modern tid, i Sverige, att s\u00e5 m\u00e5nga, som nu, hamnat i utanf\u00f6rskap. Ingen inkomst alls.<\/p>\n<p>N\u00e4r det g\u00e4ller &#8217;arbetslinjen i st\u00e4llet f\u00f6r bidragslinjen&#8217; s\u00e5 \u00e4r min \u00f6vertygelse att om vi ska v\u00e4lja mellan svart och vitt:<br \/>\nAntingen har du arbete eller inget alls. [svart]<br \/>\nHar du, tillf\u00e4lligtvis, inget arbete s\u00e5 ska du ha r\u00e4tt till ekonomisk ers\u00e4ttning (solidaritet) [vitt]<\/p>\n<p>I det valet, v\u00e4ljer jag &#8217;bidragslinjen&#8217;.<br \/>\nVem eller vad \u00e4r det som g\u00f6r att en person f\u00f6rlorar jobbet?<br \/>\nHur m\u00e5nga av alla sjukskrivna \u00e4r sjuka p.g.a. att arbetet antingen hetsat dem till sjukdom eller s\u00e5 slits kroppen s\u00f6nder.<\/p>\n<p>Sett ur det perspektivet, \u00e4r det d\u00e5 helt ok att f\u00f6retag f\u00e5r etablera sig med f\u00f6rm\u00e5nliga villkor och sedan l\u00e4gga ned sin verksamhet utan att ta n\u00e5got som helst ansvar. Bet\u00e4nk &#8211; det verkar som om alliansen tycker detta beteende \u00e4r helt ok.<\/p>\n<p>Detta med &#8217;fuskare&#8217;. \u00c4r det inte enklare, m\u00e4nskligare och t.o.m. billigare att jaga just dem.<br \/>\nKan inte se det vettiga i att ans\u00e4tta hela gruppen halta och lytta i tron att p\u00e5 s\u00e5 vis f\u00e5 bukt med fusket.<\/p>\n<p>Reinfeldt \u00e4r ju \u00f6vertygad om att de flesta sjuka Svenskar \u00e4r sjuka f\u00f6r att de vill vara det. Hur ska han annars kunna f\u00f6rklara att Sverige \u00e4r n\u00e4stan v\u00e4rldens sjukaste. Vi l\u00e4r tydligen ha haft en massa sjukskrivna och detta trotts att vi har en av v\u00e4rldens h\u00f6gsta levnadstandarder, v\u00e4lf\u00e4rd.<\/p>\n<p>Var det ingen som forskade fram, analyserade, vad det kom sig att Sverige hade s\u00e5 m\u00e5nga sjuka?<br \/>\nVad var det f\u00f6r diagnoser som h\u00f6ll Svenskarna hemma?<\/p>\n<p>Vad \u00e4r man f\u00f6r sorts regering som g\u00e5r till politiska beslut som t.ex. den s.k. rehabiliteringskedjan, utan att ta reda p\u00e5 s\u00e5dana sj\u00e4lvklara grundfakta?<\/p>\n<p>Socialdemokraterna var dumma i huvudet n\u00e4r de drev igenom att flera hundra tusen med sjukpenning skulle konverteras till sjukers\u00e4ttning.<\/p>\n<p>Det \u00f6ppnade v\u00e4gen f\u00f6r alliansen att g\u00e5 vidare.<\/p>\n<p>Men det de (alliansen) gjorde var huvudl\u00f6st &#8211; och cyniskt. Vill man kalla sig human s\u00e5 \u00e4r det ett ov\u00e4rdigt s\u00e4tt att visa det p\u00e5.<\/p>\n<p><strong>Farsan<\/strong><br \/>\nUtr\u00e4ttade ett antal \u00e4renden. K\u00f6pte snus, \u00f6l, gr\u00e4dde och Kejsarkronor.<\/p>\n<p>\u00c5ss\u00e5 hade jag med mig en utskrift p\u00e5 en kartdel, \u00f6ver ett omr\u00e5de av Trollh\u00e4ttan s\u00e5 som det s\u00e5g ut 1933.<\/p>\n<p>Jag visade pappa den utskriften och fr\u00e5gade om han kunde klura ut vad det var han s\u00e5g och vad det berodde p\u00e5 att jag ville att han skulle klura ut det.<\/p>\n<p>Efter lite kikande och mummel: &#8221;Det \u00e4r ju Karlsberg, d\u00e4r bodde ju vi n\u00e4r jag f\u00f6ddes.&#8221; T\u00e4nk vad smart han \u00e4r! R\u00e4tt p\u00e5 f\u00f6rsta f\u00f6rs\u00f6ket. Sedan satt vi oss ned och tittade n\u00e4rmare. Det g\u00e4llde nu att klura ut vilken av byggnaderna det var. Inte s\u00e5 l\u00e4tt. Pappa bodde bara d\u00e4r n\u00e5gra m\u00e5nader av sitt f\u00f6rsta levnads\u00e5r 1925.<br \/>\n<img loading=\"lazy\" decoding=\"async\" src=\"http:\/\/ngn.nu\/Bilder5\/100115-Karta-1933-Karlsberg-Kompr60-w450.JPG\" alt=\"[Bild: Karlberg, Trollh\u00e4ttan, 1933]\" title=\"Karlberg, Trollh\u00e4ttan, 1933\" height=\"243\" width=\"450\" \/><br \/>\nPilen pekar p\u00e5 den lilla gula fyrkanten (tr\u00e4byggnad) som sannolikt \u00e4r den byggnad som far bodde i.<\/p>\n<p>H\u00e4r \u00e4r en bild d\u00e4r pappa den 24 juli 1956 st\u00e5r vid det som d\u00e5 var kvar av fastigheten han tillbringade sin\u00a0f\u00f6rsta m\u00e5nader i:<br \/>\n<img loading=\"lazy\" decoding=\"async\" src=\"http:\/\/ngn.nu\/Bilder5\/100115-Pappa-vid-Karlberg-Kompr70-w450.JPG\" tile=\"Pappa Karlsberg, Trollh\u00e4ttan\" alt=\"[Bild: Pappa Karlsberg, Trollh\u00e4ttan]\" height=\"316\" width=\"450\" \/><\/p>\n<p>Familjen flyttade sedan till det som kallades Sj\u00f6kullen vid \u00c5kerssj\u00f6. Idag har den platsen adressen \u00c5kerssj\u00f6v\u00e4gen 13.<\/p>\n<p>N\u00e4sta blev det far kallar Lunden 18. Det l\u00e5g i vart fall relativt n\u00e4ra nuvarande korsning; G\u00f6teborgsv\u00e4gen \/ Karlstorpsv\u00e4gen. Nuvarande kvarteret Hyacinten.<br \/>\nN\u00e4r de bodde d\u00e4r gick far sina f\u00f6rsta 2 skol\u00e5r i Oskarsskolan. Fr\u00f6ken Andre.<\/p>\n<p>Linnebergsgatan 3, i kvarteret R\u00f6llekan, blev n\u00e4sta adress.<\/p>\n<p>N\u00e4r mor &amp; far blev ett par flyttade de in i en byggnad, Andersberg 2, som idag har adressen: Ryrv\u00e4gen (6-8).<\/p>\n<p>F\u00f6rst d\u00e4refter flyttade de till Gamla Skolan, p\u00e5 Syltev\u00e4gen 53, kvarteret Mandelblomman. D\u00e4r f\u00f6ddes jag.<\/p>\n<p>F\u00f6rs\u00f6kte hitta ett fotografi som visade Gamla Skolan i sin helhet. Hittade inget. Det var i vart fall en stor h\u00f6g byggnad i tr\u00e4.<\/p>\n<p>Under oss bodde Hilding Johansson och snett ovanf\u00f6r G\u00f6sta Blomryd. Han kanske har n\u00e5gon bild?<\/p>\n<p><strong>Vila<\/strong><br \/>\n\u00c5t lite mat n\u00e4r jag kom hem sedan var det s\u00e4ngen direkt. Sov l\u00e4nge.<\/p>\n<p><strong>Lets Dance<\/strong><br \/>\nSj\u00f6din \u00e4r kvar &#8211; det \u00e4r huvudsaken, f\u00f6r mig&#8230;<\/p>\n<p><strong>H\u00e4lsol\u00e4get<\/strong>:<br \/>\nJ\u00e4vligt tr\u00f6tt.<\/p>\n","protected":false},"excerpt":{"rendered":"<p>s\u00f6mn; ok. Upp tidigt. En del \u00e5 g\u00f6ra idag. St\u00e4da I min \u00f6versvallande sn\u00e4llhet lovade jag att helt sk\u00f6ta st\u00e4dningen, inf\u00f6r helgen, s\u00e5 att stackars f\u00f6rv\u00e4rvsarbetande hustrun slappa detta. Som tur \u00e4r s\u00e5 lovade jag detta i b\u00f6rjan p\u00e5 veckan &hellip; <a href=\"https:\/\/blogg.ngn.nu\/index.php\/2010\/01\/15\/och-pensionen-den-minskar\/\">Forts\u00e4tt l\u00e4sa <span class=\"meta-nav\">&rarr;<\/span><\/a><\/p>\n","protected":false},"author":1,"featured_media":0,"comment_status":"open","ping_status":"closed","sticky":false,"template":"","format":"standard","meta":{"footnotes":""},"categories":[570,444,256,448,672,31,219],"tags":[635,234,867],"class_list":["post-890","post","type-post","status-publish","format-standard","hentry","category-besok-upplevelse-halsa","category-bilder","category-ekonomi","category-halsa","category-nostalgi","category-politik","category-trott","tag-farsan","tag-sjukersattning","tag-stadning"],"_links":{"self":[{"href":"https:\/\/blogg.ngn.nu\/index.php\/wp-json\/wp\/v2\/posts\/890","targetHints":{"allow":["GET"]}}],"collection":[{"href":"https:\/\/blogg.ngn.nu\/index.php\/wp-json\/wp\/v2\/posts"}],"about":[{"href":"https:\/\/blogg.ngn.nu\/index.php\/wp-json\/wp\/v2\/types\/post"}],"author":[{"embeddable":true,"href":"https:\/\/blogg.ngn.nu\/index.php\/wp-json\/wp\/v2\/users\/1"}],"replies":[{"embeddable":true,"href":"https:\/\/blogg.ngn.nu\/index.php\/wp-json\/wp\/v2\/comments?post=890"}],"version-history":[{"count":0,"href":"https:\/\/blogg.ngn.nu\/index.php\/wp-json\/wp\/v2\/posts\/890\/revisions"}],"wp:attachment":[{"href":"https:\/\/blogg.ngn.nu\/index.php\/wp-json\/wp\/v2\/media?parent=890"}],"wp:term":[{"taxonomy":"category","embeddable":true,"href":"https:\/\/blogg.ngn.nu\/index.php\/wp-json\/wp\/v2\/categories?post=890"},{"taxonomy":"post_tag","embeddable":true,"href":"https:\/\/blogg.ngn.nu\/index.php\/wp-json\/wp\/v2\/tags?post=890"}],"curies":[{"name":"wp","href":"https:\/\/api.w.org\/{rel}","templated":true}]}}