{"id":871,"date":"2009-12-30T20:34:27","date_gmt":"2009-12-30T19:34:27","guid":{"rendered":"http:\/\/blogg.ngn.nu\/index.php\/2009\/12\/30\/en-dag-kvar-sedan-ar-det-2010-valar\/"},"modified":"2009-12-30T20:34:52","modified_gmt":"2009-12-30T19:34:52","slug":"en-dag-kvar-sedan-ar-det-2010-valar","status":"publish","type":"post","link":"https:\/\/blogg.ngn.nu\/index.php\/2009\/12\/30\/en-dag-kvar-sedan-ar-det-2010-valar\/","title":{"rendered":"En dag kvar&#8230; sedan \u00e4r det 2010 (val\u00e5r)"},"content":{"rendered":"<p>s\u00f6mn; ok. Tyckte att jag gick och lade mig tidigt, ca 23:30. Vaknade av klockan, 08:00.<\/p>\n<p><strong>Bes\u00f6k<\/strong><br \/>\n<small><small>(Kan allts\u00e5 per definition vara dubbelriktat. Jag f\u00e5r bes\u00f6k eller vi \u00e5ker och bes\u00f6ker n\u00e5gon)<br \/>\n<\/small><\/small>Vi \u00e5kte och h\u00e4mtade min far. Vi \u00e5kte f\u00f6r att bes\u00f6ka mina brorsbarns morfar. Den gubben och min far gillar varandra och nu fanns han tillg\u00e4nglig, p\u00e5 ett sjukhus, inte allt f\u00f6r l\u00e5ngt bort.<\/p>\n<p>Vi blev lite sena men det hela blev trevligt.<\/p>\n<p><strong>Mat<\/strong><br \/>\nEfter lite s\u00f6kande, i Trollh\u00e4ttan, hamnade vi p\u00e5 St\u00e5lverket. Jag \u00e5t k\u00f6tt och hustrun fisk.<\/p>\n<p>De hade tydligen extrahj\u00e4lp idag. N\u00e4r jag h\u00e4mtade kaffe till mig fr\u00e5gade jag efter te till hustrun och fick till svar, av en ung pojk: &#8221;Vi har tyv\u00e4rr inget te.&#8221;<\/p>\n<p>Utan att h\u00f6ja p\u00e5 \u00f6gonbrynen gick jag bort till &#8217;kassan&#8217; och fr\u00e5gade pojkens mamma*: &#8221;Hustrun vill ha te, kan ni ordna det?&#8221;. Svar: &#8221;Javisst, be henne komma fram och v\u00e4lja smak bara s\u00e5 fixar jag det.&#8221;<\/p>\n<p>Samma person, personalmamman, var ocks\u00e5 orsak till en mycket sm\u00e5lustig sak. P\u00e5 menyn stod det att de hade rabatt, f\u00f6r pension\u00e4rer. Jag \u00e4r ju pension\u00e4r. Och f\u00f6r en g\u00e5ng skull hade jag ett giltligt intyg, fr\u00e5n F\u00f6rs\u00e4kringskassan, med mig.<\/p>\n<p>N\u00e4r jag skulle betala l\u00e4mnade jag fram intyget, mitt k\u00f6rkort och mitt visakort. Genast fick jag tillbaka intyget fr\u00e5n F\u00f6rs\u00e4kringskassan med orden: &#8221;Det d\u00e4r ska inte jag ha, det ska F\u00f6rs\u00e4kringskassan ha.&#8221;<br \/>\nP\u00e5 det m\u00e5ste jag ju svara: &#8221;Det d\u00e4r \u00e4r intyget som visar att jag \u00e4r pension\u00e4r och har r\u00e4tt till pension\u00e4rsrabatten.&#8221;<br \/>\nPersonalmamman, samtidigt som hon tar tillbaka det inplastade intyget: &#8221;\u00c5h, och det var en pensionsrabatt sa du?&#8221;<br \/>\nJag, mitt dumma f\u00e5n: &#8221;Ja.&#8221;<\/p>\n<p>Undrar om vi hade f\u00e5tt tv\u00e5 pension\u00e4rsrabatter om jag sagt det? D\u00e5 hade vi &#8217;tj\u00e4nat&#8217; 2&#215;7 SEK.<\/p>\n<p>*ja, jag hade klurat ut det efter att ofrivilligt ha f\u00e5tt lyssna p\u00e5 ett samtal, mellan personalpojken och en personalflicka, d\u00e4r ett av svaren, fr\u00e5n pojken var: &#8221;G\u00e5 och fr\u00e5ga mamma.&#8221;<\/p>\n<p><strong>Handla<\/strong><br \/>\nAtt handla, kan vara en spik i kistan. N\u00e5gonstans vid frysdiskarna, i ICA Maxi, \u00d6verby K\u00f6pcenter, sa min rygg ifr\u00e5n. Det h\u00f6gg till i h\u00f6ger l\u00e4ndrygg.<\/p>\n<p>Hustrun fick sk\u00f6ta &#8217;resten&#8217;. Jag tog det lite lugnare.<\/p>\n<p><strong>Bok<\/strong><br \/>\nHar b\u00f6rjat l\u00e4sa en bok: <em>Den F\u00f6rlorade Symbolen<\/em>, Dan Brown, ISBN: 978-91-0-010646-1<\/p>\n<p>Jag gillar skarpt hans b\u00f6cker och vill g\u00e4rna ha tips p\u00e5 liknande.<\/p>\n<p><strong>H\u00e4lsol\u00e4get<\/strong>:<br \/>\nMed tanke p\u00e5 ryggvarningen; b\u00e4ttre. Har legat i s\u00e4ngen en stund och ska tillbaka dit nu.<\/p>\n","protected":false},"excerpt":{"rendered":"<p>s\u00f6mn; ok. Tyckte att jag gick och lade mig tidigt, ca 23:30. Vaknade av klockan, 08:00. Bes\u00f6k (Kan allts\u00e5 per definition vara dubbelriktat. Jag f\u00e5r bes\u00f6k eller vi \u00e5ker och bes\u00f6ker n\u00e5gon) Vi \u00e5kte och h\u00e4mtade min far. Vi \u00e5kte &hellip; <a href=\"https:\/\/blogg.ngn.nu\/index.php\/2009\/12\/30\/en-dag-kvar-sedan-ar-det-2010-valar\/\">Forts\u00e4tt l\u00e4sa <span class=\"meta-nav\">&rarr;<\/span><\/a><\/p>\n","protected":false},"author":1,"featured_media":0,"comment_status":"open","ping_status":"closed","sticky":false,"template":"","format":"standard","meta":{"footnotes":""},"categories":[570],"tags":[745],"class_list":["post-871","post","type-post","status-publish","format-standard","hentry","category-besok-upplevelse-halsa","tag-bok"],"_links":{"self":[{"href":"https:\/\/blogg.ngn.nu\/index.php\/wp-json\/wp\/v2\/posts\/871","targetHints":{"allow":["GET"]}}],"collection":[{"href":"https:\/\/blogg.ngn.nu\/index.php\/wp-json\/wp\/v2\/posts"}],"about":[{"href":"https:\/\/blogg.ngn.nu\/index.php\/wp-json\/wp\/v2\/types\/post"}],"author":[{"embeddable":true,"href":"https:\/\/blogg.ngn.nu\/index.php\/wp-json\/wp\/v2\/users\/1"}],"replies":[{"embeddable":true,"href":"https:\/\/blogg.ngn.nu\/index.php\/wp-json\/wp\/v2\/comments?post=871"}],"version-history":[{"count":0,"href":"https:\/\/blogg.ngn.nu\/index.php\/wp-json\/wp\/v2\/posts\/871\/revisions"}],"wp:attachment":[{"href":"https:\/\/blogg.ngn.nu\/index.php\/wp-json\/wp\/v2\/media?parent=871"}],"wp:term":[{"taxonomy":"category","embeddable":true,"href":"https:\/\/blogg.ngn.nu\/index.php\/wp-json\/wp\/v2\/categories?post=871"},{"taxonomy":"post_tag","embeddable":true,"href":"https:\/\/blogg.ngn.nu\/index.php\/wp-json\/wp\/v2\/tags?post=871"}],"curies":[{"name":"wp","href":"https:\/\/api.w.org\/{rel}","templated":true}]}}