{"id":868,"date":"2009-12-27T20:54:55","date_gmt":"2009-12-27T19:54:55","guid":{"rendered":"http:\/\/blogg.ngn.nu\/index.php\/2009\/12\/27\/vardagen-gor-sig-pamind\/"},"modified":"2009-12-27T20:54:55","modified_gmt":"2009-12-27T19:54:55","slug":"vardagen-gor-sig-pamind","status":"publish","type":"post","link":"https:\/\/blogg.ngn.nu\/index.php\/2009\/12\/27\/vardagen-gor-sig-pamind\/","title":{"rendered":"Vardagen g\u00f6r sig p\u00e5mind"},"content":{"rendered":"<p>s\u00f6mn ok<\/p>\n<p><strong>Tova<\/strong><br \/>\nSlutbild p\u00e5 Tova (f\u00f6r den h\u00e4r g\u00e5ngen):<br \/>\n<img loading=\"lazy\" decoding=\"async\" src=\"http:\/\/ngn.nu\/Bilder5\/091227-DSC02765-Tova-Kompr60-w450.JPG\" alt=\"[Bild: Tova]\" title=\"Toav\" height=\"351\" width=\"450\" \/><br \/>\nNu har ungdomarna \u00e5kte iv\u00e4g. Hem mot sitt G\u00e4vle.<\/p>\n<p>Lugnet l\u00e4grar sig \u00f6ver l\u00e4genheten (utan att det egentligen varit st\u00f6kigt) och katten tar snabbt tillbaka sina revir.<\/p>\n<p>Han, katten, gillade inte Tova.<\/p>\n<p><strong>Promenad<\/strong><br \/>\nSp\u00e4nnande. Stundtals glashalt. Ingen vagn att h\u00e5lla i. Stavarna fick jobba ordentligt. Mer som st\u00f6d \u00e4n som r\u00f6relsebefr\u00e4mjare.<\/p>\n<p>Lekte Zorro mot en uppk\u00e4ftig sn\u00f6klump. Det fick jag genast sluta med. Ryggen gillade inte det. Slutsatsen av det m\u00e5ste tolkas som att sn\u00f6klumpen vann?<\/p>\n<p><strong>Vila<\/strong><br \/>\nDet \u00e4r nog en massa sp\u00e4nningar som sl\u00e4pper. Lade mig p\u00e5 s\u00e4ngen (ca 15:00) och slocknade helt. Vaknade vid ca 19:00.<\/p>\n<p><strong>Arbetslinjen<\/strong><br \/>\nR\u00e4tt s\u00e5 f\u00f6rbannad &#8211; och ledsen, f\u00f6rtvivlad m.m.<\/p>\n<p>Arbetsgivare som t.ex. VGregionen, har ju startat en klappjakt i alliansens anda p\u00e5 s.k. omplacerade. De ska v\u00e4ck.<\/p>\n<p>Man k\u00e4nner sig maktl\u00f6s mot all denna massiva, just det; massiva, cynism som just nu drar som en isande kall vind genom det Sverige jag k\u00e4nner till. Snart m\u00e5ste jag skriva: &#8221;K\u00e4nde till.&#8221; I alla fall ett Sverige som v\u00e4rnade om trygghet, r\u00e4ttvisa och j\u00e4mlikhet.<\/p>\n<p>Har skickat en ins\u00e4ndare till lokalblaskan <font color=\"#cc0000\"><strong><font face=\"Helvetica, Arial, sans-serif\">ttela<\/font><\/strong> <\/font>(kommer kanske in p\u00e5 tisdag?):<\/p>\n<p><center><\/p>\n<div style=\"text-align: left; width: 300px; background-color: #f9f9ed\">\n<p>&#8221;Arbetslinjen<br \/>\nDet \u00e4r val\u00e5r strax. Konjunkturen har inte g\u00e5tt alliansen i h\u00e4nderna. Eller har den kanske det? Om den &#8217;underliggande&#8217; m\u00e5ls\u00e4ttningen \u00e4r att ingen ska k\u00e4nna sig s\u00e4ker s\u00e5 g\u00e5r ju det hela lysande!<\/p>\n<p>Klappjakten p\u00e5 halta och lytta inom sjukf\u00f6rs\u00e4kringssystemet beh\u00f6ver inte oreras mer om. Sjuka ska s\u00f6ka jobb. Oavsett tillg\u00e5ng till l\u00e4mpliga jobb.<\/p>\n<p>De som har jobb men som inte \u00e4r helt friska (omplacerade) ska s\u00e4gas upp p.g.a. arbetsbrist (\u00e4ven om det i praktiken inte r\u00e5der arbetsbrist. Sanningen \u00e4r mer att det saknas ekonomiska resurser). Regelverk ger arbetsgivare den r\u00e4tten. Vilka jobb ska de s\u00f6ka?<\/p>\n<p>Hur g\u00e5r det ihop?<\/p>\n<p>Blir det mer pengar tillg\u00e4ngliga om fler, medvetet, rycks ur sin trygghet?<\/p>\n<p>Om detta inte \u00e4r utanf\u00f6rskap, vad \u00e4r det i s\u00e5 fall?<\/p>\n<p>Nils-Gunnar Nordlund&#8221;<\/p>\n<\/div>\n<p><\/center><\/p>\n<p> D\u00e5 har jag i vart fall gjort n\u00e5got. Jag kan inte bara tiga still.<\/p>\n<p><strong>H\u00e4lsol\u00e4get<\/strong>:<br \/>\nF\u00e5r godk\u00e4nt.<\/p>\n","protected":false},"excerpt":{"rendered":"<p>s\u00f6mn ok Tova Slutbild p\u00e5 Tova (f\u00f6r den h\u00e4r g\u00e5ngen): Nu har ungdomarna \u00e5kte iv\u00e4g. Hem mot sitt G\u00e4vle. Lugnet l\u00e4grar sig \u00f6ver l\u00e4genheten (utan att det egentligen varit st\u00f6kigt) och katten tar snabbt tillbaka sina revir. Han, katten, gillade &hellip; <a href=\"https:\/\/blogg.ngn.nu\/index.php\/2009\/12\/27\/vardagen-gor-sig-pamind\/\">Forts\u00e4tt l\u00e4sa <span class=\"meta-nav\">&rarr;<\/span><\/a><\/p>\n","protected":false},"author":1,"featured_media":0,"comment_status":"open","ping_status":"closed","sticky":false,"template":"","format":"standard","meta":{"footnotes":""},"categories":[444,273,31],"tags":[243,612],"class_list":["post-868","post","type-post","status-publish","format-standard","hentry","category-bilder","category-jobb","category-politik","tag-promenad","tag-tova"],"_links":{"self":[{"href":"https:\/\/blogg.ngn.nu\/index.php\/wp-json\/wp\/v2\/posts\/868","targetHints":{"allow":["GET"]}}],"collection":[{"href":"https:\/\/blogg.ngn.nu\/index.php\/wp-json\/wp\/v2\/posts"}],"about":[{"href":"https:\/\/blogg.ngn.nu\/index.php\/wp-json\/wp\/v2\/types\/post"}],"author":[{"embeddable":true,"href":"https:\/\/blogg.ngn.nu\/index.php\/wp-json\/wp\/v2\/users\/1"}],"replies":[{"embeddable":true,"href":"https:\/\/blogg.ngn.nu\/index.php\/wp-json\/wp\/v2\/comments?post=868"}],"version-history":[{"count":0,"href":"https:\/\/blogg.ngn.nu\/index.php\/wp-json\/wp\/v2\/posts\/868\/revisions"}],"wp:attachment":[{"href":"https:\/\/blogg.ngn.nu\/index.php\/wp-json\/wp\/v2\/media?parent=868"}],"wp:term":[{"taxonomy":"category","embeddable":true,"href":"https:\/\/blogg.ngn.nu\/index.php\/wp-json\/wp\/v2\/categories?post=868"},{"taxonomy":"post_tag","embeddable":true,"href":"https:\/\/blogg.ngn.nu\/index.php\/wp-json\/wp\/v2\/tags?post=868"}],"curies":[{"name":"wp","href":"https:\/\/api.w.org\/{rel}","templated":true}]}}