{"id":855,"date":"2009-12-14T23:38:17","date_gmt":"2009-12-14T21:38:17","guid":{"rendered":"http:\/\/blogg.ngn.nu\/index.php\/2009\/12\/14\/svinig-mandag\/"},"modified":"2009-12-14T23:38:17","modified_gmt":"2009-12-14T21:38:17","slug":"svinig-mandag","status":"publish","type":"post","link":"https:\/\/blogg.ngn.nu\/index.php\/2009\/12\/14\/svinig-mandag\/","title":{"rendered":"&#8217;Svinig&#8217; M\u00e5ndag"},"content":{"rendered":"<p>s\u00f6mn, lite f\u00f6r l\u00e4nge enligt mitt tycke, 08:30.<\/p>\n<p><strong>Dagens promenad<\/strong><br \/>\nBlev den l\u00e5nga runt Karls Grav (kanalen mellan Gropbron (klaffbron) och Brinkebergskulle sluss)<\/p>\n<p>Tog en bild p\u00e5 ett hus som jag tror att en f\u00f6rfader till mig bott i, en Svanstr\u00f6mmare. Min farmors pappa.<br \/>\n[Bilder kommer&#8230;]<\/p>\n<p><strong>Bastu<\/strong><br \/>\nB\u00f6rjar f\u00e5 snits p\u00e5 det nu. L\u00e4gre temperatur, fuktigare och l\u00e4ngre tid.<\/p>\n<p><strong>Vaccination<\/strong><br \/>\nNu blev det av ca 15:30 fick jag min vaccination mot Svininfluensa A\/H1N1. Nu f\u00e5r de kommande dagarna visa hur jag reagerar.<\/p>\n<p><strong>Veterin\u00e4ren<\/strong><br \/>\n\u00c5kte dit f\u00f6r att k\u00f6pa specialfoder till katten. Det var slut s\u00e5 nu \u00e4r det best\u00e4llt.<\/p>\n<p><strong>Paket<\/strong><br \/>\nMycket idag. Ett paket v\u00e4ntade p\u00e5 att bli h\u00e4mtat vid paketutl\u00e4mningen. Paketet inneh\u00f6ll en bok: NATIONALNYCKELN DH 53b Tv\u00e5vingar: Blomflugor. Tiptera: Syrphidae: Ersistalinae &amp; Microdontinae. Samtliga nordiska arter. ArtDatabanken. ISBN 9789188506702 (270 SEK)<\/p>\n<p>Nu \u00e4r det kris. Den har jag inga pengar till s\u00e5 betalningen m\u00e5ste v\u00e4nta tills sjukpensionen kommer.<\/p>\n<p><strong>EL-Ritning<\/strong><br \/>\nVar ned till bostadsr\u00e4ttsf\u00f6reningen kontor och fotograferade av EL-ritningen \u00f6ver l\u00e4genheten. Inte just v\u00e5r l\u00e4genhet utan en s.k. typl\u00e4genhet. Undrar om det betyder att det kan finnas avvikelser&#8230;?<br \/>\n<img loading=\"lazy\" decoding=\"async\" src=\"http:\/\/ngn.nu\/Bilder5\/091214-DSCN0653-EL-lgn111-kompr70-w450.JPG\" alt=\"[Bild: EL-Ritning lgn 111]\" title=\"EL-Ritning lgn 111\" height=\"579\" width=\"450\" \/><br \/>\nDet jag kan utl\u00e4sa \u00e4r att jag har varit och rotat p\u00e5 &#8217;fel&#8217; st\u00e4llen (&#8217;SOVRUM&#8217;). I tron att jag skulle kunna n\u00e5 &#8217;VARD RUM&#8217; d\u00e4rifr\u00e5n och vidare in i &#8217;K\u00d6K&#8217;.<br \/>\nVill jag ha s.k. trappstr\u00f6mbrytare f\u00f6r lamporna \u00f6ver k\u00f6ksdelen s\u00e5 m\u00e5ste jag dra tre kablar (en gr\u00f6n och tv\u00e5 bruna) fr\u00e5n str\u00f6mbrytaren mellan &#8217;VARD RUM&#8217; och &#8217;K\u00d6K&#8217;, via &#8217;centralen&#8217; i &#8217;KPR&#8217;. Fr\u00e5n den, &#8217;centralen&#8217;, till &#8217;f\u00f6rsta&#8217; lampan i hallen och d\u00e4r\u00edfr\u00e5n ned till str\u00f6mbrytaren i &#8217;MATPLATS&#8217;.<br \/>\nTrappstr\u00f6mbrytaren (v\u00e4nstra)  i &#8217;MATPLATS&#8217; ska bytas ut mot en dubbel s.k. trappstr\u00f6mbrytare. Likas\u00e5 ska str\u00f6mbrytaren i &#8217;K\u00d6K&#8217; (den mot &#8217;VARD RUM&#8217;) bytas ut mot en enkel trappstr\u00f6mbrytare. Samtliga inf\u00e4llda och f\u00f6r v\u00e4gg.<\/p>\n<p><strong>H\u00e4lsol\u00e4get<\/strong>:<br \/>\nDet var v\u00e4ldigt, v\u00e4ldigt segt och stelt i morses. Promenaden och bastun gjorde gott.<\/p>\n","protected":false},"excerpt":{"rendered":"<p>s\u00f6mn, lite f\u00f6r l\u00e4nge enligt mitt tycke, 08:30. Dagens promenad Blev den l\u00e5nga runt Karls Grav (kanalen mellan Gropbron (klaffbron) och Brinkebergskulle sluss) Tog en bild p\u00e5 ett hus som jag tror att en f\u00f6rfader till mig bott i, en &hellip; <a href=\"https:\/\/blogg.ngn.nu\/index.php\/2009\/12\/14\/svinig-mandag\/\">Forts\u00e4tt l\u00e4sa <span class=\"meta-nav\">&rarr;<\/span><\/a><\/p>\n","protected":false},"author":1,"featured_media":0,"comment_status":"open","ping_status":"closed","sticky":false,"template":"","format":"standard","meta":{"footnotes":""},"categories":[444,591,99],"tags":[243,740],"class_list":["post-855","post","type-post","status-publish","format-standard","hentry","category-bilder","category-hushallet","category-sjukdom","tag-promenad","tag-vaccination"],"_links":{"self":[{"href":"https:\/\/blogg.ngn.nu\/index.php\/wp-json\/wp\/v2\/posts\/855","targetHints":{"allow":["GET"]}}],"collection":[{"href":"https:\/\/blogg.ngn.nu\/index.php\/wp-json\/wp\/v2\/posts"}],"about":[{"href":"https:\/\/blogg.ngn.nu\/index.php\/wp-json\/wp\/v2\/types\/post"}],"author":[{"embeddable":true,"href":"https:\/\/blogg.ngn.nu\/index.php\/wp-json\/wp\/v2\/users\/1"}],"replies":[{"embeddable":true,"href":"https:\/\/blogg.ngn.nu\/index.php\/wp-json\/wp\/v2\/comments?post=855"}],"version-history":[{"count":0,"href":"https:\/\/blogg.ngn.nu\/index.php\/wp-json\/wp\/v2\/posts\/855\/revisions"}],"wp:attachment":[{"href":"https:\/\/blogg.ngn.nu\/index.php\/wp-json\/wp\/v2\/media?parent=855"}],"wp:term":[{"taxonomy":"category","embeddable":true,"href":"https:\/\/blogg.ngn.nu\/index.php\/wp-json\/wp\/v2\/categories?post=855"},{"taxonomy":"post_tag","embeddable":true,"href":"https:\/\/blogg.ngn.nu\/index.php\/wp-json\/wp\/v2\/tags?post=855"}],"curies":[{"name":"wp","href":"https:\/\/api.w.org\/{rel}","templated":true}]}}