{"id":837,"date":"2009-09-25T23:20:05","date_gmt":"2009-09-25T21:20:05","guid":{"rendered":"http:\/\/blogg.ngn.nu\/index.php\/2009\/09\/25\/vilken-dag\/"},"modified":"2009-09-25T23:20:05","modified_gmt":"2009-09-25T21:20:05","slug":"vilken-dag","status":"publish","type":"post","link":"https:\/\/blogg.ngn.nu\/index.php\/2009\/09\/25\/vilken-dag\/","title":{"rendered":"Vilken dag&#8230;"},"content":{"rendered":"<p> s\u00f6mn ok<\/p>\n<p><strong>L\u00e4karsamtal<\/strong><br \/>\nRutinerna \u00e4r lite m\u00e4rkliga? H\u00e4r ringer en doktor och fr\u00e5gar vad det g\u00e4ller. Han fick allts\u00e5 inga uppgifter om att vad det g\u00e4llde.<\/p>\n<p>Och givetvis b\u00f6rjade han ifr\u00e5gas\u00e4tta och mena att det d\u00e4r var Apotekets uppgift och d\u00e5 talade jag om f\u00f6r doktorn att jag varit i kontakt med Apoteket och ja, de utf\u00e4rdar intyg, om bes\u00f6kslandet ligger inom EU eller tillh\u00f6r schengenavtalet. Turkiet ligger utanf\u00f6r b\u00e4gge.<\/p>\n<p>Sedan ifr\u00e5gasatte han m\u00e4ngden l\u00e4kemedel, det g\u00f6r jag med svarade jag d\u00e5 och undrade om han hade b\u00e4ttre alternativ &#8211; tystnad&#8230;<\/p>\n<p>Han lovade i vart fall att se vad han kunde g\u00f6ra p\u00e5 den lilla tid han hade. Var l\u00e4r sig doktorer hur de ska uttrycka sig?<\/p>\n<p>Vi f\u00e5r v\u00e4l se om jag hinner f\u00e5 n\u00e5got &#8217;intyg&#8217;, innan jag \u00e5ker&#8230;<\/p>\n<p><strong>Resplanering<\/strong><br \/>\nH\u00f6r inte l\u00e4genhetsuthyraren av sig idag under f\u00f6rmiddagen ang\u00e5ende &#8217;transfer&#8217; s\u00e5 skippar jag den och ordnar transport sj\u00e4lv. Mina nerver klarar inte att &#8217;v\u00e4nta&#8217;.<\/p>\n<p>Nu har jag bokat ett hotell:<br \/>\nBacchus Pension, Kili\u00e7aslan Mh. Zeytincikmaz Sokak No 6, 07700 Antalya<br \/>\n\u20ac17 = 172 SEK = 37 Lira 11 Kurus<br \/>\n091002-091003<\/p>\n<p>Efter att jag har landat i Antalya 091002 kl 21:20 och kommit ut ur terminalbyggnaden s\u00e5 tar jag en taxi de ca 13-17 km till hotellet, 20-25 min (ca pris: 13-17 Lira = 6,5-8,5\u20ac = 65-85 SEK)<\/p>\n<p>Morgonen d\u00e4rp\u00e5, 091003, \u00e4ter jag frukost i lugn och ro. Checkar ut. Tar en taxi till Antalya busstation (otogar) ca 10 km (10 Lira = 5\u20ac = 50 SEK)<\/p>\n<p>Buss fr\u00e5n Antalya till Alanya Pris: Inte en susning 50-60 SEK (5-6\u20ac = 10-12 Lira)?<\/p>\n<p>Taxi fr\u00e5n Alanya busstation (otogar) till l\u00e4genheten. Avst\u00e5nd ca 2,5 km. 15 SEK (1,5\u20ac = 7 Lira 50 Kuras)<\/p>\n<p>Jag har f\u00e5tt telefonnummer till kontaktpersonen. Ringer denne under f\u00f6rmiddagen n\u00e4r jag vet vilken buss jag hamnar p\u00e5. Enligt uppgift kommer kontaktpersonen (kanske) att m\u00f6ta upp vid l\u00e4genheten.<\/p>\n<p>Nu har jag betala hyran f\u00f6r oktober (2500 SEK) plus en deposition (1000 SEK). Summa: 3500 SEK<\/p>\n<p>V\u00e4rt att notera: Flera l\u00e4nder \/ turister m\u00e5ste betala en visumkostnad innan de f\u00e5r l\u00e4mna t.ex. en flygterminal. Vi svenskar \u00e4r befriade fr\u00e5n den visumkostnaden om vi stannar kortare tid \u00e4n 90 dagar.<br \/>\nL\u00e4s mer p\u00e5:\u00a0<a href=\"http:\/\/www.mfa.gov.tr\/visa-information-for-foreigners.en.mfa\" target=\"_blank\">Visa Information For Foreigners \/ Rep. of Turkey Ministry of Foreign Affairs<\/a>.<\/p>\n<p><strong>Mobilt Kontantkort utomlands<\/strong><br \/>\nOm jag beh\u00e5ller mitt Svenska Comviq kontantkort i min Svenska mobil s\u00e5 verkar det som allt kommer att fungera men det blir dyrt att telefonera, typ 8-20 SEK per p\u00e5b\u00f6rjat samtal, f\u00f6rsta minuten.<\/p>\n<p>SMS-kostnad kan jag tydligen f\u00e5 ned om jag laddar med &#8217;Amigo&#8217; (?)<br \/>\nEnda prisuppgiften jag hittar \u00e4r att det kostar 3,5 SEK att skicka SMS, fr\u00e5n Turkiet.<\/p>\n<p>Om jag k\u00f6per ett Turkist kontantkort t.ex. turkcell och stoppar det i min Svenska mobil s\u00e5 &#8217;kan&#8217; den l\u00e5sas om den inte registrerats vid ankomsten, telefonen allts\u00e5. Detta m\u00e5ste v\u00e4l vara nys?<\/p>\n<p>Hittade den h\u00e4r informationen fr\u00e5n Ving:<br \/>\n&#8221;Det finns Turkiska kontantkort att k\u00f6pa.<br \/>\nOBS! En ny lag g\u00e4ller fr\u00e5n 2007. K\u00f6per du ett turkiskt SIM-kort och anv\u00e4nder det i en mobil som inte \u00e4r ink\u00f6pt i landet, kan numret st\u00e4ngas av efter ca 14 dagar; detta p\u00e5 grund av att m\u00e5nga st\u00f6lder f\u00f6rekommer av mobiler och att telefonsmuggling fr\u00e5n utlandet sker.&#8221;<\/p>\n<p>Vad kostar en Turkisk kontankortstelefon?<\/p>\n<p>ICA s\u00e4ljer nu en operat\u00f6rsoberoende Nokia med telia refill f\u00f6r 199 SEK. D\u00e5 f\u00e5r man ju &#8217;f\u00e4rska&#8217; k\u00f6pehandlingar och d\u00e5 b\u00f6r ju den telefonen vara relativt l\u00e4tt att registrera, i Turkiet. Men vad kostar det att registrera?<\/p>\n<p>Vilken j\u00e4kla r\u00f6ra&#8230;<\/p>\n<p><strong>Galleriet<\/strong><br \/>\nHar f\u00e5tt till\u00f6kning:<br \/>\n<a href=\"http:\/\/galleri.ngn.nu\/v\/alster\/090925-1979-DSC04367-BlaVaext-Kompr70-w800.JPG.html\" target=\"_blank\"><img loading=\"lazy\" decoding=\"async\" src=\"http:\/\/galleri.ngn.nu\/d\/231-2\/090925-1979-DSC04367-BlaVaext-Kompr70-w800.JPG\" alt=\"[Bild: Galleriet: Bl\u00e5 V\u00e4xt]\" title=\"Galleriet: Bl\u00e5 V\u00e4xt\" border=\"0\" height=\"150\" width=\"112\" \/><\/a><br \/>\nBl\u00e5 V\u00e4xt<\/p>\n<p><a href=\"http:\/\/galleri.ngn.nu\/v\/alster\/090925-1984-DSC04368-KusinBarnmorska-Kompr70-w1600.JPG.html\" target=\"_blank\"><img loading=\"lazy\" decoding=\"async\" src=\"http:\/\/galleri.ngn.nu\/d\/235-4\/090925-1984-DSC04368-KusinBarnmorska-Kompr70-w1600.JPG\" alt=\"[Bild: Galleriet: Kusin Barnmorska]\" title=\"Galleriet: Kusin Barnmorska\" border=\"0\" height=\"109\" width=\"150\" \/><\/a><br \/>\nKusin Barnmorska<\/p>\n<p> <a href=\"http:\/\/galleri.ngn.nu\/v\/alster\/090925-1987-DSC04375-Haestarna-Kompr70-w1600.JPG.html\" target=\"_blank\"><img loading=\"lazy\" decoding=\"async\" src=\"http:\/\/galleri.ngn.nu\/d\/239-2\/090925-1987-DSC04375-Haestarna-Kompr70-w1600.JPG\" alt=\"[Bild: Galleriet: H\u00c4STARNA]\" title=\"Galleriet: H\u00c4STARNA\" border=\"0\" height=\"108\" width=\"150\" \/><\/a><br \/>\nH\u00c4STARNA<\/p>\n<p><a href=\"http:\/\/galleri.ngn.nu\/v\/alster\/090925-1987-DSC04376-Traestubben-Kompr70-w1600.JPG.html\" target=\"_blank\"><img loading=\"lazy\" decoding=\"async\" src=\"http:\/\/galleri.ngn.nu\/d\/243-2\/090925-1987-DSC04376-Traestubben-Kompr70-w1600.JPG\" alt=\"[Bild: Galleriet: TR\u00c4STUBBEN]\" title=\"Galleriet: TR\u00c4STUBBEN\" border=\"0\" height=\"108\" width=\"150\" \/><\/a><br \/>\nTR\u00c4STUBBEN<\/p>\n<p><strong>Dr\u00f6ml\u00e4ge<\/strong><br \/>\nVi har varit p\u00e5 invigning av Arena V\u00e4nersborg<br \/>\n<img loading=\"lazy\" decoding=\"async\" src=\"http:\/\/ngn.nu\/Bilder5\/090925-DSC04618-ArenaVBG-Kompr70-w400.JPG\" alt=\"[Bild: Arena V\u00e4nersborg]\" title=\"Arena V\u00e4nersborg\" height=\"275\" width=\"400\" \/><br \/>\nJag hade inte byggt n\u00e5gra f\u00f6rv\u00e4ntningar.<\/p>\n<p>F\u00f6rl\u00e5t arrang\u00f6rer och alla medverkande som gjorde det ni var bra p\u00e5 men den h\u00e4r invigningen var, f\u00f6r mig, inte ett &#8217;Dr\u00f6ml\u00e4ge&#8217;, det blev till en &#8217;Mardr\u00f6m&#8217;.<\/p>\n<p>Det var det s\u00e4msta jag upplevt p\u00e5 l\u00e4nge b\u00e5de musikaliskt och scenografiskt.<\/p>\n<p>Att jag fr\u00f6s s\u00e5 jag hackade t\u00e4nder kan jag bara skylla p\u00e5 mig sj\u00e4lv. Kl\u00e4r jag mig inte r\u00e4tt s\u00e5 \u00e4r det mitt eget fel. En inbyggd bandyarena \u00e4r som ett kylsk\u00e5p &#8211; nu vet jag det&#8230;<\/p>\n<p>Men lite mer fart och fl\u00e4kt och mer v\u00e4lljudande dunder och brak hade kanske h\u00f6jt temperaturen. Nu blev det inget s\u00e5dant.<\/p>\n<p>Hela invigningen bestod av modern musik i olika tappningar. Med &#8217;modern musik&#8217; i detta avseende menar jag d\u00e5 helt utan melodi. Mer som musikalisk konst. Kan ju vara trevligt och sp\u00e4nnande i sig, om det \u00e4r det man tycker passar till en invigning. Jag kan inte k\u00e4nna att det passade in alls. Det var bara pinsamt.<\/p>\n<p>Bl.a. hade 7-8 k\u00f6rer\u00a0samlats ihop. Det kunde ju ha blivit n\u00e5got j\u00e4ttebra. N\u00e4d\u00e5, d\u00e5 l\u00e5ter de dem framf\u00f6ra var sitt stycke &#8211; samtidigt&#8230;<br \/>\nVisserligen samlade de ihop sig i slutet p\u00e5 akten och tv\u00e5 k\u00f6rledare gjorde en gemensam insats. D\u00e5 blev det m\u00e4ktigt och k\u00e4ndes lite invigningsaktigt.<\/p>\n<p>Avslutningen b\u00f6rjade med att olika musikk\u00e5rer kom in &#8211; och vet ni vad? Just det, de fick ocks\u00e5 spela samtidigt, fast olika l\u00e5tar.<\/p>\n<p>Jag sk\u00e4mdes och tyckte det var pinsamt och jag led. Led med deltagarna som tvingats in i detta kaos. Skulle vara v\u00e4ldigt intressant \u00e5 f\u00e5 h\u00f6ra vilken helhetsupplevelse n\u00e5gra deltagare hade?<br \/>\nFast, de \u00e4r kanske s\u00e5 uppi sin grej&#8230;?<\/p>\n<p>Hade hoppats att de hade satsat p\u00e5 en invigning som kunde ha knuffat Arenan i r\u00e4tt riktning. De missade rej\u00e4lt.<\/p>\n<p>V\u00e5r Arena V\u00e4nersborg kommer att bli riksk\u00e4nt. Vilken annan arena har man budgeterat till max 140 MKR och d\u00e4r slutnotan sannolikt kommer att hamna p\u00e5 250 MKR?<br \/>\nOch ingen ansvarig fattar vad som h\u00e4nt&#8230;?<br \/>\nNu har de tillsatt en utredning, en analyserande unders\u00f6kning, om vad som egentligen g\u00e5tt snett.<br \/>\nDen kommer att ta ett \u00e5r&#8230;<\/p>\n<p>Allt f\u00f6r att valdagen ska passeras. Finns det ingen hejd p\u00e5 idiotin inom politiken?<\/p>\n<p>Samtidigt sker neddragningar inom alla andra kommunala sektorer. Mest stryk f\u00e5r barnomsorg, skola och \u00e4ldrev\u00e5rden, vilka annars?<\/p>\n<p><strong>H\u00e4lsol\u00e4get<\/strong>:<br \/>\nV\u00e4rker i nackryggen och muskelavsnitt &#8217;bubblar&#8217; drar ihop sig lite spontan oregelbundet p\u00e5 de mest m\u00e4rkliga st\u00e4llen.<\/p>\n<p>Efter arenabes\u00f6ket kommer jag s\u00e4kert att bli f\u00f6rkyld lagom till Turkietresan.<\/p>\n","protected":false},"excerpt":{"rendered":"<p>s\u00f6mn ok L\u00e4karsamtal Rutinerna \u00e4r lite m\u00e4rkliga? H\u00e4r ringer en doktor och fr\u00e5gar vad det g\u00e4ller. Han fick allts\u00e5 inga uppgifter om att vad det g\u00e4llde. Och givetvis b\u00f6rjade han ifr\u00e5gas\u00e4tta och mena att det d\u00e4r var Apotekets uppgift och &hellip; <a href=\"https:\/\/blogg.ngn.nu\/index.php\/2009\/09\/25\/vilken-dag\/\">Forts\u00e4tt l\u00e4sa <span class=\"meta-nav\">&rarr;<\/span><\/a><\/p>\n","protected":false},"author":1,"featured_media":0,"comment_status":"open","ping_status":"closed","sticky":false,"template":"","format":"standard","meta":{"footnotes":""},"categories":[444,678,683,343,104,350],"tags":[284,353,212],"class_list":["post-837","post","type-post","status-publish","format-standard","hentry","category-bilder","category-galleri","category-reseplaner","category-ryggen","category-sjukvard","category-upplevelse","tag-lakemedel","tag-mobiltelefoni","tag-vark"],"_links":{"self":[{"href":"https:\/\/blogg.ngn.nu\/index.php\/wp-json\/wp\/v2\/posts\/837","targetHints":{"allow":["GET"]}}],"collection":[{"href":"https:\/\/blogg.ngn.nu\/index.php\/wp-json\/wp\/v2\/posts"}],"about":[{"href":"https:\/\/blogg.ngn.nu\/index.php\/wp-json\/wp\/v2\/types\/post"}],"author":[{"embeddable":true,"href":"https:\/\/blogg.ngn.nu\/index.php\/wp-json\/wp\/v2\/users\/1"}],"replies":[{"embeddable":true,"href":"https:\/\/blogg.ngn.nu\/index.php\/wp-json\/wp\/v2\/comments?post=837"}],"version-history":[{"count":0,"href":"https:\/\/blogg.ngn.nu\/index.php\/wp-json\/wp\/v2\/posts\/837\/revisions"}],"wp:attachment":[{"href":"https:\/\/blogg.ngn.nu\/index.php\/wp-json\/wp\/v2\/media?parent=837"}],"wp:term":[{"taxonomy":"category","embeddable":true,"href":"https:\/\/blogg.ngn.nu\/index.php\/wp-json\/wp\/v2\/categories?post=837"},{"taxonomy":"post_tag","embeddable":true,"href":"https:\/\/blogg.ngn.nu\/index.php\/wp-json\/wp\/v2\/tags?post=837"}],"curies":[{"name":"wp","href":"https:\/\/api.w.org\/{rel}","templated":true}]}}