{"id":827,"date":"2009-11-25T00:01:00","date_gmt":"2009-11-24T22:01:00","guid":{"rendered":"http:\/\/blogg.ngn.nu\/index.php\/2009\/11\/25\/turkiet-alanya-dag-55-av-62\/"},"modified":"2009-11-26T18:39:12","modified_gmt":"2009-11-26T16:39:12","slug":"turkiet-alanya-dag-55-av-62","status":"publish","type":"post","link":"https:\/\/blogg.ngn.nu\/index.php\/2009\/11\/25\/turkiet-alanya-dag-55-av-62\/","title":{"rendered":"Turkiet &#8211; Alanya &#8211; Dag 55 av 62"},"content":{"rendered":"<p>Planering:<\/p>\n<p>Hoppas hitta reptiler och andra djur att fotografera.<\/p>\n<p><strike>Till internetcaf\u00e9et<\/strike><br \/>\n&#8211; Uppdatera bloggen<br \/>\n&#8211; f\u00f6rhoppningsvis kunna publicera n\u00e5gon bild<br \/>\n*******<br \/>\n<strong>S\u00e5 h\u00e4r blev det<\/strong>:<\/p>\n<p>s\u00f6mn ok. Var uppe lite extra l\u00e4nge i g\u00e5r kv\u00e4ll. Vaknade likt f\u00f6rbaskat prick 06:00.<\/p>\n<p><span style=\"font-weight: bold\">Morgonaktiviteter<\/span><br \/>\nFrukost 1 och morgonpromenaden \u00e4r gjorda. Solen skiner.<br \/>\nSka strax b\u00f6rja med frukost 2.<\/p>\n<p><span style=\"font-weight: bold\">Bokl\u00e4sning<\/span><br \/>\nL\u00e4ser bok: <span style=\"font-style: italic\">H\u00e4xornas F\u00f6rsvarare<\/span>, Jan Guillou, pirat 2002, ISBN: 91-642-0099-X. I v\u00e4ntan p\u00e5 att klockan ska bli lite mer \u00e4n 10:00. D\u00e5 ska jag bege mig till udden och se om\u00a0jag hittar en orm &#8211; en f\u00e5r inte ge sig&#8230;<\/p>\n<p>Den h\u00e4r boken, inneh\u00e5ller en hel del underfundigheter och kritik av nuvarande samh\u00e4lls- och r\u00e4ttssystem. Speciellt en av m\u00e5nga har jag fastnat f\u00f6r, citat (Kap I. avsnitt 4. Fr\u00e5n den ljusa medeltiden till 1500-talets m\u00f6rker. sid 25 (pocketversion). Stycke 36):<br \/>\n&#8221;<span style=\"font-style: italic\">I tiotusentals kyrkliga skrivarceller k\u00e4nde sig nu tidens intellektuella manade att analysera dessa fr\u00e5gest\u00e4llningar. Deras metod skulle inte kallas vetenskaplig idag eftersom deras k\u00e4llmaterial bestod av funderingar som andra skrivit ned f\u00f6re dem och det de tillfogade bestod av nya funderingar d\u00e4r, r\u00e5tt men enkelt uttryckt, den egna fantasin var enda nya k\u00e4llan. Den enda vetenskap som arbetar med s\u00e5dana metoder i v\u00e5r tid \u00e4r nationalekonomin.<\/span>&#8221;<br \/>\nEtt f\u00f6rtydligande: &#8221;<span style=\"font-style: italic\">dessa fr\u00e5gest\u00e4llningar<\/span>&#8221; \u00e4r t.ex.: &#8221;<span style=\"font-style: italic\">&#8230; hur man skulle f\u00f6rst\u00e5 Dj\u00e4vulens anlopp mot m\u00e4nniskorna.<\/span>&#8221; (Stycke 34)<\/p>\n<p>Ett skrivande med dylika &#8217;knorrar&#8217;, eller en k\u00e4nga hit och en k\u00e4nga dit, gillar jag. Och hitintills f\u00f6rskonas ingen.<\/p>\n<p><span style=\"font-weight: bold\">Naturbes\u00f6k<\/span><br \/>\n\u00c4ven idag var det udden som g\u00e4llde. Nu angrep jag den mer direkt fr\u00e5n Kleopatrastranden, ned mot vattnet och sedan upp. Siktade in mig p\u00e5 platsen h\u00f6ger om den ilskan sch\u00e4fern.<\/p>\n<p>Det finns m\u00e5nga olika sorters taggiga buskar i den Turkiska naturen. En av dem har s\u00e5dana h\u00e4r frukter:<br \/>\n<a href=\"http:\/\/bilder.ngn.nu\/index.php\/2009\/11\/25\/taggbuskefrukt\/#Taggbuskefrukt\" target=\"_blank\"><img decoding=\"async\" src=\"http:\/\/ngn.nu\/BilderT\/091125-DSC02464+2463-Taggbuske-Turkiet-Kompr40-w150.JPG\" style=\"border: 0px solid ; width: 150px; height: 120px\" alt=\"[Bild: Taggbuskefrukt, i Turkiet]\" title=\"Taggbuskefrukt, i Turkiet\" \/><\/a><\/p>\n<p>Halvv\u00e4gs upp gjorde jag intressant fynd. Om det inte \u00e4r Johannesbr\u00f6d (<em>Ceratonia siliqua<\/em>), vad \u00e4r det d\u00e5?:<br \/>\n<a href=\"http:\/\/bilder.ngn.nu\/index.php\/2009\/11\/25\/johannesbrod\/#Johannesbroed\" target=\"_blank\"><img decoding=\"async\" src=\"http:\/\/ngn.nu\/BilderT\/091125-DSCN0509+0508-Johannesbroedbuske-och-frukt-Kompr40-w150.JPG\" style=\"border: 0px solid ; width: 150px; height: 121px\" alt=\"[Bild: Johannesbr\u00f6dbuske, i Turkiet]\" title=\"Johannesbr\u00f6dbuske, i Turkiet\" \/><\/a><\/p>\n<p>Uppe p\u00e5 bergskr\u00f6net satt en Fj\u00e4ril. Just den h\u00e4r tycker jag \u00e4r v\u00e4ldigt vacker:<br \/>\n<a href=\"http:\/\/bilder.ngn.nu\/index.php\/2009\/11\/25\/fjaril-43\/#Fjaeril\" target=\"_blank\"><img decoding=\"async\" src=\"http:\/\/ngn.nu\/BilderT\/091125-DSC02477-Fjaeril-Turkiet-Kompr40-w150.JPG\" style=\"border: 0px solid ; width: 150px; height: 115px\" alt=\"[Bild: Fj\u00e4ril, i Turkiet]\" title=\"Fj\u00e4ril, i Turkiet\" \/><\/a><\/p>\n<p>En fj\u00e4ril till, betydligt mindre:<br \/>\n<a href=\"http:\/\/bilder.ngn.nu\/index.php\/2009\/11\/25\/fjaril-44\/#Fjaeril\" target=\"_blank\"><img decoding=\"async\" src=\"http:\/\/ngn.nu\/BilderT\/091125-DSC02481+2479-Fjaeril-Turkiet-Kompr40-w150.JPG\" style=\"border: 0px solid ; width: 150px; height: 118px\" alt=\"[Bild: Fj\u00e4ril, i Turkiet]\" title=\"Fj\u00e4ril, i Turkiet\" \/><\/a><\/p>\n<p>\u00c4nnu en fj\u00e4ril:<br \/>\n<a href=\"http:\/\/bilder.ngn.nu\/index.php\/2009\/11\/25\/fjaril-45\/#Fjaeril\" target=\"_blank\"><img decoding=\"async\" src=\"http:\/\/ngn.nu\/BilderT\/091125-DSC02491-Fjaeril-Turkiet-Kompr40-w150.JPG\" style=\"border: 0px solid ; width: 150px; height: 109px\" alt=\"[Bild: Fj\u00e4ril, i Turkiet]\" title=\"Fj\u00e4ril, i Turkiet\" \/><\/a><\/p>\n<p>En gr\u00e4shoppa:<br \/>\n<a href=\"http:\/\/bilder.ngn.nu\/index.php\/2009\/11\/25\/grashoppa-12\/#Rubrik\" target=\"_blank\"><img decoding=\"async\" src=\"http:\/\/ngn.nu\/BilderT\/091125-DSC02496+2501-Graeshoppa-Turkiet-Kompr40-w150.JPG\" style=\"border: 0px solid ; width: 150px; height: 104px\" alt=\"[Bild: Gr\u00e4shoppa, i Turkiet]\" title=\"Gr\u00e4shoppa, i Turkiet\" \/><\/a><\/p>\n<p>En sk\u00f6ldpadda (ca 17 cm l\u00e5ng, skalet). En av tre:<br \/>\n<a href=\"http:\/\/bilder.ngn.nu\/index.php\/2009\/11\/25\/skoldpadda-3\/#Rubrik\" target=\"_blank\"><img decoding=\"async\" src=\"http:\/\/ngn.nu\/BilderT\/091125-DSC02516-Skoeldpadda-Turkiet-Kompr40-w150.JPG\" style=\"border: 0px solid ; width: 150px; height: 97px\" alt=\"[Bild: Turkisk landsk\u00f6ldpadda (Testudo graeca ibera), i Turkiet]\" title=\"Turkisk landsk\u00f6ldpadda (Testudo graeca ibera), i Turkiet\" \/><\/a><\/p>\n<p>Hade nog hamnat i ett sk\u00f6ldpaddsomr\u00e5de. Den h\u00e4r lille var inte mer \u00e4n ca 8 cm. H\u00e4r gjorde jag ett undantag fr\u00e5n min annars str\u00e4nga regel att aldrig ta i de djur jag fotograferar. Den h\u00e4r tog jag upp i handen mest f\u00f6r att visa hur liten den \u00e4r:<br \/>\n<a href=\"http:\/\/bilder.ngn.nu\/index.php\/2009\/11\/25\/skoldpadda-4\/#Rubrik\" target=\"_blank\"><img decoding=\"async\" src=\"http:\/\/ngn.nu\/BilderT\/091125-DSC02519+DSCN0520-Skoeldpadda-Turkiet-Kompr40-w150.JPG\" style=\"border: 0px solid ; width: 150px; height: 106px\" alt=\"[Bild: Turkisk landsk\u00f6ldpadda (Testudo graeca ibera), i Turkiet]\" title=\"Turkisk landsk\u00f6ldpadda (Testudo graeca ibera), i Turkiet\" \/><\/a><br \/>\nUpp till h\u00f6ger i bilden syns hur den lille trycker sig in mot ett par stenar, lite skymd av lite gr\u00e4s. Inte helt l\u00e4tt att uppt\u00e4cka.<\/p>\n<p>En \u00f6dla satt p\u00e5 en sten och solade &#8211; och spanade in mindre insekter (mat):<a title=\"Bilder\" name=\"Bilder\"><\/a><a href=\"http:\/\/bilder.ngn.nu\/index.php\/2009\/11\/25\/odla-33\/#Rubrik\" target=\"_blank\"><br \/>\n<img decoding=\"async\" src=\"http:\/\/ngn.nu\/BilderT\/091125-DSC02540-Oedla-Turkiet-Kompr40-w150.JPG\" style=\"border: 0px solid ; width: 150px; height: 110px\" alt=\"[Bild: \u00d6dla, i Turkiet]\" title=\"\u00d6dla, i Turkiet\" \/><\/a><\/p>\n<p>En blomfluga:<br \/>\n<a href=\"http:\/\/bilder.ngn.nu\/index.php\/2009\/11\/25\/fluga-29\/#Rubrik\" target=\"_blank\"><img decoding=\"async\" src=\"http:\/\/ngn.nu\/BilderT\/091125-DSC02548-Blomfluga-Turkiet-Kompr40-w150.JPG\" style=\"border: 0px solid ; width: 150px; height: 109px\" alt=\"[Bild: Blomfluga, i Turkiet]\" title=\"Blomfluga, i Turkiet\" \/><\/a><\/p>\n<p>N\u00e4sta djur var en bj\u00e4sse till Sk\u00f6ldpadda, ca 25cm:<br \/>\n<a href=\"http:\/\/bilder.ngn.nu\/index.php\/2009\/11\/25\/skoldpadda-5\/#Rubrik\" target=\"_blank\"><img decoding=\"async\" src=\"http:\/\/ngn.nu\/BilderT\/091125-DSC02565-Skoeldpadda-Turkiet-Kompr40-w150.JPG\" style=\"border: 0px solid ; width: 150px; height: 101px\" alt=\"[Bild: Turkisk landsk\u00f6ldpadda (Testudo graeca ibera), i Turkiet]\" title=\"Turkisk landsk\u00f6ldpadda (Testudo graeca ibera), i Turkiet\" \/><\/a><\/p>\n<p>Strax d\u00e4refter hittade jag ytterligare en lika stor. Strax efter bilden &#8217;kastade&#8217; den sig \u00e5t v\u00e4nster och fastnade mellan stenarna liggandes p\u00e5 sida.\u00a0Jag lyfte ned den:<br \/>\n<a href=\"http:\/\/bilder.ngn.nu\/index.php\/2009\/11\/25\/skoldpadda-6\/#Rubrik\" target=\"_blank\"><img decoding=\"async\" src=\"http:\/\/ngn.nu\/BilderT\/091125-DSC02570-Skoeldpadda-Turkiet-Kompr40-w150.JPG\" style=\"border: 0px solid ; width: 150px; height: 109px\" alt=\"[Bild: Turkisk landsk\u00f6ldpadda (Testudo graeca ibera), i Turkiet]\" title=\"Turkisk landsk\u00f6ldpadda (Testudo graeca ibera), i Turkiet\" \/><\/a><\/p>\n<p>Det sista djuret jag hittade var en intressant inmsekt och en som jag nu fick se i vilt tillst\u00e5nd, f\u00f6r f\u00f6rsta g\u00e5negn. En b\u00f6nsyrsa:<br \/>\n<a href=\"http:\/\/bilder.ngn.nu\/index.php\/2009\/11\/25\/bonsyrsa\/#Rubrik\" target=\"_blank\"><img decoding=\"async\" src=\"http:\/\/ngn.nu\/BilderT\/091125-DSC02624-Boensyrsa-Turkiet-Kompr40-w150.JPG\" style=\"border: 0px solid ; width: 150px; height: 98px\" alt=\"[Bild: B\u00f6nsyrsa, i Turkiet]\" title=\"B\u00f6nsyrsa, i Turkiet\" \/><\/a><\/p>\n<p><span style=\"font-weight: bold\">F\u00f6delsedagsfest<\/span><br \/>\nSka det bli i kv\u00e4ll. En av de Svenska boende h\u00e4r nere fyller \u00e5r och det ska firas.<\/p>\n","protected":false},"excerpt":{"rendered":"<p>Planering: Hoppas hitta reptiler och andra djur att fotografera. Till internetcaf\u00e9et &#8211; Uppdatera bloggen &#8211; f\u00f6rhoppningsvis kunna publicera n\u00e5gon bild ******* S\u00e5 h\u00e4r blev det: s\u00f6mn ok. Var uppe lite extra l\u00e4nge i g\u00e5r kv\u00e4ll. Vaknade likt f\u00f6rbaskat prick 06:00. &hellip; <a href=\"https:\/\/blogg.ngn.nu\/index.php\/2009\/11\/25\/turkiet-alanya-dag-55-av-62\/\">Forts\u00e4tt l\u00e4sa <span class=\"meta-nav\">&rarr;<\/span><\/a><\/p>\n","protected":false},"author":1,"featured_media":0,"comment_status":"open","ping_status":"closed","sticky":false,"template":"","format":"standard","meta":{"footnotes":""},"categories":[444,338,505,31,359],"tags":[688,735,405,412,494,243,708,687,451,705],"class_list":["post-827","post","type-post","status-publish","format-standard","hentry","category-bilder","category-djur","category-fest","category-politik","category-resa","tag-alanya","tag-bonsyrsa","tag-fjaril","tag-fluga","tag-grashoppa","tag-promenad","tag-skoldpadda","tag-turkiet","tag-vaxter","tag-odla"],"_links":{"self":[{"href":"https:\/\/blogg.ngn.nu\/index.php\/wp-json\/wp\/v2\/posts\/827","targetHints":{"allow":["GET"]}}],"collection":[{"href":"https:\/\/blogg.ngn.nu\/index.php\/wp-json\/wp\/v2\/posts"}],"about":[{"href":"https:\/\/blogg.ngn.nu\/index.php\/wp-json\/wp\/v2\/types\/post"}],"author":[{"embeddable":true,"href":"https:\/\/blogg.ngn.nu\/index.php\/wp-json\/wp\/v2\/users\/1"}],"replies":[{"embeddable":true,"href":"https:\/\/blogg.ngn.nu\/index.php\/wp-json\/wp\/v2\/comments?post=827"}],"version-history":[{"count":0,"href":"https:\/\/blogg.ngn.nu\/index.php\/wp-json\/wp\/v2\/posts\/827\/revisions"}],"wp:attachment":[{"href":"https:\/\/blogg.ngn.nu\/index.php\/wp-json\/wp\/v2\/media?parent=827"}],"wp:term":[{"taxonomy":"category","embeddable":true,"href":"https:\/\/blogg.ngn.nu\/index.php\/wp-json\/wp\/v2\/categories?post=827"},{"taxonomy":"post_tag","embeddable":true,"href":"https:\/\/blogg.ngn.nu\/index.php\/wp-json\/wp\/v2\/tags?post=827"}],"curies":[{"name":"wp","href":"https:\/\/api.w.org\/{rel}","templated":true}]}}