{"id":820,"date":"2009-11-18T00:01:21","date_gmt":"2009-11-17T22:01:21","guid":{"rendered":"http:\/\/blogg.ngn.nu\/index.php\/2009\/11\/18\/turkiet-alanya-dag-48-av-62\/"},"modified":"2009-11-18T22:12:03","modified_gmt":"2009-11-18T20:12:03","slug":"turkiet-alanya-dag-48-av-62","status":"publish","type":"post","link":"https:\/\/blogg.ngn.nu\/index.php\/2009\/11\/18\/turkiet-alanya-dag-48-av-62\/","title":{"rendered":"Turkiet &#8211; Alanya &#8211; Dag 48 av 62"},"content":{"rendered":"<p>Planering:<\/p>\n<p>Hoppas hitta reptiler och andra djur att fotografera.<\/p>\n<p><strike>Till internetcaf\u00e9et<\/strike><br \/>\n&#8211; Uppdatera bloggen<br \/>\n&#8211; f\u00f6rhoppningsvis kunna publicera n\u00e5gon bild<\/p>\n<p>**************<br \/>\n<span style=\"font-weight: bold\">S\u00e5 h\u00e4r blev det<\/span>:<\/p>\n<p><span style=\"font-weight: bold\">I g\u00e5r kv\u00e4ll<\/span><br \/>\n<span style=\"font-weight: bold\">B\u00e5tturen<\/span><br \/>\nVi var ute en bra stund med b\u00e5ten (mina b\u00e5tv\u00e4nners b\u00e5t) och n\u00e4r vi kom in i marinan s\u00e5 satte K ig\u00e5ng med att koka nyk\u00f6pta krabbor. Inte min specialitet s\u00e5 jag fick instruktioner hur den skulle \u00e4tas. Det var gott. Och tack! J\u00e4ttemycket tack. Jag hade j\u00e4ttetrevligt.<\/p>\n<p>Var v\u00e4l hemma ca 18:30.<\/p>\n<p><span style=\"font-weight: bold\">Ny bekantskap<\/span><br \/>\nN\u00e4r jag kom hem s\u00e5 s\u00e5g jag att jag hade f\u00e5tt ett meddelande fr\u00e5n &#8217;A&#8217;. &#8217;A&#8217; ville tr\u00e4ffa mig och jag ville givetvis tr\u00e4ffa &#8217;A&#8217; s\u00e5 jag ringde upp och vi best\u00e4mde att m\u00f6tas lite senare nere p\u00e5 Atat\u00fcrk Str.<\/p>\n<p>Vi gick till en restaurang och pratade massor. Det var v\u00e4ldigt l\u00e4ttpratat. K\u00e4ndes som vi liksom k\u00e4nt varandra ett tag. Och det \u00e4r klart, &#8217;A&#8217; har ju l\u00e4rt k\u00e4nna mig, delvis, genom den h\u00e4r bloggen s\u00e5 &#8217;A&#8217; visste mer om mig \u00e4n vad jag visste om &#8217;A&#8217;. Men det var inte ett dugg besv\u00e4rande.<\/p>\n<p>Och jag fick l\u00e4ra mig massor om Alanya och Turkiet i stort. Tack &#8217;A&#8217;!<\/p>\n<p>Efter restaurangen fick jag f\u00f6rm\u00e5nen att f\u00e5 f\u00f6lja med hem till &#8217;A&#8217; och f\u00e5 tr\u00e4ffa sambon. Och d\u00e4r pratade vi \u00e4n mer, Hur kul som helst.<\/p>\n<p>N\u00e4r jag gick d\u00e4rifr\u00e5n s\u00e5 hade jag med mig ett element som jag gener\u00f6st fick l\u00e5na f\u00f6r att n\u00e4tterna skulle bli mindre r\u00e5kalla. Tack!<br \/>\nOch s\u00e5 fick jag en flaska med en slags &#8217;sirap&#8217; som jag ska ta dagligen f\u00f6r att &#8217;fixa till&#8217; magen. Har tagit f\u00f6rsta dosen idag p\u00e5 morgonen. Vi f\u00e5r se vad det kan ge f\u00f6r resultat.<\/p>\n<hr style=\"width: 100%; height: 2px\" \/><span style=\"font-weight: bold\">Dagen idag<\/span><\/p>\n<p><span style=\"font-weight: bold\">Promenad<\/span><br \/>\nSitter \u00e5 laddar f\u00f6r en promenad. V\u00e4dret ser str\u00e5lande ut.<\/p>\n<p>I \u00f6vrigt k\u00e4nns det som om det h\u00e4r kommer att bli en slapp dag. \u00c4r ganska tr\u00f6tt. Det var ju &#8217;fest&#8217; hela dagen ig\u00e5r.<\/p>\n<p>Det bidde en promenad. Resten av dagen har tillbringats med bokl\u00e4sande.<\/p>\n<p><strike><span style=\"font-weight: bold\">Mer<\/span><br \/>\nMer text kommer, kanske&#8230;<\/strike><\/p>\n","protected":false},"excerpt":{"rendered":"<p>Planering: Hoppas hitta reptiler och andra djur att fotografera. Till internetcaf\u00e9et &#8211; Uppdatera bloggen &#8211; f\u00f6rhoppningsvis kunna publicera n\u00e5gon bild ************** S\u00e5 h\u00e4r blev det: I g\u00e5r kv\u00e4ll B\u00e5tturen Vi var ute en bra stund med b\u00e5ten (mina b\u00e5tv\u00e4nners b\u00e5t) &hellip; <a href=\"https:\/\/blogg.ngn.nu\/index.php\/2009\/11\/18\/turkiet-alanya-dag-48-av-62\/\">Forts\u00e4tt l\u00e4sa <span class=\"meta-nav\">&rarr;<\/span><\/a><\/p>\n","protected":false},"author":1,"featured_media":0,"comment_status":"open","ping_status":"closed","sticky":false,"template":"","format":"standard","meta":{"footnotes":""},"categories":[721,499,359],"tags":[688,243,687],"class_list":["post-820","post","type-post","status-publish","format-standard","hentry","category-kultur","category-mote","category-resa","tag-alanya","tag-promenad","tag-turkiet"],"_links":{"self":[{"href":"https:\/\/blogg.ngn.nu\/index.php\/wp-json\/wp\/v2\/posts\/820","targetHints":{"allow":["GET"]}}],"collection":[{"href":"https:\/\/blogg.ngn.nu\/index.php\/wp-json\/wp\/v2\/posts"}],"about":[{"href":"https:\/\/blogg.ngn.nu\/index.php\/wp-json\/wp\/v2\/types\/post"}],"author":[{"embeddable":true,"href":"https:\/\/blogg.ngn.nu\/index.php\/wp-json\/wp\/v2\/users\/1"}],"replies":[{"embeddable":true,"href":"https:\/\/blogg.ngn.nu\/index.php\/wp-json\/wp\/v2\/comments?post=820"}],"version-history":[{"count":0,"href":"https:\/\/blogg.ngn.nu\/index.php\/wp-json\/wp\/v2\/posts\/820\/revisions"}],"wp:attachment":[{"href":"https:\/\/blogg.ngn.nu\/index.php\/wp-json\/wp\/v2\/media?parent=820"}],"wp:term":[{"taxonomy":"category","embeddable":true,"href":"https:\/\/blogg.ngn.nu\/index.php\/wp-json\/wp\/v2\/categories?post=820"},{"taxonomy":"post_tag","embeddable":true,"href":"https:\/\/blogg.ngn.nu\/index.php\/wp-json\/wp\/v2\/tags?post=820"}],"curies":[{"name":"wp","href":"https:\/\/api.w.org\/{rel}","templated":true}]}}