{"id":818,"date":"2009-11-16T00:01:40","date_gmt":"2009-11-15T22:01:40","guid":{"rendered":"http:\/\/blogg.ngn.nu\/index.php\/2009\/11\/16\/turkiet-alanya-dag-46-av-62\/"},"modified":"2009-11-16T18:30:15","modified_gmt":"2009-11-16T16:30:15","slug":"turkiet-alanya-dag-46-av-62","status":"publish","type":"post","link":"https:\/\/blogg.ngn.nu\/index.php\/2009\/11\/16\/turkiet-alanya-dag-46-av-62\/","title":{"rendered":"Turkiet &#8211; Alanya &#8211; Dag 46 av 62"},"content":{"rendered":"<p>Planering:<\/p>\n<p>Hoppas hitta reptiler och andra djur att fotografera.<\/p>\n<p><strike>Till internetcaf\u00e9et<\/strike><br \/>\n&#8211; Uppdatera bloggen<br \/>\n&#8211; f\u00f6rhoppningsvis kunna publicera n\u00e5gon bild<\/p>\n<p>****************<span style=\"font-weight: bold\"><br \/>\nS\u00e5 h\u00e4r blev det<\/span>:<\/p>\n<p><span style=\"font-weight: bold\">V\u00e4dret<\/span><br \/>\nVaknar till dunder och brak. Det h\u00e5ller fortfarande p\u00e5 men det \u00e4r en bra bit bort s\u00e5 d\u00e4rf\u00f6r v\u00e5gar jag dra ig\u00e5ng datorn. Det regnar.<\/p>\n<p><span style=\"font-weight: bold\">Promenad<\/span><br \/>\nHar ju lovat mig sj\u00e4lv att det ska bli minst en promenad, varje dag, oavsett v\u00e4der.<\/p>\n<p>Men jag ger mig inte ut p\u00e5 ett visst klockslag. S\u00e5 d\u00e5 kan jag ju avvakta lite. Det kan ju sluta regna t.ex.<br \/>\nRegnar fortfarande (08:40)<br \/>\nNu (09:33) blir det promenad. Solen skiner.<\/p>\n<p>Tog n\u00e5gra bilder:<br \/>\nS\u00e4des\u00e4rlor<br \/>\n<a href=\"http:\/\/bilder.ngn.nu\/index.php\/2009\/11\/16\/sadesarlor\/#Saedesaerlor\" target=\"_blank\"><img decoding=\"async\" src=\"http:\/\/ngn.nu\/BilderT\/091116-DSCN0451-Saedessaerlor-Turkiet-Kompr40-w150.JPG\" style=\"border: 0px solid ; width: 150px; height: 107px\" alt=\"[Bild: S\u00e4des\u00e4rlor i Turkiet]\" title=\"S\u00e4des\u00e4rlor i Turkiet\" \/><\/a><\/p>\n<p>Kr\u00e5kor<br \/>\n<a href=\"http:\/\/bilder.ngn.nu\/index.php\/2009\/11\/16\/krakor\/#Kraka\" target=\"_blank\"><img decoding=\"async\" src=\"http:\/\/ngn.nu\/BilderT\/091116-DSCN0457-Kraka-Turkiet-Kompr40-w150.JPG\" style=\"border: 0px solid ; width: 150px; height: 106px\" alt=\"[Bild: Kr\u00e5kor i Turkiet]\" title=\"Kr\u00e5kor i Turkiet\" \/><\/a><\/p>\n<p><span style=\"font-weight: bold\">Redigering<\/span><br \/>\nLagt till bilder i inl\u00e4gget: <a href=\"https:\/\/blogg.ngn.nu\/index.php\/2009\/11\/15\/turkiet-alanya-dag-45-av-62\/#Bilder1\" target=\"_blank\">S\u00f6ndagen den 15 november 2009<\/a>.<\/p>\n<p><span style=\"font-weight: bold\">F\u00f6rvirrad<\/span> (lite)<br \/>\nVid ett av tillf\u00e4llena jag tr\u00e4ffade en del av de jag l\u00e4rt k\u00e4nna h\u00e4r nere som \u00e4r stadigvarande boende skandinaver s\u00e5 fr\u00e5gade jag vad det kom sig att Engelsm\u00e4n blev s\u00e4mre behandlade \u00e4n Tyskar.<br \/>\nD\u00e5 tittade &#8217;allihopa&#8217; p\u00e5 mig och sa: &#8221;H\u00e4r hatar de Tyskar. De har inget emot Engelsm\u00e4n.&#8221;<\/p>\n<p>Vad kommer det sig, i s\u00e5 fall, att just Engelsm\u00e4n, p\u00e5 reseforum och privata bloggar, beskriver att de blivit behandlade som luft medan det har sv\u00e4rmats kring Tyskar?<br \/>\nOch, kan Turkarna h\u00e4r b\u00e4ttre tyska \u00e4n engelska bara f\u00f6r att Tyskarna \u00e4r fler? Eller har varit h\u00e4r l\u00e4ngre?<br \/>\nOch, om de nu hatar Tyskar, varf\u00f6r anstr\u00e4nger de sig i s\u00e5 fall att l\u00e4ra sig b\u00e4ttre tyska, \u00e4n engelska?<\/p>\n<p>\u00c4r Tyskarna rikare? Knappast. \u00c4r de fler? Troligtvis. Har de varit h\u00e4r &#8217;l\u00e4ngst&#8217;? Jag vet inte men det \u00e4r kanske s\u00e5.<br \/>\nMin slutsats m\u00e5ste bli att antingen handlar det bara om pengar. Eftersom Tyskarna \u00e4r fler (\u00e4ven om de \u00e4r hatade) s\u00e5 ger det mer pengar att lisma f\u00f6r dem.<\/p>\n<p>H\u00e5ller det resonemanget? Tror inte det. Under h\u00f6gs\u00e4song (6 m\u00e5nader) \u00e4r h\u00e4r smockfullt med skandinaver, engelsm\u00e4n, amerikanare m.m. D\u00e5 \u00e4r tyskarna i minoritet.<br \/>\nBland de stadigvarande nationaliteterna \u00e4r troligtvis tyskarna fler men inte totalt sett. Allts\u00e5 borde det l\u00f6na sig mer, i l\u00e4ngden, f\u00f6r Alanyaborna (de som lever p\u00e5 turistn\u00e4ring) och de Turkar som \u00e4r h\u00e4r som s\u00e4songsarbetare, att l\u00e4ra sig engelska.<\/p>\n<p>Eller, s\u00e5 \u00e4r det s\u00e5 att de inte alls hatar Tyskar.<\/p>\n<p>Jag har ocks\u00e5 noterat hur en del Tyskar bem\u00f6ter Turkarna. De behandlar dem som luft. Men jag har sett lika m\u00e5nga Tyskar som agerar som b\u00e4sta v\u00e4nner med Turkar.<\/p>\n<p> P\u00e5 mig verkar det som om de (Turkar i Alanya) &#8217;hatar&#8217; alla som inte \u00f6ser Lira \u00f6ver dem.<\/p>\n<p>[not 17:20] Jag hoppas att Ni som l\u00e4ser den h\u00e4r bloggen inser att det f\u00f6rekommer generaliseringar, tyckanden, t\u00e4nkanden och reflektioner som inte bygger p\u00e5 &#8217;all v\u00e4rldens erfarenhet&#8217; utan det \u00e4r mina. R\u00e4tt eller fel, mina \u00e4r de.<\/p>\n<p><strong>Promenad<\/strong> 2<br \/>\nDet bidde en solnedg\u00e5ngspromenad utmed Kleopatra strand<\/p>\n<p><strike><span style=\"font-weight: bold\">Mera<\/span><br \/>\nBlir det ingen mer text, h\u00e4r, idag, s\u00e5 beror det p\u00e5 ov\u00e4der.<\/strike><\/p>\n<p><span style=\"font-weight: bold\"><\/span><\/p>\n","protected":false},"excerpt":{"rendered":"<p>Planering: Hoppas hitta reptiler och andra djur att fotografera. Till internetcaf\u00e9et &#8211; Uppdatera bloggen &#8211; f\u00f6rhoppningsvis kunna publicera n\u00e5gon bild **************** S\u00e5 h\u00e4r blev det: V\u00e4dret Vaknar till dunder och brak. Det h\u00e5ller fortfarande p\u00e5 men det \u00e4r en bra &hellip; <a href=\"https:\/\/blogg.ngn.nu\/index.php\/2009\/11\/16\/turkiet-alanya-dag-46-av-62\/\">Forts\u00e4tt l\u00e4sa <span class=\"meta-nav\">&rarr;<\/span><\/a><\/p>\n","protected":false},"author":1,"featured_media":0,"comment_status":"open","ping_status":"closed","sticky":false,"template":"","format":"standard","meta":{"footnotes":""},"categories":[444,338,721,359],"tags":[688,390,243,687],"class_list":["post-818","post","type-post","status-publish","format-standard","hentry","category-bilder","category-djur","category-kultur","category-resa","tag-alanya","tag-faglar","tag-promenad","tag-turkiet"],"_links":{"self":[{"href":"https:\/\/blogg.ngn.nu\/index.php\/wp-json\/wp\/v2\/posts\/818","targetHints":{"allow":["GET"]}}],"collection":[{"href":"https:\/\/blogg.ngn.nu\/index.php\/wp-json\/wp\/v2\/posts"}],"about":[{"href":"https:\/\/blogg.ngn.nu\/index.php\/wp-json\/wp\/v2\/types\/post"}],"author":[{"embeddable":true,"href":"https:\/\/blogg.ngn.nu\/index.php\/wp-json\/wp\/v2\/users\/1"}],"replies":[{"embeddable":true,"href":"https:\/\/blogg.ngn.nu\/index.php\/wp-json\/wp\/v2\/comments?post=818"}],"version-history":[{"count":0,"href":"https:\/\/blogg.ngn.nu\/index.php\/wp-json\/wp\/v2\/posts\/818\/revisions"}],"wp:attachment":[{"href":"https:\/\/blogg.ngn.nu\/index.php\/wp-json\/wp\/v2\/media?parent=818"}],"wp:term":[{"taxonomy":"category","embeddable":true,"href":"https:\/\/blogg.ngn.nu\/index.php\/wp-json\/wp\/v2\/categories?post=818"},{"taxonomy":"post_tag","embeddable":true,"href":"https:\/\/blogg.ngn.nu\/index.php\/wp-json\/wp\/v2\/tags?post=818"}],"curies":[{"name":"wp","href":"https:\/\/api.w.org\/{rel}","templated":true}]}}