{"id":784,"date":"2009-10-12T00:01:50","date_gmt":"2009-10-11T22:01:50","guid":{"rendered":"http:\/\/blogg.ngn.nu\/index.php\/2009\/10\/12\/turkiet-alanya-dag-11-av-62\/"},"modified":"2009-10-12T18:29:37","modified_gmt":"2009-10-12T16:29:37","slug":"turkiet-alanya-dag-11-av-62","status":"publish","type":"post","link":"https:\/\/blogg.ngn.nu\/index.php\/2009\/10\/12\/turkiet-alanya-dag-11-av-62\/","title":{"rendered":"Turkiet &#8211; Alanya &#8211; Dag 11 av 62"},"content":{"rendered":"<p>Planering:<br \/>\nUtforska Alanya<\/p>\n<p>Hoppas hitta reptiler och andra djur att fotografera.<\/p>\n<p><strike>Till internetcaf\u00e9et<\/strike><br \/>\n&#8211; Uppdatera bloggen<br \/>\n&#8211; f\u00f6rhoppningsvis kunna publicera n\u00e5gon bild<\/p>\n<p><span style=\"font-weight: bold\">S\u00e5 h\u00e4r blev det<\/span>:<br \/>\nHar redigerat: <a href=\"https:\/\/blogg.ngn.nu\/index.php\/2009\/10\/11\/turkiet-alanya-dag-10-av-62\/\" target=\"_blank\">Turkiet &#8211; Alanya &#8211; Dag 10 av 62<\/a>.<\/p>\n<p><span style=\"font-weight: bold\">Duvor<\/span><br \/>\nH\u00e4r finns massor med duvor. En liten sort. Kanske halva storleken av v\u00e5ra &#8217;stadsduvor&#8217;. Har f\u00f6rs\u00f6kt fotografera dem men det \u00e4r ena skygga rackare om du nu inte matar dem f\u00f6rst\u00e5s&#8230;<br \/>\nMorgonduvor p\u00e5 Bahar Sokak:<br \/>\n<img decoding=\"async\" src=\"http:\/\/ngn.nu\/BilderT\/091012-DSC01521-Stadsduvor-Turkiet-KOmpr70.w450.JPG\" style=\"width: 450px; height: 155px\" alt=\"[Bild: Stadsduvor i Turkiet]\" title=\"Stadsduvor i Turkiet\" \/><br \/>\nJag tog en serie om \u00f6ver 10 bilder, ingen blev bra. De tv\u00e5 h\u00e4r ovan blev v\u00e4l n\u00e4stan godtagbara.<\/p>\n<p><span style=\"font-weight: bold\">Bredband<\/span><br \/>\nPratade med kontaktpersonen i g\u00e5r kv\u00e4ll. Jag l\u00e4mnade tv\u00e4tt (hon sk\u00f6ter\u00a0n\u00e5gra l\u00e4genheters tv\u00e4tt) och l\u00e5nade en (svensk) potatisskalare. Hon undrade d\u00e5 om jag laddar ned mycket fr\u00e5n n\u00e4tet.<\/p>\n<p>Det g\u00f6r jag inte, d\u00e4remot laddar jag &#8217;upp&#8217; en hel del bildfiler till min h\u00e5rddisk hemma i hustruns rum.<\/p>\n<p>Hon ber\u00e4ttade d\u00e5 att det verkar som att \u00f6verstiger man ett visst antal ej definierade MB s\u00e5 f\u00e5r man betala en ok\u00e4nd summa pengar f\u00f6r det. Och de, operat\u00f6rerna, kan inte l\u00e4mna ut n\u00e5gon specifikation&#8230;<\/p>\n<p>I b\u00f6rjan, n\u00e4r det kom bredband, var det flera h\u00e4r som r\u00e5kade ut f\u00f6r skyh\u00f6ga r\u00e4kningar. Givetvis protesterade de d\u00e5 men fick bara till svar att n\u00e5gon annan m\u00e5ste ha anv\u00e4nt deras bredband och d\u00e5 var det inte deras sak utan det vara bara att betala.<\/p>\n<p>Det d\u00e4r blev sedan b\u00e4ttre, trots att anv\u00e4ndarna inte \u00e4ndrade sina surfvanor&#8230;<\/p>\n<p>Men i.o.m. det s\u00e5 ligger jag l\u00e5gt ett tag med att skicka bildfiler d\u00e5 det tydligen kan bli hiskeligt dyrt.<\/p>\n<p>Det abonnemang som min kontaktperson har \u00e4r tydligen det med l\u00e4gst fart men det \u00e4r ocks\u00e5 s\u00e5 (troligtvis) att anv\u00e4nder man det &#8217;f\u00f6r mycket&#8217; s\u00e5 f\u00e5r man allts\u00e5 betala extra och det g\u00e5r inte att se vad det \u00e4r som kostat extra&#8230;, j\u00f6sses? M\u00e5ste de kasta sig \u00f6ver teknik som de inte beh\u00e4rskar?<\/p>\n<p>K\u00f6per du &#8217;ny&#8217; teknik, h\u00e4r i Alanya, s\u00e5 kan det allts\u00e5 vara s\u00e5 att kr\u00e5nglar det s\u00e5 finns det ingen som kan fixa det.<br \/>\nSkicka iv\u00e4g det p\u00e5 lagning? Knappast. Turkiet l\u00e4r ha en av v\u00e4rldens mest sporadiska postsystem.<\/p>\n<p><span style=\"font-weight: bold\">Lite grejer<\/span><br \/>\nJag vet att jag egentligen inte ska g\u00f6ra det h\u00e4r, men&#8230;<br \/>\nJag ska se om det g\u00e5r att hitta en potatisskalare och en s.k. stril till kranen p\u00e5 handfatet i toaletten.<br \/>\nJag ska b\u00f6rja med att f\u00f6rs\u00f6ka hitta den &#8217;stora bazaren&#8217;. Den ska ligga oppanf\u00f6r &#8217;min&#8217; gata Oral sokak, rakt upp och sedan \u00e4nnu l\u00e4ngre upp och efter en u-kr\u00f6k \u00e5t v\u00e4nster sedan \u00e5t h\u00f6ger s\u00e5 ska det ligga d\u00e4r. Busenkel v\u00e4gbeskrivning&#8230;<\/p>\n<p>Frukt- och gr\u00f6nskasbazaren (st\u00e5nden) ska ligga n\u00e5gonstans till v\u00e4nster, p\u00e5 n\u00e5gon tv\u00e4rgata upp\u00e5t fr\u00e5n Oral sokak r\u00e4knat&#8230;<\/p>\n<p>N\u00e5gonstans utmed v\u00e4g D-400, till v\u00e4nster, norra sidan, ska det finnas en IKEA-filial som IKEA sj\u00e4lva inte k\u00e4nner till&#8230;<\/p>\n<p>Potatisskalare och kranstril ska jag d\u00e5 se om jag kan vinna p\u00e5 &#8217;stora bazaren&#8217;. Annars kollar jag upp Alanyum, Metro och Migros samt n\u00e5got som b\u00f6rjar p\u00e5 &#8217;T&#8217; och som ligger n\u00e4ra d\u00e4r jag k\u00f6pte cykeln, p\u00e5 G\u00fclen street.<\/p>\n<p>Tog en lite omv\u00e4g. Fast f\u00f6rst hittade jag frukt- och gr\u00f6nsaksbazaren. Den ligger vid Pelitlik sokak. Till v\u00e4nster om v\u00e4gen om man forts\u00e4tter Oral sokak och \u00f6ver en stor korsning och forts\u00e4tter gatan p\u00e5 andra sidan.<\/p>\n<p>&#8217;Pryl&#8217;-bazaren, stora bazaren, hittade jag aldrig. Jag f\u00e5r fr\u00e5ga igen&#8230;<\/p>\n<p>Men jag hittade en backe (&#8217;K\u00fcc\u00fck Hasbache&#8217;), upp mot berget &#8217;Bektaslar&#8217;. D\u00e4r tog jag n\u00e5gra bilder. Det finns panoramafunktion i kameran. Fr\u00e5ga inte av vilken anledning jag inte anv\u00e4nde den. Nu blev det den h\u00e4r vyn \u00f6ver Alanya:<br \/>\n<img decoding=\"async\" src=\"http:\/\/ngn.nu\/BilderT\/091012+DSCN0114+0116+0117-Alanya-Turkiet-Kompr70-w450.JPG\" style=\"width: 450px; height: 161px\" alt=\"[Bild: Misslyckad Panoramavy \u00f6ver Alanya, Turkiet]\" title=\"Misslyckad Panoramavy \u00f6ver Alanya, Turkiet\" \/><br \/>\nDen vita pilen pekar p\u00e5 ett ungef\u00e4r var jag har min hyrl\u00e4genhet.<\/p>\n<p>Stannade vid en kr\u00f6k, p\u00e5 nedv\u00e4gen som s\u00e5g lovande ut, d\u00e4r hittade jag tv\u00e5 \u00f6dlor. F\u00f6rst den h\u00e4r:<br \/>\n<a href=\"http:\/\/bilder.ngn.nu\/index.php\/2009\/10\/12\/odla-10\/#Oedla\" target=\"_blank\"><img decoding=\"async\" src=\"http:\/\/ngn.nu\/BilderT\/091012-DSC01535-Oedla-Turkiet-Kompr40-w150.JPG\" style=\"border: 0px solid ; width: 150px; height: 124px\" alt=\"[Bild: \u00d6dla i Turkiet]\" title=\"\u00d6dlal i Turkiet\" \/><\/a><br \/>\nSer ni den, till v\u00e4nster i bild. jag har lagt in en f\u00f6rstoring och dels &#8217;tagit fram&#8217; \u00f6dlan f\u00f6r att g\u00f6ra den tydligare. De \u00e4r v\u00e4lkamouflerade.<\/p>\n<p>Egentligen s\u00e5g jag den h\u00e4r f\u00f6rst men den g\u00f6mde sig n\u00e4r jag kom. Efter en stund kikade den nyfiket fram:<br \/>\n<a href=\"http:\/\/bilder.ngn.nu\/index.php\/2009\/10\/12\/odla-11\/#Oedla\" target=\"_blank\"><img decoding=\"async\" src=\"http:\/\/ngn.nu\/BilderT\/091012-DSC01544-Oedla-Turkiet-Kompr35-w150.JPG\" style=\"border: 0px solid ; width: 150px; height: 106px\" alt=\"[Bild: \u00d6dla i Turkiet]\" title=\"\u00d6dlal i Turkiet\" \/><\/a><\/p>\n<p>Cyklade sedan ned till &#8217;gallerian&#8217; Alanyum. Var inne i &#8217;husger\u00e5dsbutiken&#8217; (Tesekk\u00fcrler). Ska undvika den aff\u00e4ren. De \u00e4r rent ut otrevliga och &#8217;idiotf\u00f6rklarar&#8217; en med en blick n\u00e4r jag vill ha en packning som ska passa i en kran. Och g\u00f6r klart f\u00f6r mig att det borde jag begripa att den \u00e4r slut eftersom jag inte hittat n\u00e5gon. J\u00f6sses.<\/p>\n<p>De hade ingen &#8217;stril&#8217; heller. S\u00e5 jag k\u00f6pte en liknande spridare som \u00e4r till k\u00f6kskranen, fast den billigaste jag kunde hitta (3,75 TRY) och inte passar den in s\u00e5 bra heller:<br \/>\n<img decoding=\"async\" src=\"http:\/\/ngn.nu\/BilderT\/091012-DSCN0118-Spridaren-Turkiet-Kompr70-w450.JPG\" style=\"width: 450px; height: 303px\" alt=\"[Bild: Billigaste spridaren jag kunde hitta. Alanya, Turkiet]\" title=\"Billigaste spridaren jag kunde hitta. Alanya, Turkiet\" \/><br \/>\nJa, det \u00e4r den gula grejen som sitter p\u00e5 kranen allts\u00e5. Tv\u00e4ttsvampen och den gr\u00f6na microfibertrasan \u00e4r andra investeringar jag gjort.<\/p>\n<p>\u00c5ss\u00e5 k\u00f6pte jag en s\u00e5dan h\u00e4r skalare, i samma aff\u00e4r, med puckobitr\u00e4dena;<br \/>\n<img decoding=\"async\" src=\"http:\/\/ngn.nu\/BilderT\/091012-DSCN0120-Skalare-Turkiet-Kompr70-w450.JPG\" style=\"width: 450px; height: 322px\" alt=\"[Bild: Skalare. Alanya, Turkiet]\" title=\"Skalare. Alanya, Turkiet\" \/><br \/>\nVisserligen varnade kontaktpersonen mig f\u00f6r dem (skalarna, inte butikspersonalen), men jag tyckte den s\u00e5g greppv\u00e4nlig ut. Dessutom var den mycket billigare (1,25 TRY). De mer &#8217;normala&#8217; kostade det tredubbla och mer.<\/p>\n<p>N\u00e4r jag \u00e4nd\u00e5 \u00e4r ig\u00e5ng och tar bilder p\u00e5 inredningen s\u00e5 kan ju en bild p\u00e5 mig vara lite skojig. H\u00e4r sitter jag, vid l\u00e4genhetens enda bord, ett soffbord:<br \/>\n<img decoding=\"async\" src=\"http:\/\/ngn.nu\/BilderT\/091012-DSCN0123-Nisse-Turkiet-Kompr70-w450.JPG\" style=\"width: 450px; height: 339px\" alt=\"[Bild: Nisse. Alanya, Turkiet]\" title=\"Nisse. Alanya, Turkiet\" \/><br \/>\n<small><small>(Kameran \u00f6verexponerade?)<\/small><\/small><br \/>\nFel, det finns ett bord till, ett litet runt balkongbord. Har funderat p\u00e5 att st\u00e4lla in det i sovrummet och en av balkongstolarna. Det kan bli en sittv\u00e4nligare &#8217;datorarbetsplats&#8217;.<\/p>\n<p>Ska bara testa s\u00e5 det &#8217;tr\u00e5dl\u00f6sa&#8217; bredbandet n\u00e5r dit ocks\u00e5.<\/p>\n<p>Har jag g\u00e5tt ned i vikt eller inte? K\u00e4nns inte s\u00e5 och inte ser det ut s\u00e5 heller&#8230;<\/p>\n<p>Till v\u00e4nster, utanf\u00f6r bilden, finns ett k\u00f6kspentry.<br \/>\nTill h\u00f6ger, ocks\u00e5 utanf\u00f6r bilden, finns balkongen.<br \/>\nBakom kameran finns Toaletten, med WC, dusch och handfat.<br \/>\nTill h\u00f6ger, bakom kameran finns sovrummet.<br \/>\nTill v\u00e4nster om kameran, finns ytterd\u00f6rren.<\/p>\n<p><span style=\"font-weight: bold\">Burger King<\/span><br \/>\nH\u00f6gst upp i &#8217;gallerian&#8217;\u00a0Alanyum l\u00e5g det en Burger King s\u00e5 jag slog till. Ett Wopper Meal med &#8217;plusmeny&#8217; (11 TRY)<br \/>\nVisst var det gott men jag fick n\u00e4stan genast v\u00e4tska i lyftr\u00f6ren och k\u00e4nde hur tr\u00f6ttheten kom smygande. Erfarenhet: Undvik den typen av mat!<\/p>\n<p><span style=\"font-weight: bold\">Tv\u00e4tt<\/span><br \/>\nGjorde ju upp med kontaktpersonen att jag skulle st\u00e4lla upp tv\u00e4tten med s\u00e4ngkl\u00e4derna, utanf\u00f6r hennes d\u00f6rr, i morse, s\u00e5 skulle hon st\u00e4lla ned tv\u00e4tten utanf\u00f6r min d\u00f6rr n\u00e4r den var klar f\u00f6r upph\u00e4ngning.<br \/>\nInte f-n har det kommit n\u00e5gon tv\u00e4tt \u00e4n och torktiden f\u00f6r i vart fall lakanet och \u00f6rngotten \u00e4r strax passerad.<\/p>\n<p>S\u00e5 det blir v\u00e4l till att g\u00e5 ut p\u00e5 stan och investera i lakan och ett \u00f6rngott, ocks\u00e5&#8230;<br \/>\nOm nu inte kontaktpersonen kan &#8217;trolla fram&#8217; n\u00e5got.<\/p>\n<p>Nog b\u00e4st att f\u00e5 se till \u00e5 f\u00e5 tv\u00e4ttat sj\u00e4lv i forts\u00e4ttningen.<\/p>\n<p>Nu (18:04) b\u00f6rjar det k\u00e4nnas sent&#8230; h\u00e4r \u00e4r kolsvart nu och snart vill jag natta mig och inga &#8217;s\u00e4ngkl\u00e4der&#8217; har jag&#8230;<\/p>\n<p>&#8217;Sk\u00e4mtet&#8217; (ironin) ovan kanske blir allvar&#8230;<\/p>\n<p><span style=\"font-weight: bold\">Reflektion<\/span><br \/>\nEtt par sm\u00e5 reflektioner.<br \/>\nHemma i Sverige s\u00e5 \u00e4r ju de bananer vi f\u00e5r dit n\u00e4stan sv\u00e5ra att skala. Ni vet man f\u00e5r &#8217;kn\u00e4cka&#8217; till uppe vid det s.k. f\u00e4stet \/ stj\u00e4lken.<br \/>\nH\u00e4r, i Turkiet, r\u00e4cker det att man h\u00e5ller i bananen, i den \u00e4ndan s\u00e5 ramlar den is\u00e4r. D\u00e4rf\u00f6r kan det bli lite pinsamt i aff\u00e4ren om man inte vill ha en hel sammanh\u00e4ngande &#8217;klase&#8217; med bananer. Egen erfarenhet :me:<\/p>\n<p>Det andra \u00e4r tomaterna. D\u00e4r \u00e4r det \u00e4nna omv\u00e4nt. Hemma kan man ju l\u00e4tt peta bort de gr\u00f6na bladen och stj\u00e4lken. H\u00e4r, i Turkiet, \u00e4r det n\u00e4stan s\u00e5 jag f\u00e5r g\u00e5 och h\u00e4mta t\u00e5ngen.<\/p>\n<p>Undrar vad\u00a0denna skillnad kan bero p\u00e5?<br \/>\nF\u00f6rutom, det uppenbara, att det \u00e4r olika &#8217;sorter&#8217;.<\/p>\n<p><span style=\"font-weight: bold\">Smutsfl\u00e4ck<\/span><br \/>\nSkulle peta bort en svart smutsfl\u00e4ck i pentryt. Fl\u00e4cken fl\u00f6g iv\u00e4g:<br \/>\n<img decoding=\"async\" src=\"http:\/\/ngn.nu\/BilderT\/091012-DSCN0124-Fluga-Turkiet-Kompr70-w450.JPG\" style=\"width: 450px; height: 355px\" alt=\"[Bild: Fluga. Alanya, Turkiet]\" title=\"Fluga. Alanya, Turkiet\" \/><br \/>\nIngen bra bild (ska se om jag kan f\u00e5 en b\u00e4ttre&#8230;), i hastigheten. S\u00e4kert n\u00e5gon fruktfluga. Dags att t\u00f6mma kompostp\u00e5sen (\u00e4ven om de nu inte &#8217;separerar h\u00e4r s\u00e5 \u00e4r det l\u00e4ttare att h\u00e5lla is\u00e4r p\u00e5 v\u00e5tt och torrt avfall.)<\/p>\n<p>Gjorde samtidigt en mindre rolig uppt\u00e4ckt. Det finns s\u00e5dana h\u00e4r, uppe i l\u00e4genheten:<br \/>\n<img decoding=\"async\" src=\"http:\/\/ngn.nu\/BilderT\/091012-DSCN0132-Myra-Turkiet-Kompr70-w450.JPG\" style=\"width: 450px; height: 304px\" alt=\"[Bild: Myra. Alanya, Turkiet]\" title=\"Myra. Alanya, Turkiet\" \/><br \/>\nDe \u00e4r ca 2mm stora (sm\u00e5).<br \/>\nIngen bar bild det h\u00e4r heller men det blir s\u00e4kert fler tillf\u00e4llen, tyv\u00e4rr&#8230;<\/p>\n<p>Och s\u00e5 fl\u00f6g det omkring en s\u00e5dan h\u00e4r pytteliten en, ca 2mm:<br \/>\n<a href=\"http:\/\/bilder.ngn.nu\/index.php\/2009\/10\/12\/fluga-26\/#Fluga\" target=\"_blank\"><img decoding=\"async\" src=\"http:\/\/ngn.nu\/BilderT\/091012-DSC01558-Fluga-Turkiet-Kompr42-w150.JPG\" style=\"border: 0px solid ; width: 150px; height: 113px\" alt=\"[Bild: Fluga i Turkiet]\" title=\"Flugal i Turkiet\" \/><\/a><\/p>\n<p><span style=\"font-weight: bold\">Bad<\/span><br \/>\nT\u00e4nkte (14:00) att tv\u00e4tten skulle komma s\u00e5 jag kunde h\u00e4nga upp den och sedan \u00e5ka ned och bada. Nu (17:11) \u00e4r det snart m\u00f6rkt&#8230;<\/p>\n<p><span style=\"font-weight: bold\">Pang!<\/span><br \/>\nDet sm\u00e4ller (17:13). Antingen har de ihj\u00e4l varandra (i s\u00e5 fall en om dagen, f\u00f6r det sm\u00e4ller som ett pistolskott ungef\u00e4r varje dag).<\/p>\n<p>Det kan ocks\u00e5 vara en misslyckat uppumpning av ett scooterd\u00e4ck. Det ligger en &#8217;bakg\u00e5rdsverkstad&#8217;, snett \u00f6ver gatan.<\/p>\n<p><span style=\"font-weight: bold\">H\u00e4lsol\u00e4get<\/span>:<br \/>\nDet \u00e4r ett litet problem med att ha p\u00e5 sig h\u00f6rapparaterna h\u00e4r. Jag svettas n\u00e4stan konstant. S\u00e5 det \u00e4r en anledning till att jag &#8217;h\u00f6r&#8217; min tinnitus mer nu.<\/p>\n","protected":false},"excerpt":{"rendered":"<p>Planering: Utforska Alanya Hoppas hitta reptiler och andra djur att fotografera. Till internetcaf\u00e9et &#8211; Uppdatera bloggen &#8211; f\u00f6rhoppningsvis kunna publicera n\u00e5gon bild S\u00e5 h\u00e4r blev det: Har redigerat: Turkiet &#8211; Alanya &#8211; Dag 10 av 62. Duvor H\u00e4r finns massor &hellip; <a href=\"https:\/\/blogg.ngn.nu\/index.php\/2009\/10\/12\/turkiet-alanya-dag-11-av-62\/\">Forts\u00e4tt l\u00e4sa <span class=\"meta-nav\">&rarr;<\/span><\/a><\/p>\n","protected":false},"author":1,"featured_media":0,"comment_status":"open","ping_status":"closed","sticky":false,"template":"","format":"standard","meta":{"footnotes":""},"categories":[444,338,622,601,598,359,222],"tags":[688,351,710,412,441,711,687,705],"class_list":["post-784","post","type-post","status-publish","format-standard","hentry","category-bilder","category-djur","category-horsel","category-magen","category-naturbesok","category-resa","category-tinnitus","tag-alanya","tag-bredband","tag-duva","tag-fluga","tag-myror","tag-saker","tag-turkiet","tag-odla"],"_links":{"self":[{"href":"https:\/\/blogg.ngn.nu\/index.php\/wp-json\/wp\/v2\/posts\/784","targetHints":{"allow":["GET"]}}],"collection":[{"href":"https:\/\/blogg.ngn.nu\/index.php\/wp-json\/wp\/v2\/posts"}],"about":[{"href":"https:\/\/blogg.ngn.nu\/index.php\/wp-json\/wp\/v2\/types\/post"}],"author":[{"embeddable":true,"href":"https:\/\/blogg.ngn.nu\/index.php\/wp-json\/wp\/v2\/users\/1"}],"replies":[{"embeddable":true,"href":"https:\/\/blogg.ngn.nu\/index.php\/wp-json\/wp\/v2\/comments?post=784"}],"version-history":[{"count":0,"href":"https:\/\/blogg.ngn.nu\/index.php\/wp-json\/wp\/v2\/posts\/784\/revisions"}],"wp:attachment":[{"href":"https:\/\/blogg.ngn.nu\/index.php\/wp-json\/wp\/v2\/media?parent=784"}],"wp:term":[{"taxonomy":"category","embeddable":true,"href":"https:\/\/blogg.ngn.nu\/index.php\/wp-json\/wp\/v2\/categories?post=784"},{"taxonomy":"post_tag","embeddable":true,"href":"https:\/\/blogg.ngn.nu\/index.php\/wp-json\/wp\/v2\/tags?post=784"}],"curies":[{"name":"wp","href":"https:\/\/api.w.org\/{rel}","templated":true}]}}