{"id":768,"date":"2009-09-19T00:01:54","date_gmt":"2009-09-18T22:01:54","guid":{"rendered":"http:\/\/blogg.ngn.nu\/index.php\/2009\/09\/19\/tova-dop-dag-3\/"},"modified":"2009-09-21T18:02:48","modified_gmt":"2009-09-21T16:02:48","slug":"tova-dop-dag-3","status":"publish","type":"post","link":"https:\/\/blogg.ngn.nu\/index.php\/2009\/09\/19\/tova-dop-dag-3\/","title":{"rendered":"Tova Dop Dag 3"},"content":{"rendered":"<p>Planering:<br \/>\nSj\u00e4lva dopdagen.<\/p>\n<p><strong>S\u00e5 h\u00e4r blev det<\/strong>:<br \/>\ns\u00f6mn ok.<\/p>\n<p>L\u00e5g och vilade s\u00e5 mycket som m\u00f6jligt. En tuff dag v\u00e4ntade (inte bara f\u00f6r mig&#8230;)<\/p>\n<p>Sonen kom och h\u00e4mtade Monicka, Patricia, Oskar och Mille.<br \/>\nJag och hustrun \u00e5kte med hennes syster och sv\u00e5gern.<\/p>\n<p>Det blev lite tajt. Mille best\u00e4mde sig f\u00f6r att en bilf\u00e4rd just d\u00e5, var en ytterst tr\u00e5kig aktivitet &#8211; ja n\u00e4stan d\u00f6dstr\u00e5kig med tanke p\u00e5 den f\u00f6rtvivlan han uttryckte.<br \/>\n(Tur vi inte \u00e5kte i den bilen&#8230;)<\/p>\n<p>Det verkade som om Tova tyckte att sj\u00e4lva dopet var en h\u00f6jdare hon kikade och log och s\u00e5g ut att tycka det hela var v\u00e4ldigt intressant, hela tiden.<\/p>\n<p>Sedan fick de vuxna f\u00f6r sig att hon inte skulle ha dopkl\u00e4nningen p\u00e5 sig. D\u00e5 deppade hon ihop. Tr\u00f6tt, kallar f\u00f6r\u00e4ldrarna det. Hon sov sig igenom dopkaffet. Mot slutet vaknade hon till lagom till en ny fotosession. D\u00e5 skulle dopkl\u00e4nningen p\u00e5 och n\u00e4ra och k\u00e4ra skulle fotograferas tillsammans med den nyd\u00f6pta.<\/p>\n<p>Min kamera best\u00e4mde sig d\u00e5 f\u00f6r att trilskas \u00e5 det v\u00e4rsta s\u00e5 det blev inte en vettig bild &#8211; ja kanske n\u00e5gon&#8230;<br \/>\nSj\u00e4lva dopakten och Tova:<br \/>\n<img loading=\"lazy\" decoding=\"async\" src=\"http:\/\/ngn.nu\/Bilder5\/090919-DSC01245-TovaDop-Kompr70-w300.JPG\" alt=\"[Bild: Tovas dop - dopet]\" title=\"Tovas dop - dopet\" height=\"519\" width=\"300\" \/><\/p>\n<p>Tovas mamma har fixat med massor. Bl.a. egenh\u00e4ndigt handskrivan Tovaservetter:<br \/>\n<img loading=\"lazy\" decoding=\"async\" src=\"http:\/\/ngn.nu\/Bilder5\/090919-DSC04572-TovaDop-Servett-Kompr80-w400.JPG\" alt=\"[Bild: Tovas dop - servett]\" title=\"Tovas dop - servett\" height=\"264\" width=\"400\" \/><\/p>\n<p>Vi bj\u00f6ds p\u00e5 sm\u00f6rg\u00e5st\u00e5rta och sedan kom det t\u00e5rtor, tjusigt garnerade:<br \/>\n<img loading=\"lazy\" decoding=\"async\" src=\"http:\/\/ngn.nu\/Bilder5\/090919-DSC04592-TovaDop-Tartor-Kompr70_w400.JPG\" alt=\"[Bild: Tovas dop - t\u00e5rtorna]\" title=\"Tovas dop - t\u00e5rtorna\" height=\"225\" width=\"400\" \/><\/p>\n<p>Sedan vaknade d\u00e5 Tova lagom till en ny fotosession:<br \/>\n<img loading=\"lazy\" decoding=\"async\" src=\"http:\/\/ngn.nu\/Bilder5\/090919-DSC04599-TovaDop-Kompr70-w400.JPG\" alt=\"[Bild: Tovas dop - fotosession]\" title=\"Tovas dop - fotosession\" height=\"496\" width=\"400\" \/><br \/>\nHon \u00e4r &#8217;fotochic&#8217;, den lilla&#8230;<\/p>\n<p>Efter dopkaffet blev det transport tillbaka till G\u00e4vle (dopet h\u00f6lls i Skutsk\u00e4rs kyrka).<\/p>\n<p>Efter n\u00e5gra timmars vila, f\u00f6r min del s\u00e5 blev det att \u00e5ka tillbaka till Skutsk\u00e4r och hem till sv\u00e4rf\u00f6r\u00e4ldrarna. Det blev ju sm\u00f6rg\u00e5st\u00e5rta och t\u00e5rta \u00f6ver&#8230;<\/p>\n<p>Det hela kompletterades med grillade korvar och goda sallader.<\/p>\n<p>Det var en tr\u00f6tt Nisse som tippade i s\u00e4ng n\u00e4r vi sedan kom &#8217;hem&#8217;.<\/p>\n<p>I morgon blir det bilresa hem till V\u00e4nersborg<\/p>\n<p><strong>H\u00e4lsol\u00e4get<\/strong>:<br \/>\nImponerande med tanke p\u00e5 prestationen&#8230;<\/p>\n","protected":false},"excerpt":{"rendered":"<p>Planering: Sj\u00e4lva dopdagen. S\u00e5 h\u00e4r blev det: s\u00f6mn ok. L\u00e5g och vilade s\u00e5 mycket som m\u00f6jligt. En tuff dag v\u00e4ntade (inte bara f\u00f6r mig&#8230;) Sonen kom och h\u00e4mtade Monicka, Patricia, Oskar och Mille. Jag och hustrun \u00e5kte med hennes syster &hellip; <a href=\"https:\/\/blogg.ngn.nu\/index.php\/2009\/09\/19\/tova-dop-dag-3\/\">Forts\u00e4tt l\u00e4sa <span class=\"meta-nav\">&rarr;<\/span><\/a><\/p>\n","protected":false},"author":1,"featured_media":0,"comment_status":"open","ping_status":"closed","sticky":false,"template":"","format":"standard","meta":{"footnotes":""},"categories":[347,444,359,219],"tags":[457,612],"class_list":["post-768","post","type-post","status-publish","format-standard","hentry","category-bemarkelsedag","category-bilder","category-resa","category-trott","tag-gavle","tag-tova"],"_links":{"self":[{"href":"https:\/\/blogg.ngn.nu\/index.php\/wp-json\/wp\/v2\/posts\/768","targetHints":{"allow":["GET"]}}],"collection":[{"href":"https:\/\/blogg.ngn.nu\/index.php\/wp-json\/wp\/v2\/posts"}],"about":[{"href":"https:\/\/blogg.ngn.nu\/index.php\/wp-json\/wp\/v2\/types\/post"}],"author":[{"embeddable":true,"href":"https:\/\/blogg.ngn.nu\/index.php\/wp-json\/wp\/v2\/users\/1"}],"replies":[{"embeddable":true,"href":"https:\/\/blogg.ngn.nu\/index.php\/wp-json\/wp\/v2\/comments?post=768"}],"version-history":[{"count":0,"href":"https:\/\/blogg.ngn.nu\/index.php\/wp-json\/wp\/v2\/posts\/768\/revisions"}],"wp:attachment":[{"href":"https:\/\/blogg.ngn.nu\/index.php\/wp-json\/wp\/v2\/media?parent=768"}],"wp:term":[{"taxonomy":"category","embeddable":true,"href":"https:\/\/blogg.ngn.nu\/index.php\/wp-json\/wp\/v2\/categories?post=768"},{"taxonomy":"post_tag","embeddable":true,"href":"https:\/\/blogg.ngn.nu\/index.php\/wp-json\/wp\/v2\/tags?post=768"}],"curies":[{"name":"wp","href":"https:\/\/api.w.org\/{rel}","templated":true}]}}