{"id":752,"date":"2009-09-03T19:34:26","date_gmt":"2009-09-03T17:34:26","guid":{"rendered":"http:\/\/blogg.ngn.nu\/index.php\/2009\/09\/03\/vantar-a-vantar\/"},"modified":"2009-09-03T19:34:26","modified_gmt":"2009-09-03T17:34:26","slug":"vantar-a-vantar","status":"publish","type":"post","link":"https:\/\/blogg.ngn.nu\/index.php\/2009\/09\/03\/vantar-a-vantar\/","title":{"rendered":"V\u00e4ntar \u00e5 v\u00e4ntar&#8230;"},"content":{"rendered":"<p>s\u00f6mn, ok.<\/p>\n<p><strong>L\u00e4karbes\u00f6k<\/strong><br \/>\nMitt frikort var slut&#8230;, m\u00e5ste b\u00f6rja p\u00e5 ett nytt.<\/p>\n<p>S\u00f6kte ju f\u00f6r en fl\u00e4ck som b\u00f6rjat dyka upp och kliar lite, p\u00e5 h\u00f6ger kind.<\/p>\n<p>Besked: No worry!<\/p>\n<p>Ska bara h\u00e5lla ett \u00f6ga p\u00e5 den det f\u00e5r ju inte dra iv\u00e4g och bli n\u00e5gon kraftigare f\u00f6r\u00e4ndring att det \u00e4ndrar karakt\u00e4r. S\u00e5 nu betraktas det som en ren pigmentf\u00f6r\u00e4ndring. Har v\u00e4l med \u00e5lder \u00e5 g\u00f6ra&#8230;<\/p>\n<p><strong>Magen<\/strong><br \/>\nEgentligen konstigt att skriva om det offentligt men det \u00e4r en stor del av mitt liv. Hur, s\u00e5 att s\u00e4ga; magen sk\u00f6ter sig.<\/p>\n<p>Den har ju sedan h\u00f6sten 2006 inte velat sk\u00f6ta sig alls och f\u00f6re det har det varit lite si och s\u00e5 samt fram och tillbaka. Mest &#8217;si&#8217; och &#8217;tillbaka&#8217;.<\/p>\n<p>Nu p\u00e5 f\u00f6rmiddagen hade jag i vart fall n\u00e4stan normal. Jag blev faktiskt f\u00f6rv\u00e5nad. S\u00e5d\u00e4r utan f\u00f6rvarning liksom. Och ingen kostf\u00f6r\u00e4ndring att tala om.<\/p>\n<p>Kan\u00a0jag ha varit s\u00e5 ini helsike nerv\u00f6s och psykiskt belastat inf\u00f6r beslutet om min sjukpensionering?<br \/>\n\u00c4r det klimatf\u00f6r\u00e4ndringen? (jag m\u00e5r b\u00e4ttre av varmare \/ mildare klimat)<br \/>\nHar jag f\u00e5tt i mig n\u00e5gon bakterie som faktiskt \u00e4r bra f\u00f6r magen som kanske fattats f\u00f6rut?<\/p>\n<p><strong>Lite bildfixande<\/strong><br \/>\nOrdnade\u00a0bilder som kan n\u00e5s direkt till bildbloggen: <a href=\"http:\/\/bilder.ngn.nu\/index.php\/2009\/07\/02\/\" target=\"_blank\">2 juli 2009<\/a> eller via blogginl\u00e4gget: <a href=\"https:\/\/blogg.ngn.nu\/index.php\/2009\/07\/02\/campingdag-2\/\" target=\"_blank\">Campingdag 2<\/a>.<\/p>\n<p><strong>Tova<\/strong><br \/>\nNu \u00e4r hon h\u00e4r med sin mamma och pappa. Vi ska passa henne l\u00f6rdag-s\u00f6ndag, det blir tufft&#8230;<br \/>\n<img loading=\"lazy\" decoding=\"async\" src=\"http:\/\/ngn.nu\/Bilder5\/090903-DSC04497-Tova-Kompr70-w420.JPG\" alt=\"[Bild: Tova]\" title=\"Toav\" width=\"420\" height=\"564\" \/><\/p>\n<p><strong>H\u00e4lsol\u00e4get<\/strong>:<br \/>\nK\u00e4nns lite segt p\u00e5 morgonen. V\u00e4rker i l\u00e4ndryggen och h\u00f6ger (hela) arm.<br \/>\nDet blev mycket b\u00e4ttre n\u00e4r Tova kom&#8230; :me:<\/p>\n","protected":false},"excerpt":{"rendered":"<p>s\u00f6mn, ok. L\u00e4karbes\u00f6k Mitt frikort var slut&#8230;, m\u00e5ste b\u00f6rja p\u00e5 ett nytt. S\u00f6kte ju f\u00f6r en fl\u00e4ck som b\u00f6rjat dyka upp och kliar lite, p\u00e5 h\u00f6ger kind. Besked: No worry! Ska bara h\u00e5lla ett \u00f6ga p\u00e5 den det f\u00e5r ju &hellip; <a href=\"https:\/\/blogg.ngn.nu\/index.php\/2009\/09\/03\/vantar-a-vantar\/\">Forts\u00e4tt l\u00e4sa <span class=\"meta-nav\">&rarr;<\/span><\/a><\/p>\n","protected":false},"author":1,"featured_media":0,"comment_status":"open","ping_status":"closed","sticky":false,"template":"","format":"standard","meta":{"footnotes":""},"categories":[570,444,338,601,343],"tags":[135,612,212],"class_list":["post-752","post","type-post","status-publish","format-standard","hentry","category-besok-upplevelse-halsa","category-bilder","category-djur","category-magen","category-ryggen","tag-lakarbesok","tag-tova","tag-vark"],"_links":{"self":[{"href":"https:\/\/blogg.ngn.nu\/index.php\/wp-json\/wp\/v2\/posts\/752","targetHints":{"allow":["GET"]}}],"collection":[{"href":"https:\/\/blogg.ngn.nu\/index.php\/wp-json\/wp\/v2\/posts"}],"about":[{"href":"https:\/\/blogg.ngn.nu\/index.php\/wp-json\/wp\/v2\/types\/post"}],"author":[{"embeddable":true,"href":"https:\/\/blogg.ngn.nu\/index.php\/wp-json\/wp\/v2\/users\/1"}],"replies":[{"embeddable":true,"href":"https:\/\/blogg.ngn.nu\/index.php\/wp-json\/wp\/v2\/comments?post=752"}],"version-history":[{"count":0,"href":"https:\/\/blogg.ngn.nu\/index.php\/wp-json\/wp\/v2\/posts\/752\/revisions"}],"wp:attachment":[{"href":"https:\/\/blogg.ngn.nu\/index.php\/wp-json\/wp\/v2\/media?parent=752"}],"wp:term":[{"taxonomy":"category","embeddable":true,"href":"https:\/\/blogg.ngn.nu\/index.php\/wp-json\/wp\/v2\/categories?post=752"},{"taxonomy":"post_tag","embeddable":true,"href":"https:\/\/blogg.ngn.nu\/index.php\/wp-json\/wp\/v2\/tags?post=752"}],"curies":[{"name":"wp","href":"https:\/\/api.w.org\/{rel}","templated":true}]}}