{"id":750,"date":"2009-09-01T23:18:08","date_gmt":"2009-09-01T21:18:08","guid":{"rendered":"http:\/\/blogg.ngn.nu\/index.php\/2009\/09\/01\/varm-tisdag\/"},"modified":"2009-09-01T23:18:08","modified_gmt":"2009-09-01T21:18:08","slug":"varm-tisdag","status":"publish","type":"post","link":"https:\/\/blogg.ngn.nu\/index.php\/2009\/09\/01\/varm-tisdag\/","title":{"rendered":"Varm Tisdag"},"content":{"rendered":"<p>s\u00f6mn ok<\/p>\n<p><font color=\"#3333ff\" face=\"sans-serif\"><strong>Brandt Bil<\/strong><\/font><br \/>\nL\u00e4mnade in bilen f\u00f6r inmontering av svankjustering i f\u00f6rars\u00e4tet.<\/p>\n<p><strong>Alsterdokumentation<\/strong><br \/>\nHar tagit bilder p\u00e5 en massa teckningar och m\u00e5lningar.<\/p>\n<p>Och har publicerat f\u00f6ljande (p\u00e5 <a href=\"http:\/\/galleri.ngn.nu\" target=\"_blank\">galleri.ngn.nu<\/a>):<br \/>\n<a href=\"http:\/\/galleri.ngn.nu\/v\/alster\/090901-1985-DSC04357-RELATION-Kompr70-w800.JPG.html\" target=\"_blank\"><img loading=\"lazy\" decoding=\"async\" src=\"http:\/\/galleri.ngn.nu\/d\/193-2\/090901-1985-DSC04357-RELATION-Kompr70-w800.JPG\" alt=\"[Bild: RELATION]\" title=\"RELATION\" width=\"150\" border=\"0\" height=\"105\" \/><\/a><br \/>\nRELATION<\/p>\n<p><a href=\"http:\/\/galleri.ngn.nu\/v\/alster\/090901-1987-DSC04358-HAEST-Kompr70-w800.JPG.html\" target=\"_blank\"><img loading=\"lazy\" decoding=\"async\" src=\"http:\/\/galleri.ngn.nu\/d\/202-2\/090901-1987-DSC04358-HAEST-Kompr70-w800.JPG\" alt=\"[Bild: H\u00c4ST]\" title=\"H\u00c4ST\" width=\"104\" border=\"0\" height=\"150\" \/><\/a><br \/>\nH\u00c4ST<\/p>\n<p><strong>Naturrunda<\/strong><br \/>\nSolen kom ju fram himla l\u00e4gligt till ca 10:00-tiden s\u00e5 jag svidade om till mina smyga-i-naturen-kl\u00e4der och greppade den digitala systemkameran samt grenslade cykeln.<\/p>\n<p>Tv\u00e5 huggormar, en skogs\u00f6dla, en trollsl\u00e4nda samt en svan\u00a0blev det som jag best\u00e4mde mig f\u00f6r att f\u00e5nga, p\u00e5 bild.<\/p>\n<p>Huggorm 1<br \/>\n<a href=\"http:\/\/bilder.ngn.nu\/index.php\/2009\/09\/01\/huggorm-28\/#Huggorm1\" target=\"_blank\"><img loading=\"lazy\" decoding=\"async\" src=\"http:\/\/ngn.nu\/Bilder5\/090901-DSC01174-Huggorm-Kompr35-w150.JPG\" alt=\"[Bild: Huggorm (Vipera berus)]\" title=\"Huggorm (Vipera berus)\" width=\"150\" border=\"0\" height=\"121\" \/><\/a><\/p>\n<p>Skogs\u00f6dla<br \/>\n<a href=\"http:\/\/bilder.ngn.nu\/index.php\/2009\/09\/01\/skogsodla-7\/#Skogsodla\" target=\"_blank\"><img loading=\"lazy\" decoding=\"async\" src=\"http:\/\/ngn.nu\/Bilder5\/090901-DSC01179-Skogoedla-Kompr45-w150.JPG\" alt=\"[Bild: Skogs\u00f6dla (Zootoca vivipara, tidigare Lacerta vivipara)]\" title=\"Skogs\u00f6dla (Zootoca vivipara, tidigare Lacerta vivipara)\" width=\"150\" border=\"0\" height=\"121\" \/><\/a><\/p>\n<p>Trollsl\u00e4nda<br \/>\n<a href=\"http:\/\/bilder.ngn.nu\/index.php\/2009\/09\/01\/trollslanda-7\/#Trollslaenda\" target=\"_blank\"><img loading=\"lazy\" decoding=\"async\" src=\"http:\/\/ngn.nu\/Bilder5\/090901-DSC01193-Trollslaenda-Kompr45-w150.JPG\" alt=\"[Bild: \u00c4ngstrollsl\u00e4nda (Sympetrum vulgatum)]\" title=\"\u00c4ngstrollsl\u00e4nda (Sympetrum vulgatum)\" width=\"150\" border=\"0\" height=\"104\" \/><\/a><\/p>\n<p>Svan<br \/>\n<a href=\"http:\/\/bilder.ngn.nu\/index.php\/2009\/09\/01\/svan\/#Svan\" target=\"_blank\"><img loading=\"lazy\" decoding=\"async\" src=\"http:\/\/ngn.nu\/Bilder5\/090901-DSC01200-Knoelsvan-Kompr35-w150.JPG\" alt=\"[Bild: Kn\u00f6lsvan (Cygnus olor), hona]\" title=\"Kn\u00f6lsvan (Cygnus olor), hona\" width=\"150\" border=\"0\" height=\"121\" \/><\/a><\/p>\n<p>Huggorm 2<br \/>\n<a href=\"http:\/\/bilder.ngn.nu\/index.php\/2009\/09\/01\/huggorm-29\/#Huggorm2\" target=\"_blank\"><img loading=\"lazy\" decoding=\"async\" src=\"http:\/\/ngn.nu\/Bilder5\/090901-DSC01231+1226-Huggorm-Kompr35-w150.JPG\" alt=\"[Bild: Huggorm (Vipera berus)]\" title=\"Huggorm (Vipera berus)\" width=\"150\" border=\"0\" height=\"98\" \/><\/a><\/p>\n<p>Senare p\u00e5 dagen, hittade jag en harkrank p\u00e5 v\u00e4ggen till v\u00e5r bostadsr\u00e4ttsfastighet:<\/p>\n<p>Harkrank<br \/>\n<a href=\"http:\/\/bilder.ngn.nu\/index.php\/2009\/09\/01\/harkrank-3\/#Harkrank\" target=\"_blank\"><img loading=\"lazy\" decoding=\"async\" src=\"http:\/\/ngn.nu\/Bilder5\/090901-DSC04488-Harkrank-Kompr40-w150.JPG\" alt=\"[Bild: K\u00e4rrharkrank (Tipula paludosa Tipulidae), hane]\" title=\"K\u00e4rrharkrank (Tipula paludosa Tipulidae), hane\" width=\"150\" border=\"0\" height=\"199\" \/><\/a><\/p>\n<p><strong>Farsan<\/strong><br \/>\nFick svar fr\u00e5n Skatteverket ang\u00e5ende en fr\u00e5ga om de kunde f\u00f6ra \u00f6ver 29 SEK fr\u00e5n mor Vivans d\u00f6dsbo (skattekontot) till pappas.<\/p>\n<p>Det gick inte att l\u00f6sa det p\u00e5 smidigt vis utan det skulle beg\u00e4ras skriftligt till lokalt skattekontor s\u00e5 jag har f\u00f6rfattat ett dokument som far ska datera och skriva under.<br \/>\nDokumentet:<\/p>\n<div style=\"background: white none repeat scroll 0% 50%; -moz-background-clip: -moz-initial; -moz-background-origin: -moz-initial; -moz-background-inline-policy: -moz-initial\">\n<div align=\"right\"><small>&#8221;Trollh\u00e4ttan<br \/>\n<\/small><\/div>\n<p><small>Till:<br \/>\nSkatteverket<br \/>\nBox 980<br \/>\n461 29 TROLLH\u00c4TTAN<\/small><\/p>\n<p><small>Fr\u00e5n:<br \/>\nNils Nordlund<br \/>\nYYMMDD-XXXX<br \/>\n<em>Postadress<\/em><\/small><\/p>\n<p><small>\u00c4rende:<br \/>\nBeg\u00e4ran om utbetalning av innest\u00e5ende medel p\u00e5 skattekonto f\u00f6r avliden person<\/small><\/p>\n<p><small>Vi, min son (Nils-Gunnar Nordlund) och jag har varit i kontakt med Skatteverket f\u00f6r att f\u00e5 29 SEK \u00f6verf\u00f6rda fr\u00e5n Vivan Nordlund (YYMMDD-XXXX) D\u00d6DSBO till Nils Nordlund (YYMMDD-XXXX).<\/small><\/p>\n<p><small>Fick f\u00f6ljande svar:<br \/>\n&#8217;<em>Hej !<\/em><\/small><\/p>\n<p><small><em>S\u00e5 l\u00e4nge det finns n\u00e5got plus eller minus p\u00e5 skattekontot s\u00e5 &#8221;lever det vidare&#8221;. F\u00f6r att skattekontot ska &#8221;avslutas&#8221; s\u00e5 m\u00e5ste det vara noll p\u00e5 skattekontot och sedan f\u00e5r det inte vara n\u00e5gra mer transaktioner.<\/em><\/small><\/p>\n<p><small><em>Svaret p\u00e5 er fr\u00e5ga \u00e4r att ni m\u00e5ste beg\u00e4ra ut pengarna skriftligen fr\u00e5n det skattekontor som hon tillh\u00f6rde\/tillh\u00f6r. F\u00f6rst d\u00e5 n\u00e4r pengarna \u00e4r utbetalda och saldot \u00e4r noll p\u00e5 skattekontot s\u00e5 slutar det att skickas ut kontoutdrag. Det g\u00e5r tyv\u00e4rr inte att f\u00f6ra \u00f6ver n\u00e5gra pengar till n\u00e5gon annan fr\u00e5n hennes skattekonto.<\/em><\/small><\/p>\n<p><small><em>Med v\u00e4nlig h\u00e4lsning<br \/>\nPatrik Gunnarsson<br \/>\nSkatteverket<\/em>&#8217;<\/small><\/p>\n<p><small>S\u00e5 nu beg\u00e4r, Nils-Nordlund, skriftligen att pengarna ska betalas ut.<\/small><\/p>\n<p><small>Utm\u00e4rkt vore om de 29 SEK (+ ev r\u00e4nta) kunde s\u00e4ttas in p\u00e5:<br \/>\nBankkonto:\u00a0XXX XXX XXX-X<br \/>\nClearingnr:\u00a0XXXX-X<br \/>\nBank:\u00a0<em>Banken<\/em><\/small><\/p>\n<p><small>V\u00e4nligen<\/small><\/p>\n<p><small>Trollh\u00e4ttan den: _______________<\/small><\/p>\n<p><small>_________________________________________<br \/>\nNils Nordlund, YYMMDD-XXXX&#8221;<\/small><\/p>\n<\/div>\n<p> <font color=\"#3333ff\" face=\"sans-serif\"><strong>Brandt Bil<br \/>\n<\/strong><\/font>H\u00e4mtade bilen. Svankjusteringen var monterad. Diskuterade ocks\u00e5 kvaliteten p\u00e5 tyget \u00e5 passagerars\u00e4tet som redan b\u00f6rjar bli slitet, typ nopprigt.<\/p>\n<p>Och s\u00e5 vill jag ju ha riktigt centrall\u00e5s. Nu har vi visserligen s.k. fj\u00e4rrl\u00e5s men jag utgick fr\u00e5n att n\u00e4r det st\u00e5r centrall\u00e5s i beskrivningen s\u00e5 \u00e4r det en funktion som \u00f6ppnar alla d\u00f6rrar om man \u00f6ppnar en, med en nyckel i ett nyckell\u00e5s.<\/p>\n<p>S\u00e5 \u00e4r det inte.<\/p>\n<p>Det sitter en knapp inne p\u00e5 instrumentpanelen, i mitten, d\u00e4r kan man trycka f\u00f6r att \u00f6ppna och l\u00e5sa alla l\u00e5s, det kallar tydligen Rum\u00e4nerna f\u00f6r &#8217;centrall\u00e5s&#8217;, verkar det som.<br \/>\nInte sant. I bilens &#8217;manual&#8217; st\u00e5r att de fordon som inte \u00e4r utrustade med centrall\u00e5s kan ha s.k. fj\u00e4rrl\u00e5s. varianten vanligt l\u00e5s finns ocks\u00e5.<\/p>\n<p>Den d\u00e4r knappen i mitten \u00e4r till f\u00f6r situationer d\u00e5 man f\u00e4rdas i skumma kvarter&#8230;<\/p>\n<p>Jag f\u00f6rklarade f\u00f6r f\u00f6rs\u00e4ljaren att vi hellre har &#8217;riktigt&#8217; centrall\u00e5s \u00e4n fj\u00e4rrl\u00e5s. Fr\u00e4mst beroende p\u00e5 att det bara f\u00f6ljer med en nyckel med s.k. fj\u00e4rrkontroll, den andra \u00e4r vanlig.<br \/>\nDet d\u00e4r kr\u00e5nglar till det n\u00e4r vi \u00e4r ute jag och hustrun. Jag har sv\u00e5rt f\u00f6r den vanliga nyckeln och d\u00e5 beh\u00f6va s\u00e4tta sig i bilen och l\u00e5sa alla d\u00f6rrar, inifr\u00e5n. Och sedan dra upp d\u00f6rrknappen, g\u00e5r ur och l\u00e5sa d\u00f6rren.<\/p>\n<p>Och s\u00e5 givetvis omv\u00e4nt n\u00e4r du ska in i bilen och vill ha alla d\u00f6rrar \u00f6ppna. Om du nu inte vill krumbukta dig och str\u00e4cka dig in med armen och t.ex. \u00f6ppna bakd\u00f6rrarna inifr\u00e5n, f\u00f6r att slippa f\u00f6rst s\u00e4tta sig i bilen och sedan g\u00e5 ur igen.<\/p>\n<p>Jag fixar allts\u00e5 inte att b\u00f6ja mig in i bilen och trycka\u00a0p\u00e5 &#8217;centrall\u00e5sknappen&#8217; som sitter mitt p\u00e5 instrumentpanelen, lite ned\u00e5t och s\u00e5 \u00e4r ratten lite i v\u00e4gen.<\/p>\n<p>De skulle titta p\u00e5 det d\u00e4r. F\u00f6r mig finns det tv\u00e5 l\u00f6sningar:<br \/>\nA. De f\u00e5r installera &#8217;riktigt&#8217; centrall\u00e5s som annonseras i beskrivningen. D\u00e4r &#8217;fj\u00e4rrl\u00e5s&#8217; \u00e4r ett till\u00e4gg vi betalt extra f\u00f6r.<br \/>\nB. Enklast, f\u00f6r\u00a0<font color=\"#3333ff\" face=\"sans-serif\"><strong>Brandt Bil<\/strong><\/font>, ge mig en fj\u00e4rrl\u00e5snyckel till &#8211; utan kostnad.<\/p>\n<p>Christopher lovade att prata med verkstad och andra om hur det ska l\u00f6sas. Den slitna bilkl\u00e4dseln dokumenterades med liten digital kompaktkamera.<\/p>\n<p>Vi diskuterade ocks\u00e5 lite billackeringssk\u00f6tsel. Det g\u00e4ller ju att hitta enklast m\u00f6jliga l\u00f6sning p\u00e5 reng\u00f6ringen utan att det kostar skjortan och min och \/ eller hustruns rygg.<\/p>\n<p><strong>H\u00e4lsol\u00e4get<\/strong>:<br \/>\nK\u00e4nns jobbigt i kroppen. Det \u00e4r n\u00e5got som liksom tar emot? Och s\u00e5 hugger det till i l\u00e4ndryggen emellan\u00e5t och min tinnitus f\u00f6r mer v\u00e4sen \u00e4n vanligt &#8211; och d\u00e5 \u00e4r klockan bara 11:33&#8230;?<\/p>\n<p>Missade ju m\u00e5ndagens blodtryckstagning. Har reparerat det idag; BLTR: 154\/85. Ungef\u00e4r of\u00f6r\u00e4ndrat j\u00e4mf\u00f6rt med v\u00e4rdena 24\/8-09. Puls: 57.<br \/>\nM\u00e5nadens<br \/>\nmedelBMI: 29,7<br \/>\nmedelMidjem\u00e5tt: 107cm<\/p>\n<p>F\u00f6rra m\u00e5nadens v\u00e4rden var;<br \/>\nmedelBMI: 29,7<br \/>\nmedelMidjeM\u00e5tt: 106cm<\/p>\n<p>Slutsats: Det r\u00f6r inte p\u00e5 sig s\u00e5 v\u00e4rst mycket&#8230; och definitivt inte \u00e5t det h\u00e5ll jag planerat.<\/p>\n","protected":false},"excerpt":{"rendered":"<p>s\u00f6mn ok Brandt Bil L\u00e4mnade in bilen f\u00f6r inmontering av svankjustering i f\u00f6rars\u00e4tet. Alsterdokumentation Har tagit bilder p\u00e5 en massa teckningar och m\u00e5lningar. Och har publicerat f\u00f6ljande (p\u00e5 galleri.ngn.nu): RELATION H\u00c4ST Naturrunda Solen kom ju fram himla l\u00e4gligt till ca &hellip; <a href=\"https:\/\/blogg.ngn.nu\/index.php\/2009\/09\/01\/varm-tisdag\/\">Forts\u00e4tt l\u00e4sa <span class=\"meta-nav\">&rarr;<\/span><\/a><\/p>\n","protected":false},"author":1,"featured_media":0,"comment_status":"open","ping_status":"closed","sticky":false,"template":"","format":"standard","meta":{"footnotes":""},"categories":[444,338,678,622,343,602,222],"tags":[147,511,378,354,680,400],"class_list":["post-750","post","type-post","status-publish","format-standard","hentry","category-bilder","category-djur","category-galleri","category-horsel","category-ryggen","category-skatteverket","category-tinnitus","tag-bilen","tag-harkrank","tag-huggorm","tag-skogsodla","tag-svan","tag-trollslanda"],"_links":{"self":[{"href":"https:\/\/blogg.ngn.nu\/index.php\/wp-json\/wp\/v2\/posts\/750","targetHints":{"allow":["GET"]}}],"collection":[{"href":"https:\/\/blogg.ngn.nu\/index.php\/wp-json\/wp\/v2\/posts"}],"about":[{"href":"https:\/\/blogg.ngn.nu\/index.php\/wp-json\/wp\/v2\/types\/post"}],"author":[{"embeddable":true,"href":"https:\/\/blogg.ngn.nu\/index.php\/wp-json\/wp\/v2\/users\/1"}],"replies":[{"embeddable":true,"href":"https:\/\/blogg.ngn.nu\/index.php\/wp-json\/wp\/v2\/comments?post=750"}],"version-history":[{"count":0,"href":"https:\/\/blogg.ngn.nu\/index.php\/wp-json\/wp\/v2\/posts\/750\/revisions"}],"wp:attachment":[{"href":"https:\/\/blogg.ngn.nu\/index.php\/wp-json\/wp\/v2\/media?parent=750"}],"wp:term":[{"taxonomy":"category","embeddable":true,"href":"https:\/\/blogg.ngn.nu\/index.php\/wp-json\/wp\/v2\/categories?post=750"},{"taxonomy":"post_tag","embeddable":true,"href":"https:\/\/blogg.ngn.nu\/index.php\/wp-json\/wp\/v2\/tags?post=750"}],"curies":[{"name":"wp","href":"https:\/\/api.w.org\/{rel}","templated":true}]}}