{"id":747,"date":"2009-08-29T21:24:21","date_gmt":"2009-08-29T19:24:21","guid":{"rendered":"http:\/\/blogg.ngn.nu\/index.php\/2009\/08\/29\/inte-sa-handelserik-dag-som-jag-hade-onskat\/"},"modified":"2009-08-30T10:09:41","modified_gmt":"2009-08-30T08:09:41","slug":"inte-sa-handelserik-dag-som-jag-hade-onskat","status":"publish","type":"post","link":"https:\/\/blogg.ngn.nu\/index.php\/2009\/08\/29\/inte-sa-handelserik-dag-som-jag-hade-onskat\/","title":{"rendered":"Inte s\u00e5 h\u00e4ndelserik dag som jag hade \u00f6nskat"},"content":{"rendered":"<p>s\u00f6mn, alldeles f\u00f6r mycket. Gick ju och\u00a0lade mig kl 19:00, ig\u00e5r. Ett kort uppvaknade vid ca 21:00.<br \/>\nvaknade idag ca 07:00. S\u00e5 jag \u00e4r lite seg.<\/p>\n<p><strong>Nostalgi<\/strong><br \/>\nDen tionde dagboksanteckningen fr\u00e5n tiden d\u00e5 jag gick V\u00e5rdl\u00e4rarutbildningen, p\u00e5 V\u00e5rdl\u00e4rarinstutionen i M\u00f6lndal (G\u00f6teborg) \u00e4r idag publicerad: <a href=\"https:\/\/blogg.ngn.nu\/index.php\/1985\/08\/29\/vli-1985-08-29\/\" target=\"_blank\">VLI 1985-08-29 tor 29-Aug-1985<\/a>.<\/p>\n<p><strong>Invigning<\/strong><br \/>\nHustrun sl\u00e4pade med mig till en invigning av ett kommunens\u00a0omsorgsinitiativ &#8211; Lyckhem (Nyhaga).<\/p>\n<p>D\u00e4r samlas:<br \/>\nV\u00e5rd i livets slutskede &#8211; Regnb\u00e5gen (Boss; Lillbritt Sv\u00e4rd &#8211; redig t\u00f6s, henne k\u00e4nner jag)<br \/>\nKortidsboende<br \/>\nHemsjukv\u00e5rd (Boss; Carola Karlsson &#8211; ocks\u00e5 en redig t\u00f6s, henne k\u00e4nner jag)<br \/>\nBist\u00e5ndsenhet<br \/>\nKommunrehab (Boss; Inger Wall\u00e9n &#8211; vet inget om henne men jag pratade med henne p\u00e5 invigningen &#8211; trevlig)<br \/>\nlarmmottagning<\/p>\n<p><strong>Galleriet<\/strong><br \/>\nHar fixat en hel del med den grundl\u00e4ggande funktionen i &#8217;mitt&#8217; nya galleri: <a href=\"http:\/\/galleri.ngn.nu\/\" target=\"_blank\">galleri.ngn.nu<\/a>.<br \/>\nLagt till en funktion (modul) som visar ett kontaktformul\u00e4r ifall n\u00e5gon vill skicka ett meddelande.<\/p>\n<p>N\u00e4sta grej jag ska f\u00f6rs\u00f6ka fixa till \u00e4r ett &#8217;hj\u00e4lp&#8217;-f\u00f6nster d\u00e4r man kan l\u00e4sa s\u00e5dan som jag anser kanske \u00e4r lite otydligt och inte s\u00e5 sj\u00e4lvklart.<\/p>\n<p>Jag r\u00e4knar med att lyckas med att f\u00e5 en klickbar text: &#8221;Hj\u00e4lp&#8221; att dyka upp, uppe till h\u00f6ger i gallerirutan. Och att det d\u00e4refter ska dyka upp ett &#8217;hj\u00e4lpf\u00f6nster&#8217;.<\/p>\n<p><strong>H\u00e4lsol\u00e4get<\/strong>:<br \/>\nLite rassligt i halsen&#8230;<br \/>\nTr\u00f6tt i ryggen.<br \/>\nFaktiskt kan jag inte skriva att min tinnitus \u00e4r st\u00f6rande&#8230; och det \u00e4r ju v\u00e4ldigt bra.<\/p>\n","protected":false},"excerpt":{"rendered":"<p>s\u00f6mn, alldeles f\u00f6r mycket. Gick ju och\u00a0lade mig kl 19:00, ig\u00e5r. Ett kort uppvaknade vid ca 21:00. vaknade idag ca 07:00. S\u00e5 jag \u00e4r lite seg. Nostalgi Den tionde dagboksanteckningen fr\u00e5n tiden d\u00e5 jag gick V\u00e5rdl\u00e4rarutbildningen, p\u00e5 V\u00e5rdl\u00e4rarinstutionen i M\u00f6lndal &hellip; <a href=\"https:\/\/blogg.ngn.nu\/index.php\/2009\/08\/29\/inte-sa-handelserik-dag-som-jag-hade-onskat\/\">Forts\u00e4tt l\u00e4sa <span class=\"meta-nav\">&rarr;<\/span><\/a><\/p>\n","protected":false},"author":1,"featured_media":0,"comment_status":"open","ping_status":"closed","sticky":false,"template":"","format":"standard","meta":{"footnotes":""},"categories":[133,678,622,672,392,99,222,219],"tags":[],"class_list":["post-747","post","type-post","status-publish","format-standard","hentry","category-forkylning-sjukdom","category-galleri","category-horsel","category-nostalgi","category-programmering","category-sjukdom","category-tinnitus","category-trott"],"_links":{"self":[{"href":"https:\/\/blogg.ngn.nu\/index.php\/wp-json\/wp\/v2\/posts\/747","targetHints":{"allow":["GET"]}}],"collection":[{"href":"https:\/\/blogg.ngn.nu\/index.php\/wp-json\/wp\/v2\/posts"}],"about":[{"href":"https:\/\/blogg.ngn.nu\/index.php\/wp-json\/wp\/v2\/types\/post"}],"author":[{"embeddable":true,"href":"https:\/\/blogg.ngn.nu\/index.php\/wp-json\/wp\/v2\/users\/1"}],"replies":[{"embeddable":true,"href":"https:\/\/blogg.ngn.nu\/index.php\/wp-json\/wp\/v2\/comments?post=747"}],"version-history":[{"count":0,"href":"https:\/\/blogg.ngn.nu\/index.php\/wp-json\/wp\/v2\/posts\/747\/revisions"}],"wp:attachment":[{"href":"https:\/\/blogg.ngn.nu\/index.php\/wp-json\/wp\/v2\/media?parent=747"}],"wp:term":[{"taxonomy":"category","embeddable":true,"href":"https:\/\/blogg.ngn.nu\/index.php\/wp-json\/wp\/v2\/categories?post=747"},{"taxonomy":"post_tag","embeddable":true,"href":"https:\/\/blogg.ngn.nu\/index.php\/wp-json\/wp\/v2\/tags?post=747"}],"curies":[{"name":"wp","href":"https:\/\/api.w.org\/{rel}","templated":true}]}}