{"id":743,"date":"2009-08-25T21:47:45","date_gmt":"2009-08-25T19:47:45","guid":{"rendered":"http:\/\/blogg.ngn.nu\/index.php\/2009\/08\/25\/klibbig-dag\/"},"modified":"2009-08-25T21:47:45","modified_gmt":"2009-08-25T19:47:45","slug":"klibbig-dag","status":"publish","type":"post","link":"https:\/\/blogg.ngn.nu\/index.php\/2009\/08\/25\/klibbig-dag\/","title":{"rendered":"Klibbig dag"},"content":{"rendered":"<p>s\u00f6mn, helt ok.<\/p>\n<p><strong>Nostalgi<\/strong><br \/>\nIdag fanns det inget dagboksinl\u00e4gg fr\u00e5n 1985. S\u00e5 d\u00e5 skrev jag in det resterande.<\/p>\n<p>Det sista jag skrev, i just den anteckningsboken var fr\u00e5n 1986 och det var en text som handlade om k\u00e4rlek.<\/p>\n<p>N\u00e4r jag skrev in den s\u00e5 kunde jag p\u00e5minna mig om att jag nog hade teckningar och tavlor fr\u00e5n den tiden som handlade om just det jag skrev.<\/p>\n<p>Det var speciellt en teckning jag letade efter. Det resulterade i att jag fick plocka fram alla mina alster&#8230;<br \/>\n&#8230;j\u00f6sses, det \u00e4r 100-tals&#8230;<\/p>\n<p>N\u00e5v\u00e4l, jag hittade den, till slut. Den var inte f\u00e4rdig s\u00e5 d\u00e4rf\u00f6r satt den fortfarande i ett s.k. akvarellblock.<\/p>\n<p>Den 9 sept 2009 planerar jag att publicera det inl\u00e4gget. Jag skrev texten 9\/9-1986.<\/p>\n<p>Sista noteringen i samband med VLI (V\u00e5rdl\u00e4rarinstutionen) \u00e4r till den 30 aug 1985. Synd att jag inte h\u00f6ll p\u00e5 l\u00e4ngre.<br \/>\nUnder det datumet hade jag inte skrivit en bokstav, bara datumet&#8230;<br \/>\nMen jag hittade en del teckningar som jag gjorde under VLI-tiden och de visar jag under det datumet. Vilket d\u00e5 publiceras 30 aug 2009.<\/p>\n<p><strong>Dokumentation<\/strong><br \/>\nI detta letande, efter en specifik bild s\u00e5 fick jag f\u00f6r mig att det var lika bra att dokumentera alla mina alster.<\/p>\n<p>Det har jag b\u00f6rjat med&#8230;<\/p>\n<p>Hitintills har jag fotograferat och antecknat 69 st och d\u00e5 \u00e4r det j\u00e4ttem\u00e5nga kvar&#8230;<\/p>\n<p>Funderar p\u00e5 om jag ska skapa ett specifikt digitalt galleri.<\/p>\n<p><strong>Handlade<\/strong><br \/>\nGav mig av in till byn och utr\u00e4ttade n\u00e5gra \u00e4renden. Apoteket, systembolaget, biblioteket och mataff\u00e4ren.<\/p>\n<p><strong>L\u00e4rarf\u00f6rbundet<\/strong><br \/>\nFick brev fr\u00e5n fackf\u00f6reningen. De bekr\u00e4ftar att jag tr\u00e4tt ur f\u00f6rbundet fr.o.m. 090831.<\/p>\n<p>Med i brevet var ocks\u00e5 ett papper som handlade om uttr\u00e4de ur deras A-kassa. Den fyllde jag i och har lagt i postl\u00e5dan.<\/p>\n<p><strong>H\u00e4lsol\u00e4get<\/strong>:<br \/>\nOm vi bortser fr\u00e5n l\u00e4t l\u00e4ndryggv\u00e4rk och kn\u00e4verk och kn\u00e4svaghet fr\u00e4mst i h\u00f6ger ben samt en irriterande tinnitus (trots h\u00f6rapparaterna) s\u00e5 \u00e4r det v\u00e4l ganska bra.<\/p>\n","protected":false},"excerpt":{"rendered":"<p>s\u00f6mn, helt ok. Nostalgi Idag fanns det inget dagboksinl\u00e4gg fr\u00e5n 1985. S\u00e5 d\u00e5 skrev jag in det resterande. Det sista jag skrev, i just den anteckningsboken var fr\u00e5n 1986 och det var en text som handlade om k\u00e4rlek. N\u00e4r jag &hellip; <a href=\"https:\/\/blogg.ngn.nu\/index.php\/2009\/08\/25\/klibbig-dag\/\">Forts\u00e4tt l\u00e4sa <span class=\"meta-nav\">&rarr;<\/span><\/a><\/p>\n","protected":false},"author":1,"featured_media":0,"comment_status":"open","ping_status":"closed","sticky":false,"template":"","format":"standard","meta":{"footnotes":""},"categories":[622,672,343,222],"tags":[545,516,225,212],"class_list":["post-743","post","type-post","status-publish","format-standard","hentry","category-horsel","category-nostalgi","category-ryggen","category-tinnitus","tag-apoteket","tag-fackforening","tag-svaghet","tag-vark"],"_links":{"self":[{"href":"https:\/\/blogg.ngn.nu\/index.php\/wp-json\/wp\/v2\/posts\/743","targetHints":{"allow":["GET"]}}],"collection":[{"href":"https:\/\/blogg.ngn.nu\/index.php\/wp-json\/wp\/v2\/posts"}],"about":[{"href":"https:\/\/blogg.ngn.nu\/index.php\/wp-json\/wp\/v2\/types\/post"}],"author":[{"embeddable":true,"href":"https:\/\/blogg.ngn.nu\/index.php\/wp-json\/wp\/v2\/users\/1"}],"replies":[{"embeddable":true,"href":"https:\/\/blogg.ngn.nu\/index.php\/wp-json\/wp\/v2\/comments?post=743"}],"version-history":[{"count":0,"href":"https:\/\/blogg.ngn.nu\/index.php\/wp-json\/wp\/v2\/posts\/743\/revisions"}],"wp:attachment":[{"href":"https:\/\/blogg.ngn.nu\/index.php\/wp-json\/wp\/v2\/media?parent=743"}],"wp:term":[{"taxonomy":"category","embeddable":true,"href":"https:\/\/blogg.ngn.nu\/index.php\/wp-json\/wp\/v2\/categories?post=743"},{"taxonomy":"post_tag","embeddable":true,"href":"https:\/\/blogg.ngn.nu\/index.php\/wp-json\/wp\/v2\/tags?post=743"}],"curies":[{"name":"wp","href":"https:\/\/api.w.org\/{rel}","templated":true}]}}