{"id":717,"date":"2009-08-11T20:16:20","date_gmt":"2009-08-11T18:16:20","guid":{"rendered":"http:\/\/blogg.ngn.nu\/index.php\/2009\/08\/11\/forkyld-tisdag-2\/"},"modified":"2009-08-11T20:16:20","modified_gmt":"2009-08-11T18:16:20","slug":"forkyld-tisdag-2","status":"publish","type":"post","link":"https:\/\/blogg.ngn.nu\/index.php\/2009\/08\/11\/forkyld-tisdag-2\/","title":{"rendered":"F\u00f6rkyld Tisdag"},"content":{"rendered":"<p>s\u00f6mn, ytterligare en svettig natt.<\/p>\n<p>Snuvig, lite hosta, tung i huvudet (ja, tyngre \u00e4n vanligt allts\u00e5). Tr\u00f6tt.<\/p>\n<p><strong>F\u00f6rkylningen<\/strong><br \/>\nJag har snuva bara i h\u00f6ger del av n\u00e4san&#8230;?<\/p>\n<p><strong>Farsan<\/strong><br \/>\nRingde ICA och r\u00e4tade ut lite fr\u00e5getecken.<\/p>\n<p><strong>Bildfixande<\/strong><br \/>\nJag ligger l\u00e5ngt efter&#8230;<br \/>\nBilder fr\u00e5n Juni.<br \/>\nN\u00e5v\u00e4l, jag f\u00e5r det sakta men s\u00e4kert.<br \/>\nF\u00f6ljande har jag lagt till:<br \/>\nBild p\u00e5 Tova: <a href=\"https:\/\/blogg.ngn.nu\/index.php\/2009\/06\/26\/grillfredag\/\" target=\"_blank\">GrillFredag fre 26-Jun-2009<\/a>.<br \/>\nBild p\u00e5 Tova och Gammelfarfar: <a href=\"https:\/\/blogg.ngn.nu\/index.php\/2009\/06\/27\/varm-solig-och-underbar-men-trott-lordag\/\" target=\"_blank\">Varm, solig och underbar men tr\u00f6tt L\u00f6rdag l\u00f6r 27-Jun-2009<\/a>.<\/p>\n<p><strong>H\u00e4lsol\u00e4get<\/strong>:<br \/>\nJag g\u00e5r och l\u00e4gger mig (20:14)&#8230;<\/p>\n","protected":false},"excerpt":{"rendered":"<p>s\u00f6mn, ytterligare en svettig natt. Snuvig, lite hosta, tung i huvudet (ja, tyngre \u00e4n vanligt allts\u00e5). Tr\u00f6tt. F\u00f6rkylningen Jag har snuva bara i h\u00f6ger del av n\u00e4san&#8230;? Farsan Ringde ICA och r\u00e4tade ut lite fr\u00e5getecken. Bildfixande Jag ligger l\u00e5ngt efter&#8230; &hellip; <a href=\"https:\/\/blogg.ngn.nu\/index.php\/2009\/08\/11\/forkyld-tisdag-2\/\">Forts\u00e4tt l\u00e4sa <span class=\"meta-nav\">&rarr;<\/span><\/a><\/p>\n","protected":false},"author":1,"featured_media":0,"comment_status":"open","ping_status":"closed","sticky":false,"template":"","format":"standard","meta":{"footnotes":""},"categories":[444,133,219],"tags":[],"class_list":["post-717","post","type-post","status-publish","format-standard","hentry","category-bilder","category-forkylning-sjukdom","category-trott"],"_links":{"self":[{"href":"https:\/\/blogg.ngn.nu\/index.php\/wp-json\/wp\/v2\/posts\/717","targetHints":{"allow":["GET"]}}],"collection":[{"href":"https:\/\/blogg.ngn.nu\/index.php\/wp-json\/wp\/v2\/posts"}],"about":[{"href":"https:\/\/blogg.ngn.nu\/index.php\/wp-json\/wp\/v2\/types\/post"}],"author":[{"embeddable":true,"href":"https:\/\/blogg.ngn.nu\/index.php\/wp-json\/wp\/v2\/users\/1"}],"replies":[{"embeddable":true,"href":"https:\/\/blogg.ngn.nu\/index.php\/wp-json\/wp\/v2\/comments?post=717"}],"version-history":[{"count":0,"href":"https:\/\/blogg.ngn.nu\/index.php\/wp-json\/wp\/v2\/posts\/717\/revisions"}],"wp:attachment":[{"href":"https:\/\/blogg.ngn.nu\/index.php\/wp-json\/wp\/v2\/media?parent=717"}],"wp:term":[{"taxonomy":"category","embeddable":true,"href":"https:\/\/blogg.ngn.nu\/index.php\/wp-json\/wp\/v2\/categories?post=717"},{"taxonomy":"post_tag","embeddable":true,"href":"https:\/\/blogg.ngn.nu\/index.php\/wp-json\/wp\/v2\/tags?post=717"}],"curies":[{"name":"wp","href":"https:\/\/api.w.org\/{rel}","templated":true}]}}