{"id":6968,"date":"2013-03-30T15:00:43","date_gmt":"2013-03-30T14:00:43","guid":{"rendered":"http:\/\/blogg.ngn.nu\/?p=6968"},"modified":"2013-04-03T21:37:13","modified_gmt":"2013-04-03T20:37:13","slug":"skutskar-dag-1","status":"publish","type":"post","link":"https:\/\/blogg.ngn.nu\/index.php\/2013\/03\/30\/skutskar-dag-1\/","title":{"rendered":"Skutsk\u00e4r: Dag 1"},"content":{"rendered":"<p><span style=\"font-weight: bold;\">Planen<\/span>:<br \/>\nUmg&aring;s med fr&auml;mst &amp; barnbarna.<br \/>\nKanske hinna med att hitta en GPSg&ouml;mma<br \/>\nTr&auml;ffa Sv&auml;rsonens F&ouml;r&auml;ldrar (P&aring;skfirande).<\/p>\n<hr style=\"width: 100%; height: 2px;\" \/>\n<p>\n<span style=\"font-weight: bold;\">S&aring; h&auml;r blev det<\/span>:<br \/>\nSov och vilade en hel del och mellan varven var det lek med barnbarna.<\/p>\n<p>Lite p&aring;skpynt:<br \/>\n<img decoding=\"async\" alt=\"[Bild: Jag &amp; Sv\u00e4rsonen bl\u00e5ser \u00e4gg]\" src=\"http:\/\/ngn.nu\/Pict\/2013\/130330-DSC04588-Nisse-Svaersonen-Paskaeggsblasning-Kompr70-w350.JPG\" style=\"width: 350px; height: 254px;\" title=\"Jag &amp; Sv\u00e4rsonen bl\u00e5ser \u00e4gg\" \/><br \/>\nDet var attans pilligt att f&aring; in ett &#39;sn&ouml;re&#39;&#8230;<\/p>\n<p>En hel del &auml;gg gick ocks&aring; s&ouml;nder om man bl&aring;ste f&ouml;r h&aring;rt&#8230;?<\/p>\n<p>Det blev en ordentlig portion med &auml;ggr&ouml;ra senare :me:<\/p>\n<p>Resultat:<br \/>\nEfter en hel del kn&aring;pande. Det mesta gjordes medan jag vilade. De hade l&auml;mnat ett &auml;ggskal till mig:<br \/>\n<img decoding=\"async\" alt=\"[Bild: M\u00e5lade p\u00e5sk\u00e4gg]\" src=\"http:\/\/ngn.nu\/Pict\/2013\/130330-DSC04600+4590+4597+4595+4594+4593+4592+4591-Paskaegg-Kompr70-w350.JPG\" style=\"width: 350px; height: 944px;\" title=\"M\u00e5lade p\u00e5sk\u00e4gg\" \/><br \/>\nAtt det &auml;r tv&aring; bilder p&aring; det nedersta &auml;gget har tv&aring; orsaker:<br \/>\n1. Det &auml;r det jag gjorde :me:<br \/>\n2. Jag ville visa att det har &ouml;gon och &#39;n&auml;bb&#39; runtom.<\/p>\n<p>Jag r&auml;ddade tidigare ett &auml;gg fr&aring;n soptunnan:<\/p>\n<div style=\"text-align: center;\"><img decoding=\"async\" alt=\"[Bild: M\u00e5lat p\u00e5sk\u00e4gg (sprack i kokningen)]\" src=\"http:\/\/ngn.nu\/Pict\/2013\/130330-DSC04596-Paskaegg-Kompr70-w198.JPG\" style=\"width: 198px; height: 350px;\" title=\"M\u00e5lat p\u00e5sk\u00e4gg (sprack i kokningen)\" \/><\/div>\n<p>Mot kv&auml;llningen var det dags f&ouml;r P&aring;skkalas och sv&auml;rf&ouml;r&auml;ldrarna. &Aring;t alldeles f&ouml;r mycket &#8211; det finns ju s&aring; mycket gott&#8230;<br \/>\n<img decoding=\"async\" alt=\"[Bild: En br\u00e5kdel av p\u00e5skmaten]\" src=\"http:\/\/ngn.nu\/Pict\/2013\/130330-DSC04603-Paskmat-Kompr70-w350.JPG\" style=\"width: 350px; height: 207px;\" title=\"En br\u00e5kdel av p\u00e5skmaten\" \/><br \/>\noch:<br \/>\n<img decoding=\"async\" alt=\"[Bild: En annan br\u00e5kdel av p\u00e5skmaten]\" src=\"http:\/\/ngn.nu\/Pict\/2013\/130330-DSC04604-Paskmat-Kompr70-w350.JPG\" style=\"width: 350px; height: 263px;\" title=\"En annan br\u00e5kdel av p\u00e5skmaten\" \/><\/p>\n<p>De hade ocks&aring; m&aring;lat p&aring;sk&auml;gg:<br \/>\n<img decoding=\"async\" alt=\"[Bild: P\u00e5sk\u00e4gg]\" src=\"http:\/\/ngn.nu\/Pict\/2013\/130330-DSC04602-Paskaegg-Kompr70-w350.JPG\" style=\"width: 350px; height: 316px;\" title=\"P\u00e5sk\u00e4gg\" \/><\/p>\n<p>Pepe, var d&auml;r och h&ouml;ll mest koll p&aring; Sixten. Han var den som spillde mest&#8230;<br \/>\n<img decoding=\"async\" alt=\"[Bild: Pepe]\" src=\"http:\/\/ngn.nu\/Pict\/2013\/130330-DSC04605-Pepe-Kompr70-w350.JPG\" style=\"width: 350px; height: 390px;\" title=\"Pepe\" \/><\/p>\n<p><span style=\"font-weight: bold;\">H&auml;lsol&auml;get<\/span>:<br \/>\nTr&ouml;tt (och m&auml;tt&#8230;).<br \/>\n<small>[01-08-015-005]<\/small><\/p>\n","protected":false},"excerpt":{"rendered":"<p>Planen: Umg&aring;s med fr&auml;mst &amp; barnbarna. Kanske hinna med att hitta en GPSg&ouml;mma Tr&auml;ffa Sv&auml;rsonens F&ouml;r&auml;ldrar (P&aring;skfirande). S&aring; h&auml;r blev det: Sov och vilade en hel del och mellan varven var det lek med barnbarna. Lite p&aring;skpynt: Det var attans &hellip; <a href=\"https:\/\/blogg.ngn.nu\/index.php\/2013\/03\/30\/skutskar-dag-1\/\">Forts\u00e4tt l\u00e4sa <span class=\"meta-nav\">&rarr;<\/span><\/a><\/p>\n","protected":false},"author":1,"featured_media":0,"comment_status":"open","ping_status":"closed","sticky":false,"template":"","format":"standard","meta":{"footnotes":""},"categories":[814,444,338,625,219],"tags":[945,538,333,952],"class_list":["post-6968","post","type-post","status-publish","format-standard","hentry","category-besokt","category-bilder","category-djur","category-helgdagsfirande","category-trott","tag-barnbarnen","tag-pepe","tag-pask","tag-svarson"],"_links":{"self":[{"href":"https:\/\/blogg.ngn.nu\/index.php\/wp-json\/wp\/v2\/posts\/6968","targetHints":{"allow":["GET"]}}],"collection":[{"href":"https:\/\/blogg.ngn.nu\/index.php\/wp-json\/wp\/v2\/posts"}],"about":[{"href":"https:\/\/blogg.ngn.nu\/index.php\/wp-json\/wp\/v2\/types\/post"}],"author":[{"embeddable":true,"href":"https:\/\/blogg.ngn.nu\/index.php\/wp-json\/wp\/v2\/users\/1"}],"replies":[{"embeddable":true,"href":"https:\/\/blogg.ngn.nu\/index.php\/wp-json\/wp\/v2\/comments?post=6968"}],"version-history":[{"count":5,"href":"https:\/\/blogg.ngn.nu\/index.php\/wp-json\/wp\/v2\/posts\/6968\/revisions"}],"predecessor-version":[{"id":6984,"href":"https:\/\/blogg.ngn.nu\/index.php\/wp-json\/wp\/v2\/posts\/6968\/revisions\/6984"}],"wp:attachment":[{"href":"https:\/\/blogg.ngn.nu\/index.php\/wp-json\/wp\/v2\/media?parent=6968"}],"wp:term":[{"taxonomy":"category","embeddable":true,"href":"https:\/\/blogg.ngn.nu\/index.php\/wp-json\/wp\/v2\/categories?post=6968"},{"taxonomy":"post_tag","embeddable":true,"href":"https:\/\/blogg.ngn.nu\/index.php\/wp-json\/wp\/v2\/tags?post=6968"}],"curies":[{"name":"wp","href":"https:\/\/api.w.org\/{rel}","templated":true}]}}