{"id":662,"date":"2009-06-23T16:10:47","date_gmt":"2009-06-23T14:10:47","guid":{"rendered":"http:\/\/blogg.ngn.nu\/index.php\/2009\/06\/23\/harligt-solig-tisdag\/"},"modified":"2009-09-03T00:47:29","modified_gmt":"2009-09-02T22:47:29","slug":"harligt-solig-tisdag","status":"publish","type":"post","link":"https:\/\/blogg.ngn.nu\/index.php\/2009\/06\/23\/harligt-solig-tisdag\/","title":{"rendered":"H\u00e4rligt solig Tisdag!"},"content":{"rendered":"<p>s\u00f6mn ok. Sent i s\u00e4ng, tidigt upp&#8230;<\/p>\n<p><strong>Bem\u00e4rkelsedag<\/strong><br \/>\nIdag fyller <strong>Kristina<\/strong> och Katterna <strong>Linus<\/strong>, Abbe m.fl. (hans andra kattsyskon) <strong>5<\/strong> \u00e5r! Kristina tror jag blir lite \u00e4ldre :me:<\/p>\n<div style=\"margin-top: 1em; font-size: 100px; text-align: center; font-weight: bold; color: #990000; height: 110px\">Grattis!<\/div>\n<p>Hela dagen!<\/p>\n<p><strong>Naturrunda<\/strong><br \/>\nGav mig iv\u00e4g tidigt idag ocks\u00e5 och idag best\u00e4mde jag mig f\u00f6r att uteslutande anv\u00e4nda mitt 105mm makroobjektiv. Jag vet att det funkar b\u00e4st inom 50cm men jag vill ge det en chans till.<\/p>\n<p>Fotade massor med snokar. En smet fegt iv\u00e4g innan jag hann att f\u00e5 upp kameran. Hittade en brun huggorm ocks\u00e5, os\u00e4ker p\u00e5 om det \u00e4r den &#8217;gamla&#8217; eller om det \u00e4r en &#8217;ny&#8217;. Har jag f\u00e5tt bra huvudbilder s\u00e5 kan jag se om det \u00e4r samma orm.<\/p>\n<p>Egentligen var inte f\u00f6ruts\u00e4ttningarna optimala. Jag hade b\u00e5de vind och sol i ryggen. Det betyder att ormarna visserligen har sv\u00e5rt att se mig mig men de k\u00e4nner min lukt. I m\u00e5nga fall l\u00e5ngt innan jag f\u00e5r syn p\u00e5 dem.<\/p>\n<p>Eftersom jag hade makroobjektivet som huvudobjektiv s\u00e5 hade jag med mig en l\u00e4tt hopf\u00e4llbar trebensstol. Planen var att s\u00e4tta sig i naturen och l\u00e5ta djurlivet komma till mig och det funkade faktiskt, till viss del.<\/p>\n<p><strike>Text och bilder kommer n\u00e4r ork, tid och lust infinner sig, samtidigt&#8230;<\/strike><br \/>\n12 olika snokar fann jag och en huggorm.<br \/>\nJag v\u00e4ljer att visa endast 6st snokar, de handra 6 \u00e4r sv\u00e5ra att f\u00e5 syn p\u00e5.<\/p>\n<p>F\u00f6rsta snoken:<br \/>\n<a href=\"http:\/\/bilder.ngn.nu\/index.php\/2009\/06\/23\/snok-36\/#Snok1\" target=\"_blank\"><img loading=\"lazy\" decoding=\"async\" src=\"http:\/\/ngn.nu\/Bilder5\/090623-DSC00305-Snok-Kompr35_w150.JPG\" alt=\"[Bild: Snok (Natrix natrix)]\" title=\"Snok (Natrix natrix)\" width=\"150\" border=\"0\" height=\"58\" \/><\/a><br \/>\nVid &#8217;p\u00f6len&#8217;<\/p>\n<p>Snok nr 2:<br \/>\n<a href=\"http:\/\/bilder.ngn.nu\/index.php\/2009\/06\/23\/snok-37\/#Snok2\" target=\"_blank\"><img loading=\"lazy\" decoding=\"async\" src=\"http:\/\/ngn.nu\/Bilder5\/090623-DSC00319-Snok-Kompr35-w150.JPG\" alt=\"[Bild: Snok (Natrix natrix)]\" title=\"Snok (Natrix natrix)\" width=\"150\" border=\"0\" height=\"113\" \/><\/a><br \/>\nOcks\u00e5 vid p\u00f6len bara n\u00e5gon meter fr\u00e5n f\u00f6reg\u00e5ende.<\/p>\n<p>Nr 8 &amp; 9:<br \/>\n<a href=\"http:\/\/bilder.ngn.nu\/index.php\/2009\/06\/23\/snokar-19\/#Snok8-9\" target=\"_blank\"><img loading=\"lazy\" decoding=\"async\" src=\"http:\/\/ngn.nu\/Bilder5\/090623-DSC00341-Snokar-Kompr35-w150.JPG\" alt=\"[Bild: Snok (Natrix natrix)]\" title=\"Snok (Natrix natrix)\" width=\"150\" border=\"0\" height=\"164\" \/><\/a><br \/>\nDe har snott den stora bruna huggormshonans plats.<\/p>\n<p>Nr 10:<br \/>\n<a href=\"http:\/\/bilder.ngn.nu\/index.php\/2009\/06\/23\/snok-38\/#Snok10\" target=\"_blank\"><img loading=\"lazy\" decoding=\"async\" src=\"http:\/\/ngn.nu\/Bilder5\/090623-DSC00348-Snok-Kompr35-w150.JPG\" alt=\"[Bild: Snok (Natrix natrix)]\" title=\"Snok (Natrix natrix)\" width=\"150\" border=\"0\" height=\"83\" \/><\/a><br \/>\nDen h\u00e4r har redan v\u00e4drat mig, det syns p\u00e5 att den har lyft huvudet. Precis efter denne var det en som snabbt g\u00f6mde sig.<\/p>\n<p>En brun huggorm:<br \/>\n<a href=\"http:\/\/bilder.ngn.nu\/index.php\/2009\/06\/23\/huggorm-30\/#Huggorm1\" target=\"_blank\"><img loading=\"lazy\" decoding=\"async\" src=\"http:\/\/ngn.nu\/Bilder5\/090623-DSC00356-Huggorm-Kompr35-w150.JPG\" alt=\"[Bild: Huggorm (Vipera berus)]\" title=\"Huggorm (Vipera berus)\" width=\"150\" border=\"0\" height=\"120\" \/><\/a><br \/>\nGenom att j\u00e4mf\u00f6r med bilderna fr\u00e5n: <a href=\"http:\/\/bilder.ngn.nu\/index.php\/2009\/06\/15\/huggorm-26\/\" target=\"_blank\">15 jun 2009<\/a> och\u00a0<a href=\"http:\/\/bilder.ngn.nu\/index.php\/2009\/06\/14\/huggorm-22\/\" target=\"_blank\">14 jun 2009<\/a> s\u00e5 kan jag s\u00e4ga att detta \u00e4r samma orm. Den har allts\u00e5 bytt favoritplats.<\/p>\n<p>Medan jag st\u00e5r och fotar s\u00e5 kommer det fram en snok (nr 10) alldeles bredvid huggormen:<br \/>\n<a href=\"http:\/\/bilder.ngn.nu\/index.php\/2009\/06\/23\/huggorm-och-snok\/#HuggormSnok\" target=\"_blank\"><img loading=\"lazy\" decoding=\"async\" src=\"http:\/\/ngn.nu\/Bilder5\/090623-DSC00353-Huggorm-Snok-Kompr35-w150.JPG\" alt=\"[Bild: Huggorm (Vipera berus) och Snok (Natrix natrix)]\" title=\"Huggorm (Vipera berus) och Snok (Natrix natrix)\" width=\"150\" border=\"0\" height=\"97\" \/><\/a><\/p>\n<p>Snok nr 11:<br \/>\n<a href=\"http:\/\/bilder.ngn.nu\/index.php\/2009\/06\/23\/snok-39\/#Snok11\" target=\"_blank\"><img loading=\"lazy\" decoding=\"async\" src=\"http:\/\/ngn.nu\/Bilder5\/090623-DSC00359-Snok-Kompr35-w150.JPG\" alt=\"[Bild: Snok (Natrix natrix)]\" title=\"Snok (Natrix natrix)\" width=\"150\" border=\"0\" height=\"97\" \/><\/a><\/p>\n<p>Nr 12:<br \/>\n<a href=\"http:\/\/bilder.ngn.nu\/index.php\/2009\/06\/23\/snok-40\/#Snok12\" target=\"_blank\"><img loading=\"lazy\" decoding=\"async\" src=\"http:\/\/ngn.nu\/Bilder5\/090623-DSC00365-Snok-Kompr35-w150.JPG\" alt=\"[Bild: Snok (Natrix natrix)]\" title=\"Snok (Natrix natrix)\" width=\"150\" border=\"0\" height=\"97\" \/><\/a><br \/>\nVid kanalstigen.<\/p>\n<p>Ett par flugor p\u00e5 en tr\u00e4dstam, h\u00e4r \u00e4r den ena:<br \/>\n<a href=\"http:\/\/bilder.ngn.nu\/index.php\/2009\/06\/23\/fluga-21\/#Fluga1\" target=\"_blank\"><img loading=\"lazy\" decoding=\"async\" src=\"http:\/\/ngn.nu\/Bilder5\/090623-DSC00380-Fluga-Kompr45-w150.JPG\" alt=\"[Bild: Spyfluga (Pollenia vagabunda Calliphoridae)]\" title=\"Spyfluga (Pollenia vagabunda Calliphoridae)\" width=\"150\" border=\"0\" height=\"120\" \/><\/a><br \/>\nTog l\u00e5ng tid, att luska ut, men jag \u00e4r n\u00e4stan s\u00e4ker; Spyfluga (<em>Pollenia vagabunda <\/em>Calliphoridae), hittar inget specifikt svenskt namn.<\/p>\n<p><strike><\/strike>Fluga:<br \/>\n<a href=\"http:\/\/bilder.ngn.nu\/index.php\/2009\/06\/23\/fluga-22\/#Fluga2\" target=\"_blank\"><img loading=\"lazy\" decoding=\"async\" src=\"http:\/\/ngn.nu\/Bilder5\/090623-DSC00404-Fluga-Kompr45-w150.JPG\" alt=\"[Bild: F\u00f6nsterblomfluga (Volucella pellucens)]\" title=\"F\u00f6nsterblomfluga (Volucella pellucens)\" width=\"150\" border=\"0\" height=\"118\" \/><\/a><br \/>\n<strike><\/strike>Blomfluga (<em>Syrphoidea<\/em>) &#8211; Syrphidae &#8211; Eristalinae &#8211; F\u00f6nsterblomfluga (<em>Volucella pellucens<\/em>)<\/p>\n<p>Nyckelpiga:<br \/>\n<a href=\"http:\/\/bilder.ngn.nu\/index.php\/2009\/06\/23\/nyckelpiga-8\/#Nyckelpiga\" target=\"_blank\"><img loading=\"lazy\" decoding=\"async\" src=\"http:\/\/ngn.nu\/Bilder5\/090623-DSC00414-Nyckelpiga-Kompr40-w150.JPG\" alt=\"[Bild: 2-prickig nyckelpiga (Adalia bipunctata)]\" title=\"2-prickig nyckelpiga (Adalia bipunctata)\" width=\"150\" border=\"0\" height=\"107\" \/><\/a><br \/>\n<strike><\/strike>2-prickig nyckelpiga (Adalia bipunctata). Och n\u00e5gra bladlus.<\/p>\n<p><strike><\/strike>Fluga:<br \/>\n<a href=\"http:\/\/bilder.ngn.nu\/index.php\/2009\/06\/23\/fluga-23\/#Fluga3\" target=\"_blank\"><img loading=\"lazy\" decoding=\"async\" src=\"http:\/\/ngn.nu\/Bilder5\/090623-DSC00445-Fluga-Kompr40-w150.JPG\" alt=\"[Bild: Svamphusfluga (Phaonia subventa Muscidae)]\" title=\"Svamphusfluga (Phaonia subventa Muscidae)\" width=\"150\" border=\"0\" height=\"100\" \/><\/a><br \/>\nTroligtvis en Svamphusfluga (<em>Phaonia subventa<\/em> Muscidae)<\/p>\n<p><strike><\/strike>Flugbagge:<br \/>\n<a href=\"http:\/\/bilder.ngn.nu\/index.php\/2009\/06\/23\/flugbagge-3\/#Flugbagge\" target=\"_blank\"><img loading=\"lazy\" decoding=\"async\" src=\"http:\/\/ngn.nu\/Bilder5\/090623-DSC00485-Flugbagge-Kompr45-w150.JPG\" alt=\"[Bild: Flugbagge (Cantharis nigricans)]\" title=\"Flugbagge (Cantharis nigricans)\" width=\"150\" border=\"0\" height=\"108\" \/><\/a><br \/>\n<strike><\/strike>Flugbagge (<em>Cantharis nigricans<\/em>)<\/p>\n<p>Mygga:<br \/>\n<a href=\"http:\/\/bilder.ngn.nu\/index.php\/2009\/06\/23\/mygga-8\/#Mygga\" target=\"_blank\"><img loading=\"lazy\" decoding=\"async\" src=\"http:\/\/ngn.nu\/Bilder5\/090623-DSC00508-Mygga-Kompr40-w150.JPG\" alt=\"[Bild: Allm\u00e4n skogsmygga (Aedes communis)]\" title=\"Allm\u00e4n skogsmygga (Aedes communis)\" width=\"150\" border=\"0\" height=\"113\" \/><\/a><br \/>\nAllm\u00e4n skogsmygga (<em>Aedes communis<\/em>)<br \/>\nP\u00e5 mina byxor. Kunde vart lite b\u00e4ttre sk\u00e4rpa p\u00e5 sj\u00e4lva huvudet&#8230;<br \/>\n<strike><br \/>\n<\/strike>Strit (<em>Auchenorrhyncha<\/em>):<br \/>\n<a href=\"http:\/\/bilder.ngn.nu\/index.php\/2009\/06\/23\/strit-2\/#Strit\" target=\"_blank\"><img loading=\"lazy\" decoding=\"async\" src=\"http:\/\/ngn.nu\/Bilder5\/090623-DSC00551-Strit-Kompr40-w150.JPG\" alt=\"[Bild: Dv\u00e4rgstrit (Cicadellidae)]\" title=\"Dv\u00e4rgstrit (Cicadellidae)\" width=\"150\" border=\"0\" height=\"98\" \/><\/a><br \/>\nDv\u00e4rgstrit (<em>Cicadellidae<\/em>)<\/p>\n<p>Fluga:<br \/>\n<a href=\"http:\/\/bilder.ngn.nu\/index.php\/2009\/06\/23\/fluga-24\/#Snaeppfluga\" target=\"_blank\"><img loading=\"lazy\" decoding=\"async\" src=\"http:\/\/ngn.nu\/Bilder5\/090623-DSC00592-Fluga-Kompr47-w150.JPG\" alt=\"[Bild: Sn\u00e4ppfluga (Rhagio scolopaceus Rhagionidae)]\" title=\"Sn\u00e4ppfluga (Rhagio scolopaceus Rhagionidae)\" width=\"150\" border=\"0\" height=\"101\" \/><\/a><br \/>\nSn\u00e4ppfluga ( <em>Rhagio scolopaceus<\/em> Rhagionidae)<br \/>\nDen kom och satte sig p\u00e5 mina kl\u00e4der det var knappt jag fick plats med kameran emellan.<\/p>\n<p>Flicksl\u00e4ndor:<br \/>\n<a href=\"http:\/\/bilder.ngn.nu\/index.php\/2009\/06\/23\/flickslandor\/#Flickslaendor\" target=\"_blank\"><img loading=\"lazy\" decoding=\"async\" src=\"http:\/\/ngn.nu\/Bilder5\/090623-DSC00637-Flickslaendor-Kompr40-w150.JPG\" alt=\"[Bild: Bl\u00e5 Flicksl\u00e4nda (Coenagrion pulchellum) hane &amp; hona]\" title=\"Bl\u00e5 Flicksl\u00e4nda (Coenagrion pulchellum) hane &amp; hona\" width=\"150\" border=\"0\" height=\"104\" \/><\/a><br \/>\nBl\u00e5 Flicksl\u00e4nda (<em>Coenagrion<\/em> <em>pulchellum<\/em>) hane &amp; hona. Hanen h\u00e5ller honan i nacken med sitt griporgan.<\/p>\n<p>Fj\u00e4ril:<br \/>\n<a href=\"http:\/\/bilder.ngn.nu\/index.php\/2009\/06\/23\/fjaril-31\/#Fjaeril2\" target=\"_blank\"><img loading=\"lazy\" decoding=\"async\" src=\"http:\/\/ngn.nu\/Bilder5\/090623-DSC00643-Fjaeril-Kompr40-w150.JPG\" alt=\"[Bild: Fj\u00e4ril, \"Soft-lined Wave\" (Scopula inductata geometridae)]\" title=\"Fj\u00e4ril, \"Soft-lined Wave\" (Scopula inductata geometridae)\" width=\"150\" border=\"0\" height=\"110\" \/><\/a><br \/>\n&#8221;Soft-lined Wave&#8221; (<em>Scopula inductata<\/em> geometridae)<\/p>\n<p>Blomma:<br \/>\n<a href=\"http:\/\/bilder.ngn.nu\/index.php\/2009\/06\/23\/blomma-7\/#Blomma\" target=\"_blank\"><img loading=\"lazy\" decoding=\"async\" src=\"http:\/\/ngn.nu\/Bilder5\/090623-DSC00651-Blomma-Kompr40-w150.JPG\" alt=\"[Bild: K\u00e4ringtand (Lotus corniculatus)]\" title=\"K\u00e4ringtand (Lotus corniculatus)\" width=\"150\" border=\"0\" height=\"113\" \/><\/a><br \/>\nK\u00e4ringtand (<em>Lotus corniculatus<\/em>) med bes\u00f6k av en Minerarfluga (<em>Phytomyza<\/em>-art). N\u00e5got annat kryp kikar fram hunder den h\u00f6gra blomman, en spindel?<\/p>\n<p><strong>Nya bilen<\/strong><br \/>\nF\u00f6rs\u00e4ljaren fr\u00e5n <font color=\"#3333ff\" face=\"sans-serif\"><strong>Brandt bil<\/strong><\/font> h\u00f6rde av sig och skulle kolla med fabriken i Rum\u00e4nien om vad det kunde bero p\u00e5 att l\u00e4ndryggsjusteringen inte var med. Mera v\u00e4ntan&#8230;<\/p>\n<p><strong>Uppladdningsbara knappcellsbatterier<\/strong><br \/>\nPHONAK kontaktade mig och meddelade att de skulle skicka ett annat batteri och s\u00e5 skulle jag returnera det som inte fungerade. Deras tekniker skulle titta p\u00e5 det&#8230;<\/p>\n<p><strong>E-Type<\/strong> m.fl.<br \/>\nVi cyklar ned till Skr\u00e4cklan och l\u00e4gger oss i den goa solen och inv\u00e4ntar att E-type ska inta sanden.<\/p>\n<p>Martin i full fart:<br \/>\n<img loading=\"lazy\" decoding=\"async\" src=\"http:\/\/ngn.nu\/Bilder4\/090623_DSC03696_E-type-Sanden_Kompr70_w450.JPG\" alt=\"[Bild: E-type; Bo Martin Erik Erikson]\" title=\"E-type; Bo Martin Erik Erikson\" width=\"450\" height=\"294\" \/><br \/>\nEfter upptr\u00e4dandet blev det hemf\u00e4rd och senare s\u00e4ngg\u00e5ende.<\/p>\n<p><strong>Mina Live-v\u00e4rden<\/strong><br \/>\n<strike> Kommer senare&#8230;<\/strike><br \/>\n<a onclick=\"expand(this.id+'_090624_100634', this);\" id=\"MinaLive\" style=\"background-color: #ffffcc; cursor: pointer\">[Visa mer&#8230;]<\/a><\/p>\n<div id=\"MinaLive_090624_100634\" style=\"display: none\">\n<table border=\"1\" cellpadding=\"2\" cellspacing=\"2\">\n<tr>\n<td colspan=\"5\"><small><font face=\"sans-serif\">Morgon;<\/font><\/small><\/td>\n<\/tr>\n<tr>\n<td style=\"font-weight: bold\"><small><font face=\"sans-serif\">Vad<\/font><\/small><\/td>\n<td style=\"font-weight: bold\" align=\"right\"><small><font face=\"sans-serif\">V\u00e4rde:<\/font><\/small><\/td>\n<td style=\"font-weight: bold\"><small><font face=\"sans-serif\">&#8217;storhet&#8217;<\/font><\/small><\/td>\n<td style=\"font-weight: bold\"><small><font face=\"sans-serif\">Trend<\/font><\/small><\/td>\n<td style=\"font-weight: bold\"><small><font face=\"sans-serif\">Not<\/font><\/small><\/td>\n<\/tr>\n<tr>\n<td><small><font face=\"sans-serif\">-Bltr*:<\/font><\/small><\/td>\n<td align=\"right\"><small><font face=\"sans-serif\"><strong>XXX\/XXX<\/strong><\/font><\/small><\/td>\n<td><small><font face=\"sans-serif\">mmHg<\/font><\/small><\/td>\n<td><\/td>\n<td rowspan=\"2\" align=\"center\"><small>Veckans \u00e5rsv\u00e4rden*<\/small><\/td>\n<\/tr>\n<tr>\n<td><small><font face=\"sans-serif\">-Puls*:<\/font><\/small><\/td>\n<td align=\"right\"><small><font face=\"sans-serif\"><strong>XXX<\/strong><\/font><\/small><\/td>\n<td><small><font face=\"sans-serif\">s\/min<\/font><\/small><\/td>\n<td><\/td>\n<\/tr>\n<tr>\n<td><small><font face=\"sans-serif\">-Vikt:<\/font><\/small><\/td>\n<td align=\"right\"><small><font face=\"sans-serif\"><strong>93,9<\/strong><\/font><\/small><\/td>\n<td><small><font face=\"sans-serif\">Kg<\/font><\/small><\/td>\n<td><img loading=\"lazy\" decoding=\"async\" src=\"http:\/\/ngn.nu\/Bilder4\/090115_PilRightDownGreen_h25w60.gif\" alt=\"[Bild: PilRightDownGr\u00f6n]\" width=\"30\" height=\"12\" \/><\/td>\n<td><\/td>\n<\/tr>\n<tr>\n<td><small><font face=\"sans-serif\">-Midjem\u00e5tt**:<\/font><\/small><\/td>\n<td align=\"right\"><small><font face=\"sans-serif\"><strong>105<\/strong><\/font><\/small><\/td>\n<td><small><font face=\"sans-serif\">cm<\/font><\/small><\/td>\n<td><img loading=\"lazy\" decoding=\"async\" src=\"http:\/\/ngn.nu\/Bilder4\/090115_PilRightRed_h25w60.gif\" alt=\"[Bild: PilRightR\u00f6d]\" width=\"30\" height=\"12\" \/><\/td>\n<td><\/td>\n<\/tr>\n<tr>\n<td><small><font face=\"sans-serif\">-BMI***:<\/font><\/small><\/td>\n<td align=\"right\"><small><font face=\"sans-serif\"><strong>29,3<\/strong><\/font><\/small><\/td>\n<td><\/td>\n<td><img loading=\"lazy\" decoding=\"async\" src=\"http:\/\/ngn.nu\/Bilder4\/090115_PilRightDownGreen_h25w60.gif\" alt=\"[Bild: PilRightDownGr\u00f6n]\" width=\"30\" height=\"12\" \/><\/td>\n<td rowspan=\"3\" align=\"center\"><a href=\"http:\/\/ngn.nu\/Bilder4\/090623_CHART_BMI.gif\" target=\"_blank\"><small>M\u00e5nad 1-5 medelv\u00e4rde<br \/>\nsamt dagens m\u00e5nadsv\u00e4rde<br \/>\n(BMI, Fett%, V\u00e4tske% och Resten%)<\/small><\/a><\/td>\n<\/tr>\n<tr>\n<td><small><font face=\"sans-serif\">-Andel-Fett:<\/font><\/small><\/td>\n<td align=\"right\"><small><font face=\"sans-serif\"><strong>24,3<\/strong><\/font><\/small><\/td>\n<td><small><font face=\"sans-serif\">%<\/font><\/small><\/td>\n<td><img loading=\"lazy\" decoding=\"async\" src=\"http:\/\/ngn.nu\/Bilder4\/090115_PilRightDownGreen_h25w60.gif\" alt=\"[Bild: PilRightDownGr\u00f6n]\" width=\"30\" height=\"12\" \/><\/td>\n<\/tr>\n<tr>\n<td><small><font face=\"sans-serif\">-Andel-Vatten:<\/font><\/small><\/td>\n<td align=\"right\"><small><font face=\"sans-serif\"><strong>52,0<\/strong><\/font><\/small><\/td>\n<td><small><font face=\"sans-serif\">%<\/font><\/small><\/td>\n<td><img loading=\"lazy\" decoding=\"async\" src=\"http:\/\/ngn.nu\/Bilder4\/090115_PilRightUppSvart_h25w60.gif\" alt=\"[Bild: PilRightSvartUpp]\" width=\"30\" height=\"12\" \/><\/td>\n<\/tr>\n<tr>\n<td colspan=\"5\"><small><font face=\"sans-serif\">* Endast m\u00e5ndagar och ett medelv\u00e4rde av tre m\u00e4tningar med ca 5 min emellan.<br \/>\n** M\u00e4tt p\u00e5 det tjockaste st\u00e4llet (\u00f6ver naveln och traktorringarna)<br \/>\n*** ((Kroppsvikt i Kg)\/(L\u00e4ngd i meter)<sup><sub>2<\/sub><\/sup><\/font><font face=\"sans-serif\">)=BMI (<span style=\"font-weight: bold\">B<\/span>ody <span style=\"font-weight: bold\">M<\/span>ass <span style=\"font-weight: bold\">I<\/span>ndex)<\/font><\/small><\/td>\n<\/tr>\n<\/table>\n<\/div>\n<p><!-- Slut MinaLive --><\/p>\n<p><strong>H\u00e4lsol\u00e4get<\/strong><br \/>\n<u>Morgonen<\/u>: Alltid seg i b\u00f6rjan men det &#8217;lossnar&#8217; relativt fort.<br \/>\n<u>Under dagen<\/u>: Tr\u00f6tt. Jobbigt med v\u00e4rk i hela kroppen. Det blir medicin\u00e4ndring till n\u00e4sta medicindelning &#8211; i morgon.<br \/>\n<u>Kv\u00e4llen<\/u>: Fyller p\u00e5 senare&#8230;<\/p>\n","protected":false},"excerpt":{"rendered":"<p>s\u00f6mn ok. Sent i s\u00e4ng, tidigt upp&#8230; Bem\u00e4rkelsedag Idag fyller Kristina och Katterna Linus, Abbe m.fl. (hans andra kattsyskon) 5 \u00e5r! Kristina tror jag blir lite \u00e4ldre :me: Grattis! Hela dagen! Naturrunda Gav mig iv\u00e4g tidigt idag ocks\u00e5 och idag &hellip; <a href=\"https:\/\/blogg.ngn.nu\/index.php\/2009\/06\/23\/harligt-solig-tisdag\/\">Forts\u00e4tt l\u00e4sa <span class=\"meta-nav\">&rarr;<\/span><\/a><\/p>\n","protected":false},"author":1,"featured_media":0,"comment_status":"open","ping_status":"closed","sticky":false,"template":"","format":"standard","meta":{"footnotes":""},"categories":[347,444,338,598,343,219,383],"tags":[378,381,349,212],"class_list":["post-662","post","type-post","status-publish","format-standard","hentry","category-bemarkelsedag","category-bilder","category-djur","category-naturbesok","category-ryggen","category-trott","category-utflykt","tag-huggorm","tag-katt","tag-snok","tag-vark"],"_links":{"self":[{"href":"https:\/\/blogg.ngn.nu\/index.php\/wp-json\/wp\/v2\/posts\/662","targetHints":{"allow":["GET"]}}],"collection":[{"href":"https:\/\/blogg.ngn.nu\/index.php\/wp-json\/wp\/v2\/posts"}],"about":[{"href":"https:\/\/blogg.ngn.nu\/index.php\/wp-json\/wp\/v2\/types\/post"}],"author":[{"embeddable":true,"href":"https:\/\/blogg.ngn.nu\/index.php\/wp-json\/wp\/v2\/users\/1"}],"replies":[{"embeddable":true,"href":"https:\/\/blogg.ngn.nu\/index.php\/wp-json\/wp\/v2\/comments?post=662"}],"version-history":[{"count":0,"href":"https:\/\/blogg.ngn.nu\/index.php\/wp-json\/wp\/v2\/posts\/662\/revisions"}],"wp:attachment":[{"href":"https:\/\/blogg.ngn.nu\/index.php\/wp-json\/wp\/v2\/media?parent=662"}],"wp:term":[{"taxonomy":"category","embeddable":true,"href":"https:\/\/blogg.ngn.nu\/index.php\/wp-json\/wp\/v2\/categories?post=662"},{"taxonomy":"post_tag","embeddable":true,"href":"https:\/\/blogg.ngn.nu\/index.php\/wp-json\/wp\/v2\/tags?post=662"}],"curies":[{"name":"wp","href":"https:\/\/api.w.org\/{rel}","templated":true}]}}