{"id":6549,"date":"2012-12-17T21:59:35","date_gmt":"2012-12-17T19:59:35","guid":{"rendered":"http:\/\/blogg.ngn.nu\/?p=6549"},"modified":"2012-12-17T21:59:35","modified_gmt":"2012-12-17T19:59:35","slug":"vantar-pa-julvadret","status":"publish","type":"post","link":"https:\/\/blogg.ngn.nu\/index.php\/2012\/12\/17\/vantar-pa-julvadret\/","title":{"rendered":"V\u00e4ntar p\u00e5 julv\u00e4dret&#8230;"},"content":{"rendered":"<p>s&ouml;mn: ok. <br \/>\nFrukost: Yoghurt &amp; M&uuml;sli<br \/>\nLunch: Fiskr&ouml;ra med kokt potatsi + tomat och paprika<br \/>\nMiddag: 4st mackor och en kopp pulverkaffe (med pulvergr&auml;dde).<\/p>\n<p><span style=\"font-weight: bold;\">F-spot<\/span><br \/>\nF-spot &auml;r den bildhanterare jag anv&auml;nder f&ouml;r att s.k. tagga mina bilder. <br \/>\nI F-spot har jag m&ouml;jlighet att l&auml;gga taggnamnen i s.k. hierarkier,t.ex.: M&auml;nniskor\/Familj\/Nisse etc.<br \/>\nEtt problem med detta &auml;r att n&auml;r jag vill s&ouml;ka p&aring; t.ex. &#39;Nisse&#39; s&aring; f&aring;r jag med alla taggade bilder som finns &#39;under&#39; taggen &#39;Nisse&#39;.<br \/>\nDet hj&auml;lper inte s&aring; bra att via s&ouml;kfunktioen utesluta de bilder d&auml;r mina undertaggar finns. Visst blir de uteslutna i s&ouml;kningen men d&aring; &aring;ker &auml;ven de bilder d&auml;r &#39;Nisse&#39; ocks&aring; finns med och det vill jag ju inte.<br \/>\nEnda l&ouml;sningen, som jag kommit p&aring;, &auml;r att flytta ut undertaggarna till &#39;nisse&#39; s&aring; att &#39;Nisse&#39; blir sluttagg i hierarkin.<\/p>\n<p>En annan brist i F-spot &auml;r att jag inte kan dela upp samlingen i &#39;P&auml;rmar&#39;.<br \/>\nAlla, nu 20958st, bilderna ligger i en och samma databas.<\/p>\n<p><span style=\"font-weight: bold;\">Julklappar<\/span><br \/>\nNu har jag fixat med julklappar, 5st. Vi ska k&ouml;ra 2st julklppsspel. Ett p&aring; morgonen med sonen och flickv&auml;nnen och ett med farsan.<\/p>\n<p><span style=\"font-weight: bold;\">Motion<\/span><br \/>\nInte illa kom iv&auml;g till F&amp;S gym. Gick i 30min. K&ouml;rde sedan 2 &ouml;vningar och cyklade sedan i 10min f&ouml;r att sedan k&ouml;ra 2 andra &ouml;vningar. D&auml;refter blev det bastu tillsammans med sonen.<br \/>\nVar ca 10 min sen s&aring; hustrun vart lite missn&ouml;jd. Hon hade varit p&aring; gympa.<\/p>\n<p><span style=\"font-weight: bold;\">Surfplatta<\/span><br \/>\nG&aring;r i tankar&#8230;, &auml;r nyfiken p&aring; Apples senaste surfplatta: iPad 4G 32GB (4th generation) &#8211; eller &#8211; 16GB. <br \/>\nOBS! 4G i iPad4 funkar inte i Sverige s&aring; det &auml;r 3G som g&auml;ller (om det nu inte skett n&aring;got nytt &#39;genombrott&#39;?).<br \/>\nNu till min fundering:<br \/>\nSom anv&auml;ndare, hur mycket nytta har man av 32GB minne j&auml;mf&ouml;rt med 16GB?<br \/>\nDet skiljer n&auml;stan 1000 sek i pris.<br \/>\n(Jag kommer mest att anv&auml;nda den ute, i f&auml;lt, och d&aring; med n&aring;gon programvara eller app som fixar kontakt med geocaching.com)<\/p>\n<p>N&aring;gon som har erfarenhet av denna surfplatta tillsammans med telias mobilsurf liten (99:-\/m&aring;n)?<\/p>\n<p>Finns det n&aring;gon som vet hur denna surfplatta fungerar tillsammans med Linux Ubuntu?<\/p>\n<p><span style=\"font-weight: bold;\">H&auml;lsol&auml;get<\/span>:<br \/>\nNu &auml;r jag ansatt av sv&aring;r v&auml;rk i v&auml;nsterhandens pekfinger. Leden som leder mot handloven (mellan: <span style=\"font-style: italic;\">Os trapezoideum<\/span> och <span style=\"font-style: italic;\">Os metacarpi II<\/span>. Ev kan <span style=\"font-style: italic;\">Os capitatum<\/span> vara inblandad ocks&aring;).<font size=\"1\" style=\"font-size: 8pt;\"><br \/>\n[02-08-015-035]<\/font><\/p>\n","protected":false},"excerpt":{"rendered":"<p>s&ouml;mn: ok. Frukost: Yoghurt &amp; M&uuml;sli Lunch: Fiskr&ouml;ra med kokt potatsi + tomat och paprika Middag: 4st mackor och en kopp pulverkaffe (med pulvergr&auml;dde). F-spot F-spot &auml;r den bildhanterare jag anv&auml;nder f&ouml;r att s.k. tagga mina bilder. I F-spot har &hellip; <a href=\"https:\/\/blogg.ngn.nu\/index.php\/2012\/12\/17\/vantar-pa-julvadret\/\">Forts\u00e4tt l\u00e4sa <span class=\"meta-nav\">&rarr;<\/span><\/a><\/p>\n","protected":false},"author":1,"featured_media":0,"comment_status":"open","ping_status":"closed","sticky":false,"template":"","format":"standard","meta":{"footnotes":""},"categories":[371,798,841,835,857],"tags":[200,595,476,834,849],"class_list":["post-6549","post","type-post","status-publish","format-standard","hentry","category-data","category-lederna","category-motion","category-surfplatta","category-vinter","tag-bastu","tag-f-spot","tag-geocache","tag-hustrun","tag-sonen"],"_links":{"self":[{"href":"https:\/\/blogg.ngn.nu\/index.php\/wp-json\/wp\/v2\/posts\/6549","targetHints":{"allow":["GET"]}}],"collection":[{"href":"https:\/\/blogg.ngn.nu\/index.php\/wp-json\/wp\/v2\/posts"}],"about":[{"href":"https:\/\/blogg.ngn.nu\/index.php\/wp-json\/wp\/v2\/types\/post"}],"author":[{"embeddable":true,"href":"https:\/\/blogg.ngn.nu\/index.php\/wp-json\/wp\/v2\/users\/1"}],"replies":[{"embeddable":true,"href":"https:\/\/blogg.ngn.nu\/index.php\/wp-json\/wp\/v2\/comments?post=6549"}],"version-history":[{"count":2,"href":"https:\/\/blogg.ngn.nu\/index.php\/wp-json\/wp\/v2\/posts\/6549\/revisions"}],"predecessor-version":[{"id":6551,"href":"https:\/\/blogg.ngn.nu\/index.php\/wp-json\/wp\/v2\/posts\/6549\/revisions\/6551"}],"wp:attachment":[{"href":"https:\/\/blogg.ngn.nu\/index.php\/wp-json\/wp\/v2\/media?parent=6549"}],"wp:term":[{"taxonomy":"category","embeddable":true,"href":"https:\/\/blogg.ngn.nu\/index.php\/wp-json\/wp\/v2\/categories?post=6549"},{"taxonomy":"post_tag","embeddable":true,"href":"https:\/\/blogg.ngn.nu\/index.php\/wp-json\/wp\/v2\/tags?post=6549"}],"curies":[{"name":"wp","href":"https:\/\/api.w.org\/{rel}","templated":true}]}}