{"id":633,"date":"2009-05-27T22:31:54","date_gmt":"2009-05-27T20:31:54","guid":{"rendered":"http:\/\/blogg.ngn.nu\/index.php\/2009\/05\/27\/blaste-nastan-bort\/"},"modified":"2009-05-27T22:39:53","modified_gmt":"2009-05-27T20:39:53","slug":"blaste-nastan-bort","status":"publish","type":"post","link":"https:\/\/blogg.ngn.nu\/index.php\/2009\/05\/27\/blaste-nastan-bort\/","title":{"rendered":"Bl\u00e5ste n\u00e4stan bort&#8230;"},"content":{"rendered":"<p>s\u00f6mn ok. Hade faktiskt sv\u00e5rt f\u00f6r att vakna i morse! Men f\u00f6rst vaknade jag 05:00 och k\u00e4nde att jag var f\u00e4rdigsovd. Gick upp och tog min tidiga morgonmedicin och gick sedan till s\u00e4ngen igen. Normalt brukar jag komma upp senast 07:30. Det \u00e4r ingen njutning f\u00f6r mig att ligga i s\u00e4ngen och &#8217;dra mig&#8217;. Klockan var n\u00e4rmre 08:45 n\u00e4r jag kom upp.<\/p>\n<p><strong>ICAbanken<\/strong><br \/>\nHar haft ett litet meningsutbyte med dem ang\u00e5ende deras s.k. Fakturakonto.<br \/>\n<a id=\"ICAbanken\" style=\"background-color: #ffffcc; cursor: pointer\" onclick=\"expand(this.id+'_090527_220519', this);\">[Visa mer&#8230;]<\/a><\/p>\n<div id=\"ICAbanken_090527_220519\" style=\"display: none\">\n<p>F\u00f6r att inte r\u00e5ka ut f\u00f6r on\u00f6diga kreditkostnader s\u00e5 har vi s\u00e5 fort det g\u00e5r f\u00f6rt \u00f6ver pengar till det kontot om vi nu har handlat n\u00e5got via ICAbankens Kort BANKKORT +.<\/p>\n<p>Det g\u00e5r allts\u00e5 utm\u00e4rkt att f\u00f6r \u00f6ver pengar till ett Fakturakonto.<\/p>\n<p>Nu visade det sig att jag hade varit lite f\u00f6r snabb eller s\u00e5 ville jag vara p\u00e5 den s\u00e4kra sidan s\u00e5 jag hade f\u00f6rt \u00f6ver 1000 SEK f\u00f6r mycket och hustrun hade f\u00e5tt pengar tillbaka f\u00f6r en utebliven t\u00e5gresa (309 SEK).<\/p>\n<p>De d\u00e4r 1306 SEK villa jag ju givetvis f\u00f6ra tillbaka till de konton de kom fr\u00e5n. Ordning och reda.<\/p>\n<p>Men se det gick inte?<\/p>\n<p>Skickade en fr\u00e5ga till ICAbanken:<br \/>\n&#8221;<em>Jag har kontanter (+) p\u00e5 Fakturakontot som jag vill flytta till andra ICA-konton. t.ex Direktkontot.<\/em><\/p>\n<p><em>Hur g\u00f6r jag d\u00e5?<\/em>&#8221;<\/p>\n<p>ICAsvar:<br \/>\n&#8221;<em>Hej , Nils-Gunnar<\/em><\/p>\n<p><em>tack f\u00f6r din e-post.<\/em><\/p>\n<p><em>Vilket belopp vill du \u00f6verf\u00f6ra fr\u00e5n fakturakontot till direktkontot?<\/em><\/p>\n<p><em>Med v\u00e4nliga h\u00e4lsningar<\/em><\/p>\n<p><em>Birgitta Bidemyr<\/em>&#8221;<\/p>\n<p>P\u00e5 det svarade jag:<br \/>\n&#8221;<em>1309 SEK<\/em><\/p>\n<p><em>Vad \u00e4r anledningen till att jag inte kan flytta sj\u00e4lv?<\/em><\/p>\n<p><em>V\u00e4nligen<\/em>&#8221;<\/p>\n<p>ICAsvar:<br \/>\n&#8221;<em>Hej Nils-Gunnar,<\/em><\/p>\n<p><em>tack f\u00f6r din e-post.<\/em><\/p>\n<p><em>Du kan inte sj\u00e4lv g\u00f6ra n\u00e5gon \u00f6verf\u00f6ring ifr\u00e5n ditt fakturakonto till n\u00e5got av<br \/>\ndina andra konton, d\u00e5 en sp\u00e4rr hindrar att man ska kunna g\u00f6ra denna typ av<br \/>\n\u00f6verf\u00f6ring. Anledningen \u00e4r att ditt fakturakontot inneh\u00e5ller en r\u00e4ntefri<br \/>\nkortkredit som aldrig \u00e4r t\u00e4nkt att kunna ta ut i kontanta medel. Har du egna<br \/>\ninsatta pengar p\u00e5 ditt fakturakonto, ut\u00f6ver din kredit, \u00e4r du v\u00e4lkommen att<br \/>\n\u00e5terkomma till oss s\u00e5 kan vi hj\u00e4lpa dig att g\u00f6ra denna \u00f6verf\u00f6ring.<\/em><\/p>\n<p><em>Med v\u00e4nliga h\u00e4lsningar<\/em><\/p>\n<p><em>Elin Klefberg<\/em>&#8221;<\/p>\n<p>Och p\u00e5 det replikerade jag:<br \/>\n&#8221;<em>Tack, \u00f6verf\u00f6ringen \u00e4r redan gjord enligt beg\u00e4ran i f\u00f6reg\u00e5ende meddelande.<\/em><\/p>\n<p><em>Jag f\u00f6rst\u00e5r Ert resonemang men logiken h\u00e5ller inte.<\/em><\/p>\n<p><em>Ett f\u00f6retag kan via ICA BANKKORT + \/ MasterCard belasta (ta ut pengar fr\u00e5n) kontot men jag som &#8221;\u00e4ger&#8221; kontot kan inte g\u00f6ra det?<\/em><\/p>\n<p><em>&#8221;R\u00e4ntefritt?&#8221;<br \/>\nJag betalar \u00e5rligen en avgift om 320 SEK som belastar Fakturakontot (kort- \/ kreditkostnad) och s\u00e5 har jag i min hand ett dokument d\u00e4r det st\u00e5r: &#8221;Kortkreditr\u00e4ntan \u00e4r 15,20%&#8221; och &#8221;Kontonamnet \u00e4r: Fakturakonto.&#8221;<\/em><\/p>\n<p><em>P\u00e5 samma dokument st\u00e5r ocks\u00e5: &#8221;Vill du undvika kreditr\u00e4nta? Betala hela utg\u00e5ende saldot.&#8221;<\/em><\/p>\n<p><em>S\u00e5, vad \u00e4r det som g\u00e4ller?<\/em><\/p>\n<p><em>V\u00e4nligen<\/em>&#8221;<\/p>\n<p>ICAsvar:<br \/>\n&#8221;<em>Hej Nils-Gunnar!<\/em><\/p>\n<p><em>P\u00e5 ditt fakturakonto debiteras alla ink\u00f6p du g\u00f6r utanf\u00f6r ICA och Statoil.<br \/>\nH\u00e4r har du en kortkredit kopplad p\u00e5 10 000 kronor. Allt som<br \/>\nhandlas en m\u00e5nad samlas p\u00e5 en faktura som kommer till dig m\u00e5naden efter ink\u00f6p.<br \/>\nDu v\u00e4ljer sedan sj\u00e4lv om du vill betala hela skulden eller delbetala. Betalas<br \/>\nhela skulden har du en r\u00e4ntefri kredit i upp till 60 dagar. Vi aviserar alltid<br \/>\nett l\u00e4gsta belopp som m\u00e5ste betalas f\u00f6r att kontot ska l\u00f6pa.<br \/>\nOm du v\u00e4ljer att delbetala fakturan utg\u00e5r det en r\u00e4nta p\u00e5 resterande belopp.<\/em><\/p>\n<p><em>Som vi skrev i f\u00f6reg\u00e5ende meddelande \u00e4r inte tanken att man ska kunna betala r\u00e4kningar<br \/>\neller ta ut kontanter r\u00e4ntefritt i upp till 60 dagar och du kan d\u00e4rf\u00f6r inte sj\u00e4lv \u00f6verf\u00f6ra pengar<br \/>\nfr\u00e5n fakturakontot.<\/em><\/p>\n<p><em>Med v\u00e4nliga h\u00e4lsningar<\/em><\/p>\n<p><em>Sara Lind\u00e9n<\/em>&#8221;<\/p>\n<p>Kan inte l\u00e5ta bli att replikera p\u00e5 det d\u00e4r:<br \/>\n&#8221;<em>Ni f\u00e5r l\u00e4sa igenom f\u00f6reg\u00e5ende meddelanden b\u00e4ttre innan ni h\u00e4nvisar till dem.<\/em><\/p>\n<p><em>Om jag tar mitt ICA BANKKORT + med MasterCard och s\u00e4tter den i en uttagsautomat kommer det ut kontanter d\u00e5?<\/em><\/p>\n<p><em>Vilket konto \u00e4r det, i s\u00e5 fall, som belastas?<\/em><\/p>\n<p><em>Och om jag nu, en m\u00e5nad, skulle hamna i tillf\u00e4lligt ekonomiskt obest\u00e5nd s\u00e5 kan inte jag se det som s\u00e5 f\u00f6rf\u00e4rligt hemskt att kunna betala en r\u00e4kning och f\u00e5 60 dagars r\u00e4ntefrihet.<\/em><\/p>\n<p><em>Jag kan ju g\u00e5 och k\u00f6pa en DigitalTV och f\u00e5 den f\u00f6rm\u00e5nen, s\u00e5?<\/em><\/p>\n<p><em>V\u00e4nligen<\/em>&#8221;<\/p>\n<p>Jag vet inte vilken del de egentligen inte fattat men jag ville ju ta ut (+) pengar, allts\u00e5 inte belasta krediten. <\/p>\n<\/div>\n<p><!-- Slut ICAbanken --><\/p>\n<p><strong>SwedBank<\/strong><br \/>\nInga problem att f\u00e5 det s.k. medlemsbill\u00e5net. Och det till r\u00e4tt s\u00e5 bra r\u00e4nta ocks\u00e5, f.n 3,73%.<br \/>\n<a id=\"SwedBank\" style=\"background-color: #ffffcc; cursor: pointer\" onclick=\"expand(this.id+'_090527_220558', this);\">[Visa mer&#8230;]<\/a><\/p>\n<div id=\"SwedBank_090527_220558\" style=\"display: none\">\n<p>N\u00e4r jag fr\u00e5gade om det fanns n\u00e5gon bonus i att teckna deras bilf\u00f6rs\u00e4kring blev det mer tveksamt. De hade inge koppling mellan bill\u00e5n och bilf\u00f6rs\u00e4kring (?!).<\/p>\n<p>D\u00e4remot, om vi tecknade en bostadsr\u00e4ttsf\u00f6rs\u00e4kring s\u00e5 skulle vi f\u00e5 15% p\u00e5 bilf\u00f6rs\u00e4kringspremien.<\/p>\n<p>Och det gick fortfarande inte att f\u00e5 fram n\u00e5gon m\u00e5nadspremie utan ett bilregistreringsnummer. Andra bilf\u00f6r\u00e4kringsbolag har inga problem med att ta fram en premie f\u00f6r fabriksnya bilar utan registreringsnummer. D\u00e4r m\u00e5ste SwedBanks f\u00f6rs\u00e4kringsbolag TreKronor b\u00e4ttra sig.<\/p>\n<p>Jag som kund vill vara ute i god tid och g\u00f6ra j\u00e4mf\u00f6relser. <\/p>\n<\/div>\n<p><!-- Slut SwedBank --><\/p>\n<p><strong>Nya bilen<\/strong><br \/>\n(Renault) <strong>Dacia Sandero Laureate<\/strong>, milj\u00f6bil &#8211; bensin\/Etanol.<br \/>\nBefinner sig f.n. i G\u00f6teborgs hamn f\u00f6r inregistrering.<br \/>\n<a id=\"DACIA\" style=\"background-color: #ffffcc; cursor: pointer\" onclick=\"expand(this.id+'_090527_220524', this);\">[Visa mer&#8230;]<\/a><\/p>\n<div id=\"DACIA_090527_220524\" style=\"display: none\">\n<p>En miss, med den bilen, som irriterar mig, \u00e4r br\u00e4nslef\u00f6rbrukningen:<br \/>\nBensin (95): 0,72 l\/mil blandad k\u00f6rning.<br \/>\nEtanol (E85): 1,0 l\/mil blandad k\u00f6rning.<\/p>\n<p>Om de nu g\u00f6r en s\u00e5 &#8217;liten och l\u00e4tt&#8217; (1036 kg) bil, kunde de d\u00e5 inte gjort den br\u00e4nslesn\u00e5lare?<\/p>\n<p>Bensin (B95):<br \/>\nCO<sub>2<\/sub>-utsl\u00e4ppet \u00e4r: 170 g\/km. Miss h\u00e4r ocks\u00e5 anser jag.<br \/>\n<small>[N\u00e4r jag g\u00f6r en ber\u00e4kning p\u00e5 www.etanol.nu s\u00e5 f\u00e5r jag resultatet: 191 g\/km]<\/small><\/p>\n<p>Etanol (E85):<br \/>\nCO<sub>2<\/sub>-utsl\u00e4ppet \u00e4r: 59 (-67) g\/km. K\u00e4nns ju mer OK.<br \/>\n<small>[ber\u00e4kning gjord p\u00e5 www.etanol.nu]<\/small><\/p>\n<p>Gr\u00e4nsv\u00e4rdet f\u00f6r milj\u00f6bil \u00e4r 120 g\/km.<\/p>\n<p>Det som g\u00f6r denna Dacia till en milj\u00f6bil \u00e4r att den g\u00e5r att g\u00f6ra p\u00e5 Bensin\/Etanol. M\u00f6jligheten allts\u00e5.<\/p>\n<p>Det d\u00e4r gr\u00e4mer mig&#8230;<\/p>\n<p>Idag, kostar B95 ca 12 SEK\/liter och E85 ca 10 SEK\/liter.<\/p>\n<div style=\"width: 450px\">Tur och retur G\u00e4vle (till Tova och tillbaka):<br \/>\n2&#215;45 mil = 90 mil<\/p>\n<table border=\"1\" cellpadding=\"2\" cellspacing=\"2\" width=\"100%\">\n<tr>\n<td>&nbsp;<\/td>\n<td><strong><small>Bensin (B95)<\/small><\/strong><\/td>\n<td><strong><small>Etanol (E85)<\/small><\/strong><\/td>\n<\/tr>\n<tr>\n<td><strong><small>F\u00f6rbrukning<\/small><\/strong><\/td>\n<td><small>90&#215;0,72= 64,8 liter<\/small><\/td>\n<td><small>90&#215;1 = 90 liter<\/small><\/td>\n<\/tr>\n<tr>\n<td><strong><small>Kostnad<\/small><\/strong><\/td>\n<td><small>64,8&#215;12= 778 SEK<\/small><\/td>\n<td><small>90&#215;10 = 900 SEK<\/small><\/td>\n<\/tr>\n<tr>\n<td><strong><small>C0<sub>2<\/sub>-utsl\u00e4pp*<\/small><\/strong><\/td>\n<td><small>172 kg<\/small><\/td>\n<td><small>52,7 kg<\/small><\/td>\n<\/tr>\n<\/table>\n<p>* <small>Hur kan C0<sub>2<\/sub>-utsl\u00e4pp i kg vara tyngre \u00e4n m\u00e4ngden br\u00e4nsle i liter? 172 kg C0<sub>2<\/sub>, ryms det i 65 liter bensin?<br \/>\nJo, s\u00e5 h\u00e4r:<br \/>\nC0<sub>2<\/sub> skapas ju vid f\u00f6rbr\u00e4nningen, i en f\u00f6rbr\u00e4nningsmotor. &#8217;C&#8217;, kolet finns i bensinen och &#8217;O&#8217;, syret, finns i den tillf\u00f6rda luften.<\/small><\/p>\n<p><small>Syrets (&#8217;O&#8217;) atomvikt (massa) \u00e4r: 15,9994 u<br \/>\nKolets (&#8217;C&#8217;) atomvikt (massa) \u00e4r: 12,0107 u<\/small><\/p>\n<p><small>Det betyder att massan f\u00f6r en C0<sub>2<\/sub> \u00e4r, ca:<br \/>\n(15,9994 + 15,9994 + 12,0107 =) 44,0095 u<\/small><\/p>\n<p><small>Kol (&#8217;C&#8217;) st\u00e5r allts\u00e5 f\u00f6r ca 27,29% av vikten, i f\u00f6reningen C0<sub>2<\/sub>.<\/small><\/p>\n<p><small>27,29% av 2,77 kg = 0,76 kg kol (&#8217;C&#8217;). Resten 2,01 kg \u00e4r allts\u00e5 syre (&#8217;O&#8217;)<\/small><\/p>\n<p><small>I 1 kg bensin (B95) finns det allts\u00e5 ca 0,76 kg kol (&#8217;C&#8217;).<\/small><\/p>\n<p><small>Och 1 kg bensin (B95) \u00e4r ca 1,38 liter.<\/small><\/p>\n<\/div>\n<p> S\u00e5, vill jag spara pengar eller milj\u00f6? <\/p>\n<\/div>\n<p><!-- Slut DACIA --><\/p>\n<p><strong>Bilf\u00f6rs\u00e4kringar<\/strong><br \/>\nEtt f\u00f6rs\u00f6k till j\u00e4mf\u00f6relse. Jag tar bara med Folksam (d\u00e4r \u00e4r jag &#8217;bonuskund&#8217;), SwedBank (av nyfikenhet) och Renault\/Dacia Bilf\u00f6rs\u00e4kring (eftersom det \u00e4r en s\u00e5dan bil vi k\u00f6per och s\u00e4ljaren Volvo Brant vill givetvis att vi tecknar f\u00f6rs\u00e4kring hos dem.)<br \/>\n<a id=\"Forsakringar\" style=\"background-color: #ffffcc; cursor: pointer\" onclick=\"expand(this.id+'_090527_220502', this);\">[Visa mer&#8230;]<\/a><\/p>\n<div id=\"Forsakringar_090527_220502\" style=\"display: none\">\n<div style=\"width: 451px\">\n<table border=\"1\" cellpadding=\"2\" cellspacing=\"2\" width=\"100%\">\n<tr>\n<td valign=\"top\">&nbsp;<\/td>\n<td valign=\"top\"><small><strong>Folksam<\/strong><\/small><\/td>\n<td valign=\"top\"><small><strong>Reanult<\/strong><\/small><\/td>\n<td valign=\"top\"><small><strong>SwedBank, TreKronor<\/strong><\/small><\/td>\n<\/tr>\n<tr>\n<td><small>Typ<\/small><\/td>\n<td><small>halv<\/small><\/td>\n<td><small>halv<\/small><\/td>\n<td><small>halv, BilBAS<\/small><\/td>\n<\/tr>\n<tr>\n<td valign=\"top\"><small>M\u00e5nads- kostnad<\/small><\/td>\n<td valign=\"top\"><small>233<\/small><\/td>\n<td valign=\"top\"><small>193<\/small><\/td>\n<td valign=\"top\"><small>? (g\u00e5r inte att f\u00e5 fram utan bilens regnummer)<\/small><\/td>\n<\/tr>\n<tr>\n<td valign=\"top\"><small>M\u00e5nads- kostnad, med ev rabatt<\/small><\/td>\n<td valign=\"top\"><small>207<\/small><\/td>\n<td valign=\"top\"><small>172<\/small><\/td>\n<td valign=\"top\"><small>-15% om f\u00f6rs. av bostadsr\u00e4tt (kostnad?)<\/small><\/td>\n<\/tr>\n<tr>\n<td><small><strong>Trafik<\/strong><\/small><\/td>\n<td>&nbsp;<\/td>\n<td>&nbsp;<\/td>\n<td>&nbsp;<\/td>\n<\/tr>\n<tr>\n<td><small>Personskada<\/small><\/td>\n<td><small>Ja<\/small><\/td>\n<td><small>Ja<\/small><\/td>\n<td><small>Ja<\/small><\/td>\n<\/tr>\n<tr>\n<td valign=\"top\"><small>Skada p\u00e5 annans fordon<\/small><\/td>\n<td valign=\"top\"><small>Ja<\/small><\/td>\n<td valign=\"top\"><small>Ja<\/small><\/td>\n<td valign=\"top\"><small>Ja<\/small><\/td>\n<\/tr>\n<tr>\n<td valign=\"top\"><small>Skada p\u00e5 annans egendom<\/small><\/td>\n<td valign=\"top\"><small>Ja<\/small><\/td>\n<td valign=\"top\"><small>Ja<\/small><\/td>\n<td valign=\"top\"><small>Ja<\/small><\/td>\n<\/tr>\n<tr>\n<td><small><strong>Delkasko<\/strong><\/small><\/td>\n<td>&nbsp;<\/td>\n<td>&nbsp;<\/td>\n<td>&nbsp;<\/td>\n<\/tr>\n<tr>\n<td><small>Brand<\/small><\/td>\n<td><small>Ja<\/small><\/td>\n<td><small>Ja<\/small><\/td>\n<td><small>Ja<\/small><\/td>\n<\/tr>\n<tr>\n<td><small>Glas, byte<\/small><\/td>\n<td><small>Ja<\/small><\/td>\n<td><small>Ja<\/small><\/td>\n<td><small>Ja<\/small><\/td>\n<\/tr>\n<tr>\n<td><small>St\u00f6ld<\/small><\/td>\n<td><small>Ja<\/small><\/td>\n<td><small>Ja<\/small><\/td>\n<td><small>Ja<\/small><\/td>\n<\/tr>\n<tr>\n<td><small>Maskinskada<\/small><\/td>\n<td><small>Ja<\/small><\/td>\n<td><small>Ja<\/small><\/td>\n<td><small>Ja<\/small><\/td>\n<\/tr>\n<tr>\n<td><small>Krishantering<\/small><\/td>\n<td><small><em>Nej<\/em><\/small><\/td>\n<td><small><em>?<\/em><\/small><\/td>\n<td><small>Ja<\/small><\/td>\n<\/tr>\n<tr>\n<td><small>R\u00e4ddning<\/small><\/td>\n<td><small>Ja<\/small><\/td>\n<td><small>Ja<\/small><\/td>\n<td><small>Ja<\/small><\/td>\n<\/tr>\n<tr>\n<td><small>R\u00e4ttsskydd<\/small><\/td>\n<td><small>Ja<\/small><\/td>\n<td><small>Ja<\/small><\/td>\n<td><small>Ja<\/small><\/td>\n<\/tr>\n<tr>\n<td><small><strong>Vagnskada<\/strong><\/small><\/td>\n<td>&nbsp;<\/td>\n<td>&nbsp;<\/td>\n<td>&nbsp;<\/td>\n<\/tr>\n<tr>\n<td valign=\"top\"><small>Trafikolycka<\/small><\/td>\n<td valign=\"top\"><small><em>Nej<\/em><\/small><\/td>\n<td valign=\"top\"><small>(Ja)<\/small><\/td>\n<td valign=\"top\"><small>Ja<\/small><\/td>\n<\/tr>\n<tr>\n<td valign=\"top\"><small>Skadeg\u00f6relse<\/small><\/td>\n<td valign=\"top\"><small><em>Nej<\/em><\/small><\/td>\n<td valign=\"top\"><small>(Ja)<\/small><\/td>\n<td valign=\"top\"><small>Ja<\/small><\/td>\n<\/tr>\n<tr>\n<td valign=\"top\"><small>Annan yttre olycksh\u00e4ndelse<\/small><\/td>\n<td valign=\"top\"><small><em>Nej<\/em><\/small><\/td>\n<td valign=\"top\"><small>(Ja)<\/small><\/td>\n<td valign=\"top\"><small>Ja<\/small><\/td>\n<\/tr>\n<tr>\n<td valign=\"top\"><small>Sj\u00e4lvrisk- reducering kollision utl\u00e4ndsk motpart<\/small><\/td>\n<td valign=\"top\"><small><em>Nej<\/em><\/small><\/td>\n<td valign=\"top\"><small><em>?<\/em><\/small><\/td>\n<td valign=\"top\"><small><em>Nej<\/em><\/small><\/td>\n<\/tr>\n<tr>\n<td><small><strong>Sj\u00e4lvrisker<\/strong><\/small><\/td>\n<td>&nbsp;<\/td>\n<td>&nbsp;<\/td>\n<td>&nbsp;<\/td>\n<\/tr>\n<tr>\n<td valign=\"top\"><small>Trafik- f\u00f6rs\u00e4kring<\/small><\/td>\n<td valign=\"top\"><small>1000<\/small><\/td>\n<td valign=\"top\"><small>Ingen sj\u00e4lvrisk <\/small><\/td>\n<td valign=\"top\"><small>Ingen sj\u00e4lvrisk<\/small><\/td>\n<\/tr>\n<tr>\n<td valign=\"top\"><small>Brand<\/small><\/td>\n<td valign=\"top\"><small>1500<\/small><\/td>\n<td valign=\"top\"><small>1200<\/small><\/td>\n<td valign=\"top\"><small>1500<\/small><\/td>\n<\/tr>\n<tr>\n<td valign=\"top\"><small>Glas, byte<\/small><\/td>\n<td valign=\"top\"><small>1700<\/small><\/td>\n<td valign=\"top\"><small>35% av kostnaden l\u00e4gst 1000<\/small><\/td>\n<td valign=\"top\"><small>1500<\/small><\/td>\n<\/tr>\n<tr>\n<td valign=\"top\"><small>Glas, reparation<\/small><\/td>\n<td valign=\"top\"><small>200 \/ stenskott<\/small><\/td>\n<td valign=\"top\"><small>200 \/ stenskott<\/small><\/td>\n<td valign=\"top\"><small>100 \/ stenskott<\/small><\/td>\n<\/tr>\n<tr>\n<td valign=\"top\"><small>St\u00f6ld<\/small><\/td>\n<td valign=\"top\"><small>2000. \u00d6kar med 5000 om bilen inte varit l\u00e5st med ratt- eller v\u00e4xell\u00e5s.<\/small><\/td>\n<td valign=\"top\"><small>1800<\/small><\/td>\n<td valign=\"top\"><small>1500<\/small><\/td>\n<\/tr>\n<tr>\n<td valign=\"top\"><small>Maskinskada<\/small><\/td>\n<td valign=\"top\"><small>2000 kr, h\u00f6js till 3000 kr om bilen k\u00f6rts mer \u00e4n 80000 km<\/small><\/td>\n<td valign=\"top\"><small>Om bilen k\u00f6rts &lt; 5000 mil \u00e4r sj\u00e4lvrisken vid reparation 2000 kr<br \/>\nOm bilen k\u00f6rts 5000- 8000 mil \u00e4r sj\u00e4lvrisken vid reparation 20% av skadekostnaden dock minst 2000 kr<br \/>\nOm bilen k\u00f6rts 8000-10000 mil \u00e4r sj\u00e4lvrisken vid reparation 25% av skadekostnaden dock minst 3500 kr<br \/>\nOm bilen k\u00f6rts 10000-12000 mil \u00e4r sj\u00e4lvrisken vid reparation 30% av skadekostnaden dock minst 5500 kr. G\u00e4ller bara om du k\u00f6pt din Renault hos en av Renault auktoriserad bilhandlare.<\/small><\/td>\n<td valign=\"top\"><small>0-4000 mil: 1500<br \/>\n4001-10000 mil: 5000<\/small><\/td>\n<\/tr>\n<tr>\n<td valign=\"top\"><small>Krishantering<\/small><\/td>\n<td valign=\"top\"><small><em>?<\/em><\/small><\/td>\n<td valign=\"top\"><small><em>?<\/em><\/small><\/td>\n<td valign=\"top\"><small>Ingen sj\u00e4lvrisk<\/small><\/td>\n<\/tr>\n<tr>\n<td valign=\"top\"><small>R\u00e4ddning<\/small><\/td>\n<td valign=\"top\"><small>1500<\/small><\/td>\n<td valign=\"top\"><small>1200<\/small><\/td>\n<td valign=\"top\"><small>1500<\/small><\/td>\n<\/tr>\n<tr>\n<td valign=\"top\"><small>R\u00e4ttsskydd<\/small><\/td>\n<td valign=\"top\"><small>20% av skade- kostnaden, l\u00e4gst 1500<\/small><\/td>\n<td valign=\"top\"><small>25% l\u00e4gst 1000<\/small><\/td>\n<td valign=\"top\"><small>20% av skadekostnaden, l\u00e4gst 1500<\/small><\/td>\n<\/tr>\n<tr>\n<td valign=\"top\"><small>Vagnskada<\/small><\/td>\n<td valign=\"top\"><small>3000 eller 6000 kr.<\/small><\/td>\n<td valign=\"top\"><small>3000<\/small><\/td>\n<td valign=\"top\"><small>2500<\/small><\/td>\n<\/tr>\n<\/table>\n<p>Slutsats: Premiem\u00e4ssigt vinner ju Renaultf\u00f6rs\u00e4kringen men inneh\u00e5llsm\u00e4ssigt vinner TreKronor. S\u00e5 vi f\u00e5r v\u00e4l se vad vi kan pressa ned deras premie till n\u00e4r vi f\u00e5tt veta bilens reg.nr.<\/p><\/div>\n<\/p>\n<\/div>\n<p><!-- Slut Forsakringar --><\/p>\n<p> <strong>Ut\u00f6kad bilunders\u00f6kning<\/strong><br \/>\nF\u00f6ljande bilar verkar ocks\u00e5 var v\u00e4ldigt prisv\u00e4rda och intressanta:<br \/>\n<a id=\"MeraBilar\" style=\"background-color: #ffffcc; cursor: pointer\" onclick=\"expand(this.id+'_090527_220559', this);\">[Visa mer&#8230;]<\/a><\/p>\n<div id=\"MeraBilar_090527_220559\" style=\"display: none\">\n<p><u>Subaru Justy 1.0E<\/u> (0,5 l\/mil blandad k\u00f6rning) ABS\/EBD<br \/>\nNypris: ca 119900 +drag +armst\u00f6d.<\/p>\n<p><u>KIA picanto 1,1 SPORT<\/u> (0,52 l\/mil blandad k\u00f6rning) ABS\/EBD\/ESP<br \/>\nNypris: ca 119800 +drag +armst\u00f6d(?).<\/p>\n<p><u>Mitsubishi Colt PLUS CLEARTEC<\/u> (0,6  l\/mil blandad k\u00f6rning samt \u00e4ven etanol)  ABS\/EBD\/ESP<br \/>\nNypris: 118300 +drag +armst\u00f6d.<\/p>\n<p>Inte f-n blev det enklare nu? <\/p>\n<\/div>\n<p><!-- Slut MeraBilar --><\/p>\n<p><strong>Hj\u00e4lpmedel<\/strong><br \/>\n<u>Burk\u00f6ppnare<\/u><br \/>\nVi vill ha en som kan \u00f6ppna lock p\u00e5 glasburkar. Har kollat runt i lite aff\u00e4rer och vi hittar inget. Var in till Apoteket, de hade heller inget men de h\u00e4nvisade till Hj\u00e4lpmedelscentralen.<br \/>\n<a id=\"Burkoppnare\" style=\"background-color: #ffffcc; cursor: pointer\" onclick=\"expand(this.id+'_090527_220529', this);\">[Visa mer&#8230;]<\/a><\/p>\n<div id=\"Burkoppnare_090527_220529\" style=\"display: none\">\n<p>\u00c5kte dit. Gick inte att komma in utan tid.<\/p>\n<p>Gick in till Sjukgymnastiken och fick distriktsarbetsterapiens telefontider.<\/p>\n<p>V\u00e4l hemma uppt\u00e4cker jag att det just d\u00e5 var telefontid s\u00e5 jag ringde och fick prata med en arbetsterapeut. De har inga s\u00e5danan hj\u00e4lpmedel l\u00e4ngre.<br \/>\nD\u00e4remot bist\u00e5r de med r\u00e5dgivning om vilka hj\u00e4lpmedel som \u00e4r bra och var man sedan kan k\u00f6pa dem &#8211; ja det var lite mer os\u00e4kert&#8230;, en \u00f6ppen fr\u00e5ga liksom.<\/p>\n<p>Jag blev rekommenderad att skaffa en s\u00e5dan d\u00e4r som man monterar under en hylla och som man sedan trycker in burklocket i och vrider sedan \u00e5t r\u00e4tt h\u00e5ll.<\/p>\n<p>Jag k\u00e4nner till den sorten. Vi hade en s\u00e5dan hemma p\u00e5 Hjortmossegatan 130 i Trollh\u00e4ttan. D\u00e4r jag v\u00e4xte upp.<\/p>\n<p>Jag fick i vart fall en webshopadress: www.varsam.se och att &#8217;de st\u00f6rre varuhusen&#8217; brukar ha s\u00e5danan. I v\u00e5rt fall inneb\u00e4r det ICA Maxi och CoopForum ute p\u00e5 \u00d6verby K\u00f6pcenter.<\/p>\n<p>N\u00e4r jag kom hem var det n\u00e5got som b\u00f6rjade gnaga i bakhuvudet. Surfade in till www.varsam.se och gick sedan till min byr\u00e5k\u00f6ksl\u00e5da och h\u00e4mtade deras katalog. Jag har ju redan varit inne p\u00e5 deras webshop men jag tycket den var jobbig s\u00e5 jag best\u00e4llde deras katalog.<\/p>\n<p>De har s\u00e5dan burk\u00f6ppnare. F\u00f6r ca 90 SEK + frakt antar jag.<\/p>\n<p>Hustrun fick se att de har elektriska &#8211; hon vill ha en s\u00e5dan (One Touch Burk\u00f6ppnare, batteridriven (2st R6(AA)), 279 SEK + frakt 50 SEK [www.wenz.se] P\u00e5 varsam.se kostar samma pryl 395 SEK + frakt 100 SEK + ev postf\u00f6rskott 53 SEK). Men f\u00f6rst ska hon ha ett samtal med n\u00e5gra av sina kamrater de \u00e4r lite halta och lytta och mer eller mindre klena s\u00e5 hon tror att de s\u00e4kert har r\u00e5d att ge.<\/p>\n<p>Hustrun kom tillbaka fr\u00e5n sin burk\u00f6ppnarproffs och meddelade att de anv\u00e4nder en &#8217;petmoj&#8217; (t.ex. en skruvmejsel) som de petar in under lockkanten och f\u00f6rsiktigt &#8217;b\u00e4nder&#8217; lite tills luft pyser in eller ut och sedan lossar locket l\u00e4tt.<\/p>\n<p>Och ja, det funkar&#8230; <\/p>\n<\/div>\n<p><!-- Slut Burkoppnare --><\/p>\n<p><u>K\u00e4pp<\/u><br \/>\nVar in till sjukgymnastiken (se ovan) och ville kika p\u00e5 en k\u00e4pp. N\u00e4r jag \u00e4r ute p\u00e5 mina naturrundor s\u00e5 f\u00e5r jag ju s\u00e4tta mig ned och vile emellan\u00e5t och d\u00e5 har det h\u00e4nt att jag tappat balansen n\u00e4r jag reser mig och har d\u00e5 klurat p\u00e5 om n\u00e5gon l\u00e4tt k\u00e4pp skulle kunna vara en l\u00f6sning.<br \/>\n<a id=\"Kaepp\" style=\"background-color: #ffffcc; cursor: pointer\" onclick=\"expand(this.id+'_090527_220557', this);\">[Visa mer&#8230;]<\/a><\/p>\n<div id=\"Kaepp_090527_220557\" style=\"display: none\">\n<p>Att b\u00e4ra med sig ett kamerastativ, lite f\u00f6r den sakens skull, \u00e4r lite &#8217;overkill&#8217;.<\/p>\n<p>Det var telefontid d\u00e4r ocks\u00e5. N\u00e4sta m\u00f6jliga telefontid \u00e4r i morgon 15-15:30.<\/p>\n<p>Ringde och pratade med farsan. Han har tre och anv\u00e4nder ingen. Jag \u00e5ker dit vid tillf\u00e4lle och l\u00e5nar en och pr\u00f6var. <\/p>\n<\/div>\n<p><!-- Slut Kaepp --><\/p>\n<p><strong>Mina Live-v\u00e4rden<\/strong><br \/>\n<a id=\"MinaLive\" style=\"background-color: #ffffcc; cursor: pointer\" onclick=\"expand(this.id+'_090527_220521', this);\">[Visa mer&#8230;]<\/a><\/p>\n<div id=\"MinaLive_090527_220521\" style=\"display: none\">\n<table border=\"1\" cellpadding=\"2\" cellspacing=\"2\">\n<tr>\n<td colspan=\"5\"><small><font face=\"sans-serif\">Morgon;<\/font><\/small><\/td>\n<\/tr>\n<tr>\n<td style=\"font-weight: bold\"><small><font face=\"sans-serif\">Vad<\/font><\/small><\/td>\n<td style=\"font-weight: bold\" align=\"right\"><small><font face=\"sans-serif\">V\u00e4rde:<\/font><\/small><\/td>\n<td style=\"font-weight: bold\"><small><font face=\"sans-serif\">&#8217;storhet&#8217;<\/font><\/small><\/td>\n<td style=\"font-weight: bold\"><small><font face=\"sans-serif\">Trend<\/font><\/small><\/td>\n<td style=\"font-weight: bold\"><small><font face=\"sans-serif\">Not<\/font><\/small><\/td>\n<\/tr>\n<tr>\n<td><small><font face=\"sans-serif\">-Bltr*:<\/font><\/small><\/td>\n<td align=\"right\"><small><font face=\"sans-serif\"><strong>XXX\/XXX<\/strong><\/font><\/small><\/td>\n<td><small><font face=\"sans-serif\">mmHg<\/font><\/small><\/td>\n<td>&nbsp;<\/td>\n<td rowspan=\"2\" align=\"center\"><small>Veckans \u00e5rsv\u00e4rden*<\/small><\/td>\n<\/tr>\n<tr>\n<td><small><font face=\"sans-serif\">-Puls*:<\/font><\/small><\/td>\n<td align=\"right\"><small><font face=\"sans-serif\"><strong>XXX<\/strong><\/font><\/small><\/td>\n<td><small><font face=\"sans-serif\">s\/min<\/font><\/small><\/td>\n<td>&nbsp;<\/td>\n<\/tr>\n<tr>\n<td><small><font face=\"sans-serif\">-Vikt:<\/font><\/small><\/td>\n<td align=\"right\"><small><font face=\"sans-serif\"><strong>93,8<\/strong><\/font><\/small><\/td>\n<td><small><font face=\"sans-serif\">Kg<\/font><\/small><\/td>\n<td><img loading=\"lazy\" decoding=\"async\" src=\"http:\/\/ngn.nu\/Bilder4\/090115_PilRightUppRed_h25w60.gif\" alt=\"[Bild: PilRightR\u00f6dUpp]\" height=\"12\" width=\"30\" \/><\/td>\n<td>&nbsp;<\/td>\n<\/tr>\n<tr>\n<td><small><font face=\"sans-serif\">-Midjem\u00e5tt**:<\/font><\/small><\/td>\n<td align=\"right\"><small><font face=\"sans-serif\"><strong>105<\/strong><\/font><\/small><\/td>\n<td><small><font face=\"sans-serif\">cm<\/font><\/small><\/td>\n<td><img loading=\"lazy\" decoding=\"async\" src=\"http:\/\/ngn.nu\/Bilder4\/090115_PilRightBlack_h25w60.gif\" alt=\"[Bild: PilRightSvart]\" height=\"12\" width=\"30\" \/><\/td>\n<td>&nbsp;<\/td>\n<\/tr>\n<tr>\n<td><small><font face=\"sans-serif\">-BMI***:<\/font><\/small><\/td>\n<td align=\"right\"><small><font face=\"sans-serif\"><strong>29,3<\/strong><\/font><\/small><\/td>\n<td>&nbsp;<\/td>\n<td><img loading=\"lazy\" decoding=\"async\" src=\"http:\/\/ngn.nu\/Bilder4\/090115_PilRightUppRed_h25w60.gif\" alt=\"[Bild: PilRightR\u00f6dUpp]\" height=\"12\" width=\"30\" \/><\/td>\n<td rowspan=\"3\" align=\"center\"><a href=\"http:\/\/ngn.nu\/Bilder4\/090527_CHART_BMI.gif\" target=\"_blank\"><small>M\u00e5nad 1-4 medelv\u00e4rde<br \/>\nsamt dagens m\u00e5nadsv\u00e4rde<br \/>\n(BMI, Fett%, V\u00e4tske% och Resten%)<\/small><\/a><\/td>\n<\/tr>\n<tr>\n<td><small><font face=\"sans-serif\">-Andel-Fett:<\/font><\/small><\/td>\n<td align=\"right\"><small><font face=\"sans-serif\"><strong>24,3<\/strong><\/font><\/small><\/td>\n<td><small><font face=\"sans-serif\">%<\/font><\/small><\/td>\n<td><img loading=\"lazy\" decoding=\"async\" src=\"http:\/\/ngn.nu\/Bilder4\/090115_PilRightUppRed_h25w60.gif\" alt=\"[Bild: PilRightR\u00f6dUpp]\" height=\"12\" width=\"30\" \/><\/td>\n<\/tr>\n<tr>\n<td><small><font face=\"sans-serif\">-Andel-Vatten:<\/font><\/small><\/td>\n<td align=\"right\"><small><font face=\"sans-serif\"><strong>52,0<\/strong><\/font><\/small><\/td>\n<td><small><font face=\"sans-serif\">%<\/font><\/small><\/td>\n<td><img loading=\"lazy\" decoding=\"async\" src=\"http:\/\/ngn.nu\/Bilder4\/090115_PilRightDownBlack_h25w60.gif\" alt=\"[Bild: PilRightSvartNed]\" height=\"12\" width=\"30\" \/><\/td>\n<\/tr>\n<tr>\n<td colspan=\"5\"><small><font face=\"sans-serif\">* Endast m\u00e5ndagar och ett medelv\u00e4rde av tre m\u00e4tningar med ca 5 min emellan.<br \/>\n** M\u00e4tt p\u00e5 det tjockaste st\u00e4llet (\u00f6ver naveln och traktorringarna)<br \/>\n*** ((Kroppsvikt i Kg)\/(L\u00e4ngd i meter)<sup><sub>2<\/sub><\/sup><\/font><font face=\"sans-serif\">)=BMI (<span style=\"font-weight: bold\">B<\/span>ody <span style=\"font-weight: bold\">M<\/span>ass <span style=\"font-weight: bold\">I<\/span>ndex)<\/font><\/small><\/td>\n<\/tr>\n<\/table>\n<\/div>\n<p><!-- Slut MinaLive --><\/p>\n<p><strong>H\u00e4lsol\u00e4get<\/strong><br \/>\n<u>Morgonen<\/u>: K\u00e4nns OK. Lite seg. Ena halvan av kroppen vill inte h\u00e4nga med riktigt.<br \/>\n<u>Under dagen<\/u>: Trodde cykelturen hem fr\u00e5n centrum skulle s\u00e4nka mig. Det var ju stormmotvind! Men jag har inte lagt mig f\u00f6r vila \u00e4n&#8230;, ja, det kanske \u00e4r dags f\u00f6r det?<br \/>\n<u>Kv\u00e4llen<\/u>: Nu \u00e4r det r\u00f6rigt v\u00e4rre&#8230;, m\u00e5ste i s\u00e4ng.<\/p>\n","protected":false},"excerpt":{"rendered":"<p>s\u00f6mn ok. Hade faktiskt sv\u00e5rt f\u00f6r att vakna i morse! Men f\u00f6rst vaknade jag 05:00 och k\u00e4nde att jag var f\u00e4rdigsovd. Gick upp och tog min tidiga morgonmedicin och gick sedan till s\u00e4ngen igen. Normalt brukar jag komma upp senast &hellip; <a href=\"https:\/\/blogg.ngn.nu\/index.php\/2009\/05\/27\/blaste-nastan-bort\/\">Forts\u00e4tt l\u00e4sa <span class=\"meta-nav\">&rarr;<\/span><\/a><\/p>\n","protected":false},"author":1,"featured_media":0,"comment_status":"open","ping_status":"closed","sticky":false,"template":"","format":"standard","meta":{"footnotes":""},"categories":[583,343,577,18],"tags":[147,272],"class_list":["post-633","post","type-post","status-publish","format-standard","hentry","category-icabanken","category-ryggen","category-swedbank","category-teknik","tag-bilen","tag-internetbanker"],"_links":{"self":[{"href":"https:\/\/blogg.ngn.nu\/index.php\/wp-json\/wp\/v2\/posts\/633","targetHints":{"allow":["GET"]}}],"collection":[{"href":"https:\/\/blogg.ngn.nu\/index.php\/wp-json\/wp\/v2\/posts"}],"about":[{"href":"https:\/\/blogg.ngn.nu\/index.php\/wp-json\/wp\/v2\/types\/post"}],"author":[{"embeddable":true,"href":"https:\/\/blogg.ngn.nu\/index.php\/wp-json\/wp\/v2\/users\/1"}],"replies":[{"embeddable":true,"href":"https:\/\/blogg.ngn.nu\/index.php\/wp-json\/wp\/v2\/comments?post=633"}],"version-history":[{"count":0,"href":"https:\/\/blogg.ngn.nu\/index.php\/wp-json\/wp\/v2\/posts\/633\/revisions"}],"wp:attachment":[{"href":"https:\/\/blogg.ngn.nu\/index.php\/wp-json\/wp\/v2\/media?parent=633"}],"wp:term":[{"taxonomy":"category","embeddable":true,"href":"https:\/\/blogg.ngn.nu\/index.php\/wp-json\/wp\/v2\/categories?post=633"},{"taxonomy":"post_tag","embeddable":true,"href":"https:\/\/blogg.ngn.nu\/index.php\/wp-json\/wp\/v2\/tags?post=633"}],"curies":[{"name":"wp","href":"https:\/\/api.w.org\/{rel}","templated":true}]}}