{"id":595,"date":"2009-04-22T22:17:57","date_gmt":"2009-04-22T20:17:57","guid":{"rendered":"http:\/\/blogg.ngn.nu\/index.php\/2009\/04\/22\/slo-och-jattetrott-onsdag\/"},"modified":"2009-04-22T22:23:22","modified_gmt":"2009-04-22T20:23:22","slug":"slo-och-jattetrott-onsdag","status":"publish","type":"post","link":"https:\/\/blogg.ngn.nu\/index.php\/2009\/04\/22\/slo-och-jattetrott-onsdag\/","title":{"rendered":"Sl\u00f6 och j\u00e4ttetr\u00f6tt Onsdag"},"content":{"rendered":"<p>s\u00f6mn ua.<\/p>\n<p>F\u00f6rs\u00f6ker fixa med bilder idag.<\/p>\n<p>Det g\u00e5r segt. Jag \u00e4r v\u00e4ldigt tr\u00f6tt och hade en del v\u00e4rk p\u00e5 lite olika st\u00e4llen.<\/p>\n<p>Sovit n\u00e5gra timmar.<\/p>\n<p>Varit ute p\u00e5 en promenad och matat F\u00e5ren. Ett litet lamm f\u00e5r symbolisera hela flocken:<br \/>\n<a href=\"http:\/\/bilder.ngn.nu\/index.php\/2009\/04\/22\/far\/\" target=\"_blank\"><img loading=\"lazy\" decoding=\"async\" src=\"http:\/\/ngn.nu\/Bilder4\/090422_DSC07133_Lamm_Kompr30_w150.JPG\" alt=\"[Bild: F\u00e5r (Ovis), lamm]\" title=\"F\u00e5r (Ovis), lamm\" border=\"2\" height=\"121\" width=\"150\" \/><\/a><\/p>\n<p>P\u00e5 ditv\u00e4gen korsades v\u00e5r v\u00e4g av en Parkl\u00f6pare:<br \/>\n<a href=\"http:\/\/bilder.ngn.nu\/index.php\/2009\/04\/22\/skalbagge-10\/\" target=\"_blank\"><img loading=\"lazy\" decoding=\"async\" src=\"http:\/\/ngn.nu\/Bilder4\/090422_DSC07114_Parkloepare_Kompr30_w150.JPG\" alt=\"[Bild: Parkl\u00f6pare (Carabus nemoralis)]\" title=\"Parkl\u00f6pare (Carabus nemoralis)\" border=\"2\" height=\"97\" width=\"150\" \/><\/a><\/p>\n<p><strong>Urmakaren ringde<\/strong><br \/>\nVi l\u00e4mnade en ju in ett gammalt v\u00e4ggur som inte fungerade. Far ville ha det fixat.<\/p>\n<p>Nu har urmakarn h\u00f6rt av sig och meddelar att det g\u00e5r att laga uret.<\/p>\n<p>P\u00e5 mitt f\u00f6rslag om att byta ut innanm\u00e4tet mot n\u00e5got batteridrivet s\u00e5 blev svaret: &#8221;Vill du f\u00e5 klockan f\u00f6rst\u00f6rd s\u00e5 f\u00e5r du g\u00f6ra det sj\u00e4lv. Du f\u00e5r ingen vettig urmakare att f\u00f6rst\u00f6ra en klocka av den h\u00e4r kvaliteten.&#8221;<\/p>\n<p>Raka och klara besked. Reparationskostnaden skulle bli ca 2500-3000 SEK.<\/p>\n<p>Far \u00e4r kontaktad. Han vill ha klockan lagad. Nu blir nog urmakarn glad. Ska ringa honom efter 15:00 i morgon torsdag.<\/p>\n<p><strong>Politik<\/strong><br \/>\nLite allm\u00e4nt tyckande (och ordbajseri); \u00c4r Svenska folket generellt dumma i huvudet?<br \/>\n<a onclick=\"expand(this.id+'_090422_220411', this);\" id=\"POLITIK\" style=\"background-color: #ffffcc; cursor: pointer\">[Visa mer&#8230;]<\/a><\/p>\n<div id=\"POLITIK_090422_220411\" style=\"display: none\">\n<p>Det tycker jag \u00e4r en ber\u00e4ttigad fr\u00e5ga. Dels beroende p\u00e5 hur media framst\u00e4ller de olika partiernas framg\u00e5ngar och dels p\u00e5 hur samma media presenterar finanskrisen. Samt dels p\u00e5 hur de lyfter fram hur illa m\u00e4nniskor far av en idiotisk politik samtidigt som de presenterar tankar om att det egentligen \u00e4r bra. det h\u00e4r.<\/p>\n<p> \u00c4r det bara jag som &#8217;ser&#8217; att allt \u00e4r v\u00e4ldigt vinklat?<\/p>\n<p>Vad kommer det sig att LO-Wanja f\u00e5r mer skit \u00e4n puckot som tycker att denne \u00e4r v\u00e4rd m\u00e5ngmiljoner i bonus och i samma anda sitter med och beslutar om f\u00f6rs\u00e4mringar f\u00f6r medlemmar?<\/p>\n<p>\u00c4r merparten av det Svenska folket omedvetna om den utslagning om sker av svaga, halta och lytta, sjuka, pension\u00e4rer och arbetsl\u00f6sa samt ungdomar som aldrig kommer in p\u00e5 n\u00e5gon arbetsmarknad.<\/p>\n<p>Ser eller vill inte Svenskarna se alla f\u00f6rs\u00e4mringar som sker inom h\u00e4lso- och sjukv\u00e5rd, skola- och barnomsorg, v\u00e5rt trygghetssystem som helhet.<\/p>\n<p>De h\u00e4r f\u00f6rs\u00e4mringarna har inget med finanskris eller l\u00e5gkonjunktur att g\u00f6ra. Det \u00e4r en medveten politisk strategi som FORTFARANDE anser att marknadsliberalism \u00e4r det b\u00e4sta och finaste som finns.<\/p>\n<p>\u00c4r det inte \u00f6vertydligt att kapitalisterna inte tar sitt ansvar.<br \/>\n\u00c4r det inte \u00f6vertydligt att de fullst\u00e4ndigt skiter hur det g\u00e5r f\u00f6r de flesta.<\/p>\n<p>H\u00e4r snor marknaden pengar ur AP-fonder.<br \/>\nPolitiken beslutar om ett pensionsystem som g\u00f6der marknaden och n\u00e4r det g\u00e5r d\u00e5ligt f\u00e5r &#8217;folket&#8217; betala?<br \/>\nStatliga v\u00e4lfungerande och l\u00f6nsamma bolag s\u00e4ljs ut. Till  en marknad som &#8217;vet vad den g\u00f6r&#8217;. Det vet inte staten. Det \u00e4r en finansminister som uttalat den ruggigt intelligenta frasen.<\/p>\n<p>Jag kan inte se hur det kan bli b\u00e4ttre med privat monopol j\u00e4mf\u00f6rt med ett statligt. \u00c4r det inte b\u00e4ttre att vi alla, i Sverige, \u00e4r med och \u00e4ger? \u00c4n att det d\u00e4r of\u00f6rsk\u00e4mt stenrika cyniskt t\u00e4nkande stolpskotten ska f\u00e5 \u00e4nnu mer pengar och kunna st\u00e4lla till med \u00e4nnu mer dj\u00e4velskap.<\/p>\n<p>\u00c4r alla j\u00e4tten\u00f6jda med hur EL-marknaden fungerar? K\u00e4nns det billigare?<br \/>\n\u00c4r alla n\u00f6jda med avregleringen av telefonin? Alla fattar? Superenkelt? Billigare? EU h\u00e5ller p\u00e5 \u00e5 beslutar om begr\u00e4nsningar f\u00f6r teleoperat\u00f6rerna. EU-delegaterna tycker att de tar of\u00f6rsk\u00e4mt mycket betalt. EU-delegaterna tycker att det ska kosta lika inom hela EU. Vettigt. T\u00e4nk vad enkelt det hade varit om varje medlemsland hade ansvarat f\u00f6r telekommunikationen.<\/p>\n<p>K\u00e4nns det bra n\u00e4r den kvalitetsm\u00e4ssigt b\u00e4ttre analaoga TV-tekniken \u00e5ker ut och in kommer en digital teknik som &#8217;hackar&#8217; lite v\u00e4l mycket. Och av vilken anledning ska &#8217;uppl\u00f6sningen&#8217; vara b\u00e4ttre \u00e4n vad \u00f6gat kan uppfatta?<\/p>\n<p>Vad kommer det sig att den nya digitala tekniken \u00e4r i det n\u00e4rmaste 5 g\u00e5nger mer energikr\u00e4vande? Skulle vi inte spara energi?<\/p>\n<p>Numer kan en Svensk helt lagligt k\u00f6pa \u00f6l, vin och sprit som motsvarar en konsumtion som skulle ta livet av vilken normalsvensk som helst. Tycker vi verkligen att det \u00e4r bra?<br \/>\n(Och det d\u00e4r har sin grund i att \u00f6vriga Europa har en \u00f6verproduktion av alkohol och att \u00f6vriga Europa tycker att Sverige har f\u00f6r l\u00e5g alkoholkonsumtion och d\u00e4rf\u00f6r har Sverige tvingats till att h\u00f6ja inf\u00f6rselkvoter. \u00c4ven om man vet att det orsakar en s\u00e4mre folkh\u00e4lsa.<br \/>\nDe som p\u00e5st\u00e5r annorlunda anser jag vara omd\u00f6mesp\u00e5verkade av allt f\u00f6r l\u00e5ngvarigt och frekvent intag av just alkohol. Eller s\u00e5 gillar de att det g\u00e5r \u00e5r helvet f\u00f6r folk&#8230; Ja, de kanske rent av tj\u00e4nar pengar p\u00e5 det? Och att tj\u00e4na pengar m\u00e5ste ju vara viktigare \u00e4n folkh\u00e4lsan, eller hur?)<\/p>\n<p>Alkoholrelaterade sjukdomar och skador \u00f6kar.<\/p>\n<p>Buset blir mer och mer drogat.<\/p>\n<p>Vad beror det p\u00e5 att Svenskarna inte g\u00e5r &#8217;man ur huse&#8217; och skriker, gapar och demonstrerar p\u00e5 gator och torg om att: Nu m\u00e5ste det ta slut!<\/p>\n<p>S\u00c5 L\u00c4TTLURADE \u00c4R VI INTE!<\/p>\n<p>Vad beror det p\u00e5 att det \u00e4r s\u00e5 tyst?<\/p>\n<p>Sitter de och v\u00e4ntar p\u00e5 att allt ska bli bra igen? S\u00e5 att de kan bli trygga igen, i sin skyddade egoistiska v\u00e4rld. D\u00e4r &#8217;Ensam \u00e4r stark!&#8217;<\/p>\n<p>D\u00e4r de kan tycka att de som blir sjuka f\u00e5r v\u00e4l skylla sig sj\u00e4lva och blir man utan jobb s\u00e5 finns det alltid jobb &#8217;n\u00e5gon annan stans&#8217; eller s\u00e5 kan man &#8217;bli sin egen&#8217;.<\/p>\n<p>\u00c4r de s\u00e5 dumma i huvudet?<\/p>\n<\/div>\n<p><!-- Slut POLITIK --><\/p>\n<p> <strong>Mina Live-v\u00e4rden<\/strong><br \/>\n<a onclick=\"expand(this.id+'_090422_220439', this);\" id=\"Mina-Live\" style=\"background-color: #ffffcc; cursor: pointer\">[Visa mer&#8230;]<\/a><\/p>\n<div id=\"Mina-Live_090422_220439\" style=\"display: none\">\n<table border=\"1\" cellpadding=\"2\" cellspacing=\"2\">\n<tr>\n<td colspan=\"5\"><small><font face=\"sans-serif\">Morgon;<\/font><\/small><\/td>\n<\/tr>\n<tr>\n<td style=\"font-weight: bold\"><small><font face=\"sans-serif\">Vad<\/font><\/small><\/td>\n<td style=\"font-weight: bold\" align=\"right\"><small><font face=\"sans-serif\">V\u00e4rde:<\/font><\/small><\/td>\n<td style=\"font-weight: bold\"><small><font face=\"sans-serif\">&#8217;storhet&#8217;<\/font><\/small><\/td>\n<td style=\"font-weight: bold\"><small><font face=\"sans-serif\">Trend<\/font><\/small><\/td>\n<td style=\"font-weight: bold\"><small><font face=\"sans-serif\">Not<\/font><\/small><\/td>\n<\/tr>\n<tr>\n<td><small><font face=\"sans-serif\">-Bltr*:<\/font><\/small><\/td>\n<td align=\"right\"><small><font face=\"sans-serif\"><strong>XXX\/XXX<\/strong><\/font><\/small><\/td>\n<td><small><font face=\"sans-serif\">mmHg<\/font><\/small><\/td>\n<td><\/td>\n<td><\/td>\n<\/tr>\n<tr>\n<td><small><font face=\"sans-serif\">-Puls*:<\/font><\/small><\/td>\n<td align=\"right\"><small><font face=\"sans-serif\"><strong>XXX<\/strong><\/font><\/small><\/td>\n<td><small><font face=\"sans-serif\">s\/min<\/font><\/small><\/td>\n<td><\/td>\n<td><\/td>\n<\/tr>\n<tr>\n<td><small><font face=\"sans-serif\">-Vikt:<\/font><\/small><\/td>\n<td align=\"right\"><small><font face=\"sans-serif\"><strong>90,9<\/strong><\/font><\/small><\/td>\n<td><small><font face=\"sans-serif\">Kg<\/font><\/small><\/td>\n<td><img loading=\"lazy\" decoding=\"async\" src=\"http:\/\/ngn.nu\/Bilder4\/090115_PilRightDownGreen_h25w60.gif\" alt=\"[Bild: PilRightDownGr\u00f6n]\" height=\"12\" width=\"30\" \/><\/td>\n<td><\/td>\n<\/tr>\n<tr>\n<td><small><font face=\"sans-serif\">-Midjem\u00e5tt**:<\/font><\/small><\/td>\n<td align=\"right\"><small><font face=\"sans-serif\"><strong>102<\/strong><\/font><\/small><\/td>\n<td><small><font face=\"sans-serif\">cm<\/font><\/small><\/td>\n<td><img loading=\"lazy\" decoding=\"async\" src=\"http:\/\/ngn.nu\/Bilder4\/090115_PilRightDownGreen_h25w60.gif\" alt=\"[Bild: PilRightDownGr\u00f6n]\" height=\"12\" width=\"30\" \/><\/td>\n<td><\/td>\n<\/tr>\n<tr>\n<td><small><font face=\"sans-serif\">-BMI***:<\/font><\/small><\/td>\n<td align=\"right\"><small><font face=\"sans-serif\"><strong>28,4<\/strong><\/font><\/small><\/td>\n<td><\/td>\n<td><img loading=\"lazy\" decoding=\"async\" src=\"http:\/\/ngn.nu\/Bilder4\/090115_PilRightDownGreen_h25w60.gif\" alt=\"[Bild: PilRightDownGr\u00f6n]\" height=\"12\" width=\"30\" \/><\/td>\n<td rowspan=\"3\" align=\"center\"><a href=\"http:\/\/ngn.nu\/Bilder4\/090422_CHART_BMI.gif\" target=\"_blank\"><small>M\u00e5nad 1-3 medelv\u00e4rde<br \/>\nsamt dagens m\u00e5nadsv\u00e4rde<br \/>\n(BMI, Fett%, V\u00e4tske% och Resten%)<\/small><\/a><\/td>\n<\/tr>\n<tr>\n<td><small><font face=\"sans-serif\">-Andel-Fett:<\/font><\/small><\/td>\n<td align=\"right\"><small><font face=\"sans-serif\"><strong>23,3<\/strong><\/font><\/small><\/td>\n<td><small><font face=\"sans-serif\">%<\/font><\/small><\/td>\n<td><img loading=\"lazy\" decoding=\"async\" src=\"http:\/\/ngn.nu\/Bilder4\/090115_PilRightDownGreen_h25w60.gif\" alt=\"[Bild: PilRightDownGr\u00f6n]\" height=\"12\" width=\"30\" \/><\/td>\n<\/tr>\n<tr>\n<td><small><font face=\"sans-serif\">-Andel-Vatten:<\/font><\/small><\/td>\n<td align=\"right\"><small><font face=\"sans-serif\"><strong>52,7<\/strong><\/font><\/small><\/td>\n<td><small><font face=\"sans-serif\">%<\/font><\/small><\/td>\n<td><img loading=\"lazy\" decoding=\"async\" src=\"http:\/\/ngn.nu\/Bilder4\/090115_PilRightUppSvart_h25w60.gif\" alt=\"[Bild: PilRightSvartUpp]\" height=\"12\" width=\"30\" \/><\/td>\n<\/tr>\n<tr>\n<td colspan=\"5\"><small><font face=\"sans-serif\">* Endast m\u00e5ndagar<br \/>\n** M\u00e4tt p\u00e5 det tjockaste st\u00e4llet (\u00f6ver naveln och traktorringarna)<br \/>\n*** ((Kroppsvikt i Kg)\/(L\u00e4ngd i meter)<sup><sub>2<\/sub><\/sup><\/font><font face=\"sans-serif\">)=BMI (<span style=\"font-weight: bold\">B<\/span>ody <span style=\"font-weight: bold\">M<\/span>ass <span style=\"font-weight: bold\">I<\/span>ndex)<\/font><\/small><\/td>\n<\/tr>\n<\/table>\n<\/div>\n<p><!-- Slut Mina-Live --><\/p>\n<p><strong>H\u00e4lsol\u00e4get<\/strong><br \/>\n<u>Morgonen<\/u>: V\u00e4rk i h\u00f6ger ben och h\u00f6ft samt v\u00e4nster handled. Har ingen kraft.<br \/>\n<u>Under dagen<\/u>: Mest tr\u00f6tt och s\u00e5 \u00e4nnu mera tr\u00f6tt. Sovit i m\u00e5nga timmar.<br \/>\n<u>Kv\u00e4llen<\/u>: Fortfarande tr\u00f6tt och v\u00e4rk. Fr\u00e4mst i v\u00e4nster handled. K\u00e4nner mig svag. Trots det s\u00e5 k\u00e4nner jag mig som om jag \u00e4r p\u00e5 bra hum\u00f6r!<br \/>\nSista T Saroten\u00ae, 10mg, slank ned i g\u00e5r kv\u00e4ll. S\u00e5 nu \u00e4r jag avgiftad fr\u00e5n den. Inte sant! Det tar ytterligare minst 3 veckor.<br \/>\nMin mage fungerar efter vad jag stoppar i mig och just nu slarvar jag&#8230;<\/p>\n","protected":false},"excerpt":{"rendered":"<p>s\u00f6mn ua. F\u00f6rs\u00f6ker fixa med bilder idag. Det g\u00e5r segt. Jag \u00e4r v\u00e4ldigt tr\u00f6tt och hade en del v\u00e4rk p\u00e5 lite olika st\u00e4llen. Sovit n\u00e5gra timmar. Varit ute p\u00e5 en promenad och matat F\u00e5ren. Ett litet lamm f\u00e5r symbolisera hela &hellip; <a href=\"https:\/\/blogg.ngn.nu\/index.php\/2009\/04\/22\/slo-och-jattetrott-onsdag\/\">Forts\u00e4tt l\u00e4sa <span class=\"meta-nav\">&rarr;<\/span><\/a><\/p>\n","protected":false},"author":1,"featured_media":0,"comment_status":"open","ping_status":"closed","sticky":false,"template":"","format":"standard","meta":{"footnotes":""},"categories":[444,338,601,31,343,219],"tags":[286,243,212],"class_list":["post-595","post","type-post","status-publish","format-standard","hentry","category-bilder","category-djur","category-magen","category-politik","category-ryggen","category-trott","tag-marknaden","tag-promenad","tag-vark"],"_links":{"self":[{"href":"https:\/\/blogg.ngn.nu\/index.php\/wp-json\/wp\/v2\/posts\/595","targetHints":{"allow":["GET"]}}],"collection":[{"href":"https:\/\/blogg.ngn.nu\/index.php\/wp-json\/wp\/v2\/posts"}],"about":[{"href":"https:\/\/blogg.ngn.nu\/index.php\/wp-json\/wp\/v2\/types\/post"}],"author":[{"embeddable":true,"href":"https:\/\/blogg.ngn.nu\/index.php\/wp-json\/wp\/v2\/users\/1"}],"replies":[{"embeddable":true,"href":"https:\/\/blogg.ngn.nu\/index.php\/wp-json\/wp\/v2\/comments?post=595"}],"version-history":[{"count":0,"href":"https:\/\/blogg.ngn.nu\/index.php\/wp-json\/wp\/v2\/posts\/595\/revisions"}],"wp:attachment":[{"href":"https:\/\/blogg.ngn.nu\/index.php\/wp-json\/wp\/v2\/media?parent=595"}],"wp:term":[{"taxonomy":"category","embeddable":true,"href":"https:\/\/blogg.ngn.nu\/index.php\/wp-json\/wp\/v2\/categories?post=595"},{"taxonomy":"post_tag","embeddable":true,"href":"https:\/\/blogg.ngn.nu\/index.php\/wp-json\/wp\/v2\/tags?post=595"}],"curies":[{"name":"wp","href":"https:\/\/api.w.org\/{rel}","templated":true}]}}