{"id":571,"date":"2009-03-30T18:39:12","date_gmt":"2009-03-30T17:39:12","guid":{"rendered":"http:\/\/blogg.ngn.nu\/index.php\/2009\/03\/30\/trott-och-seg-mandag\/"},"modified":"2009-03-30T18:47:30","modified_gmt":"2009-03-30T17:47:30","slug":"trott-och-seg-mandag","status":"publish","type":"post","link":"https:\/\/blogg.ngn.nu\/index.php\/2009\/03\/30\/trott-och-seg-mandag\/","title":{"rendered":"Tr\u00f6tt och seg M\u00e5ndag"},"content":{"rendered":"<p>s\u00f6mn ok. V\u00e4cktes av irriterande muskelvibrationer n\u00e5gonstans p\u00e5 h\u00f6ger sida av \u00f6verkroppen. N\u00e4r jag k\u00e4nde efter lite s\u00e5 var det h\u00f6gerarmen som vibrerade mest &#8211; j-gt knepigt?<\/p>\n<p><strong>Monsteran<\/strong><br \/>\nTrivs \u00f6ver f\u00f6rv\u00e4ntan.<br \/>\n<a onclick=\"expand(this.id+'_090330_190357', this);\" id=\"Monsteran\" style=\"background-color: #ffffcc; cursor: pointer\">[Visa mer&#8230;]<\/a><\/p>\n<div id=\"Monsteran_090330_190357\" style=\"display: none\">\n<p>Det kommer nya blad hela tiden.<br \/>\n<a href=\"http:\/\/ngn.nu\/Bilder4\/090330_DSC02638_Monstera_Kompr30_w800.JPG\" target=\"_blank\"><img loading=\"lazy\" decoding=\"async\" src=\"http:\/\/ngn.nu\/Bilder4\/090330_DSC02638_Monstera_Kompr30_w150.JPG\" alt=\"[Bild: Monsteran]\" title=\"Monsteran\" border=\"2\" height=\"227\" width=\"150\" \/><\/a><br \/>\n<strong>A<\/strong>. Ett stort fin nytt toppblad. Den rika flikningen visar att den trivs.<br \/>\n<strong>B<\/strong>. Ett mindre blad h\u00e5ller p\u00e5 att breda ut sig precis under det m\u00f6rkare.<br \/>\n<strong>C<\/strong>. Ett blad som precis h\u00e5ller p\u00e5 att veckla ut sig.<br \/>\n<strong>D<\/strong>. Pilen pekar p\u00e5 en plats d\u00e4r det kommer ytterligare ett blad. Det kommer att bli ett mindre.<\/p>\n<\/div>\n<p><!-- Slut Monsteran --><\/p>\n<p><strong>Och igen<\/strong><br \/>\nHar jag antagligen blivit lurad p\u00e5 n\u00e5got vis som kommer att visa sig f\u00f6rst l\u00e5ngt senare.<br \/>\n<a onclick=\"expand(this.id+'_090330_190308', this);\" id=\"ComHem\" style=\"background-color: #ffffcc; cursor: pointer\">[Visa mer&#8230;]<\/a><\/p>\n<div id=\"ComHem_090330_190308\" style=\"display: none\">\n<p> Jag valde att &#8217;g\u00e5 p\u00e5&#8217; det erbjudande som en telefonf\u00f6rs\u00e4ljare kom med.<\/p>\n<p>Vi ska nu bli ComHem combokunder.<\/p>\n<p>Bredband, digitalTV och digitalTelefoni via ComHem, f\u00f6r en l\u00e4gre kostnad \u00e4n den vi har nu. Skriver s\u00e5 f\u00f6r jag har redan gl\u00f6mt vad det l\u00e4gre och &#8217;billigare&#8217; skulle bli.<\/p>\n<p>Nu har vi inte digitalTV. Vi beh\u00f6ver det inte. Vi klarar oss utm\u00e4rkt med det grundutbud som ing\u00e5r i hyran och som levereras via &#8217;kabelTV&#8217;.<\/p>\n<p>Och det \u00e4r h\u00e4r jag k\u00e4nner mig lite &#8217;lurad&#8217;. Jag tycket ju egentligen inte att vi beh\u00f6vde digitalTV. Vi hinner ju inte med nuvarande kanaler, via analogTV.<\/p>\n<p>De skickar en digitalbox som det ska stickas in ett kort i och sedan kommer det en kortavgift. En g\u00e5ng i halv\u00e5ret tror jag det var.<\/p>\n<p>Under lite l\u00e4tt protest kan jag v\u00e4l prova det d\u00e5.<\/p>\n<p>Telefonf\u00f6rs\u00e4ljaren menade att jag nu skulle f\u00e5 b\u00e4ttre bild. Knappast sa jag d\u00e5. Bildr\u00f6ret h\u00e5ller n\u00e4mligen p\u00e5 att l\u00e4gga av. Vi kan knappt l\u00e4sa texten vid textade program.<\/p>\n<p>Jag kontrollerade att det var OK att avsluta digitalkortabonnerandet, efter de bindande 18 m\u00e5naderna. Det blev jag lovad.<\/p>\n<p>Nu \u00e5terst\u00e5r bara att se om det verkligen blir billigare. Att &#8217;surfa&#8217;, titta p\u00e5 TV och anv\u00e4nda telefonerna.<\/p>\n<\/div>\n<p><!-- Slut ComHem --><\/p>\n<p><strong>Ett paketbrev<\/strong><br \/>\nFick ett brev fr\u00e5n posten om att jag hade ett paket att h\u00e4mta p\u00e5 paketutl\u00e4mningsst\u00e4llet. Efter kl 16:00. \u00c5kte dit. Inte f-n fanns det n\u00e5got paket d\u00e4r.<\/p>\n<p>S\u00e5 h\u00e4r stod det p\u00e5 &#8217;kollisp\u00e5rningen&#8217;:<\/p>\n<pre>2009-03-27 16:24 Posten Brevavisering har skickats till mottagaren\r\n2009-03-27 14:04 Malm\u00f6  Sorterad\r\n2009-03-27 10:44 Posten Elektronisk f\u00f6rhandsinformation mottagen<\/pre>\n<p>Voff\u00f6r skickar de bara brevet och inte paketet?<\/p>\n<p><strong>Mina Live-v\u00e4rden<\/strong><br \/>\n<a onclick=\"expand(this.id+'_090330_190334', this);\" id=\"Mina-Live\" style=\"background-color: #ffffcc; cursor: pointer\">[Visa mer&#8230;]<\/a><\/p>\n<div id=\"Mina-Live_090330_190334\" style=\"display: none\">\n<table border=\"1\" cellpadding=\"2\" cellspacing=\"2\">\n<tr>\n<td colspan=\"5\"><small><font face=\"sans-serif\">Morgon;<\/font><\/small><\/td>\n<\/tr>\n<tr>\n<td style=\"font-weight: bold\"><small><font face=\"sans-serif\">Vad<\/font><\/small><\/td>\n<td style=\"font-weight: bold\" align=\"right\"><small><font face=\"sans-serif\">V\u00e4rde:<\/font><\/small><\/td>\n<td style=\"font-weight: bold\"><small><font face=\"sans-serif\">&#8217;storhet&#8217;<\/font><\/small><\/td>\n<td style=\"font-weight: bold\"><small><font face=\"sans-serif\">Trend<\/font><\/small><\/td>\n<td style=\"font-weight: bold\"><small><font face=\"sans-serif\">Not<\/font><\/small><\/td>\n<\/tr>\n<tr>\n<td><small><font face=\"sans-serif\">-Bltr*:<\/font><\/small><\/td>\n<td align=\"right\"><small><font face=\"sans-serif\"><strong>130\/78<\/strong><\/font><\/small><\/td>\n<td><small><font face=\"sans-serif\">mmHg<\/font><\/small><\/td>\n<td><img loading=\"lazy\" decoding=\"async\" src=\"http:\/\/ngn.nu\/Bilder4\/090115_PilRightDownGreen_h25w60.gif\" alt=\"[Bild: PilRightDownGr\u00f6n]\" height=\"12\" width=\"30\" \/><\/td>\n<td rowspan=\"2\" align=\"center\"><a href=\"http:\/\/ngn.nu\/Bilder4\/090330_CHART_BLTR.png\" target=\"_blank\"><small>Veckans \u00e5rsv\u00e4rden<\/small><\/a><\/td>\n<\/tr>\n<tr>\n<td><small><font face=\"sans-serif\">-Puls*:<\/font><\/small><\/td>\n<td align=\"right\"><small><font face=\"sans-serif\"><strong>61<\/strong><\/font><\/small><\/td>\n<td><small><font face=\"sans-serif\">s\/min<\/font><\/small><\/td>\n<td><img loading=\"lazy\" decoding=\"async\" src=\"http:\/\/ngn.nu\/Bilder4\/090115_PilRightDownBlack_h25w60.gif\" alt=\"[Bild: PilRightSvartNed]\" height=\"12\" width=\"30\" \/><\/td>\n<\/tr>\n<tr>\n<td><small><font face=\"sans-serif\">-Vikt:<\/font><\/small><\/td>\n<td align=\"right\"><small><font face=\"sans-serif\"><strong>91,5<\/strong><\/font><\/small><\/td>\n<td><small><font face=\"sans-serif\">Kg<\/font><\/small><\/td>\n<td><img loading=\"lazy\" decoding=\"async\" src=\"http:\/\/ngn.nu\/Bilder4\/090115_PilRightDownGreen_h25w60.gif\" alt=\"[Bild: PilRightDownGr\u00f6n]\" height=\"12\" width=\"30\" \/><\/td>\n<td><\/td>\n<\/tr>\n<tr>\n<td><small><font face=\"sans-serif\">-Midjem\u00e5tt**:<\/font><\/small><\/td>\n<td align=\"right\"><small><font face=\"sans-serif\"><strong>105<\/strong><\/font><\/small><\/td>\n<td><small><font face=\"sans-serif\">cm<\/font><\/small><\/td>\n<td><img loading=\"lazy\" decoding=\"async\" src=\"http:\/\/ngn.nu\/Bilder4\/090115_PilRightBlack_h25w60.gif\" alt=\"[Bild: PilRightSvart]\" height=\"12\" width=\"30\" \/><\/td>\n<td><\/td>\n<\/tr>\n<tr>\n<td><small><font face=\"sans-serif\">-BMI***:<\/font><\/small><\/td>\n<td align=\"right\"><small><font face=\"sans-serif\"><strong>28,6<\/strong><\/font><\/small><\/td>\n<td><\/td>\n<td><img loading=\"lazy\" decoding=\"async\" src=\"http:\/\/ngn.nu\/Bilder4\/090115_PilRightDownGreen_h25w60.gif\" alt=\"[Bild: PilRightDownGr\u00f6n]\" height=\"12\" width=\"30\" \/><\/td>\n<td rowspan=\"3\" align=\"center\"><a href=\"http:\/\/ngn.nu\/Bilder4\/090330_CHART_BMI.png\" target=\"_blank\"><small>M\u00e5nad 1-2 medelv\u00e4rde<br \/>\nsamt dagens m\u00e5nadsv\u00e4rde<br \/>\n(BMI, Fett%, V\u00e4tske% och Resten%)<\/small><\/a><\/td>\n<\/tr>\n<tr>\n<td><small><font face=\"sans-serif\">-Andel-Fett:<\/font><\/small><\/td>\n<td align=\"right\"><small><font face=\"sans-serif\"><strong>24,8<\/strong><\/font><\/small><\/td>\n<td><small><font face=\"sans-serif\">%<\/font><\/small><\/td>\n<td><img loading=\"lazy\" decoding=\"async\" src=\"http:\/\/ngn.nu\/Bilder4\/090115_PilRightUppRed_h25w60.gif\" alt=\"[Bild: PilRightR\u00f6dUpp]\" height=\"12\" width=\"30\" \/><\/td>\n<\/tr>\n<tr>\n<td><small><font face=\"sans-serif\">-Andel-Vatten:<\/font><\/small><\/td>\n<td align=\"right\"><small><font face=\"sans-serif\"><strong>51,7<\/strong><\/font><\/small><\/td>\n<td><small><font face=\"sans-serif\">%<\/font><\/small><\/td>\n<td><img loading=\"lazy\" decoding=\"async\" src=\"http:\/\/ngn.nu\/Bilder4\/090115_PilRightDownBlack_h25w60.gif\" alt=\"[Bild: PilRightSvartNed]\" height=\"12\" width=\"30\" \/><\/td>\n<\/tr>\n<tr>\n<td colspan=\"5\"><small><font face=\"sans-serif\">* Endast m\u00e5ndagar<br \/>\n** M\u00e4tt p\u00e5 det tjockaste st\u00e4llet (\u00f6ver naveln och traktorringarna)<br \/>\n*** ((Kroppsvikt i Kg)\/(L\u00e4ngd i meter)<sup><sub>2<\/sub><\/sup><\/font><font face=\"sans-serif\">)=BMI (<span style=\"font-weight: bold\">B<\/span>ody <span style=\"font-weight: bold\">M<\/span>ass <span style=\"font-weight: bold\">I<\/span>ndex)<\/font><\/small><\/td>\n<\/tr>\n<\/table>\n<\/div>\n<p><!-- Slut Mina-Live --><\/p>\n<p><strong>H\u00e4lsol\u00e4get<\/strong><br \/>\n<u>Morgonen<\/u>: Seg och stel men n\u00e5got mindre tr\u00f6tt.<br \/>\n<u>Under dagen<\/u>: Seg och stel och lika tr\u00f6tt.<br \/>\n<u>Kv\u00e4llen<\/u>: Repris!<\/p>\n","protected":false},"excerpt":{"rendered":"<p>s\u00f6mn ok. V\u00e4cktes av irriterande muskelvibrationer n\u00e5gonstans p\u00e5 h\u00f6ger sida av \u00f6verkroppen. N\u00e4r jag k\u00e4nde efter lite s\u00e5 var det h\u00f6gerarmen som vibrerade mest &#8211; j-gt knepigt? Monsteran Trivs \u00f6ver f\u00f6rv\u00e4ntan. [Visa mer&#8230;] Det kommer nya blad hela tiden. A. &hellip; <a href=\"https:\/\/blogg.ngn.nu\/index.php\/2009\/03\/30\/trott-och-seg-mandag\/\">Forts\u00e4tt l\u00e4sa <span class=\"meta-nav\">&rarr;<\/span><\/a><\/p>\n","protected":false},"author":1,"featured_media":0,"comment_status":"open","ping_status":"closed","sticky":false,"template":"","format":"standard","meta":{"footnotes":""},"categories":[444,591,601,343,219],"tags":[351,607,357,592,608],"class_list":["post-571","post","type-post","status-publish","format-standard","hentry","category-bilder","category-hushallet","category-magen","category-ryggen","category-trott","tag-bredband","tag-digitaltv","tag-fast-telefoni","tag-monstera","tag-posten"],"_links":{"self":[{"href":"https:\/\/blogg.ngn.nu\/index.php\/wp-json\/wp\/v2\/posts\/571","targetHints":{"allow":["GET"]}}],"collection":[{"href":"https:\/\/blogg.ngn.nu\/index.php\/wp-json\/wp\/v2\/posts"}],"about":[{"href":"https:\/\/blogg.ngn.nu\/index.php\/wp-json\/wp\/v2\/types\/post"}],"author":[{"embeddable":true,"href":"https:\/\/blogg.ngn.nu\/index.php\/wp-json\/wp\/v2\/users\/1"}],"replies":[{"embeddable":true,"href":"https:\/\/blogg.ngn.nu\/index.php\/wp-json\/wp\/v2\/comments?post=571"}],"version-history":[{"count":0,"href":"https:\/\/blogg.ngn.nu\/index.php\/wp-json\/wp\/v2\/posts\/571\/revisions"}],"wp:attachment":[{"href":"https:\/\/blogg.ngn.nu\/index.php\/wp-json\/wp\/v2\/media?parent=571"}],"wp:term":[{"taxonomy":"category","embeddable":true,"href":"https:\/\/blogg.ngn.nu\/index.php\/wp-json\/wp\/v2\/categories?post=571"},{"taxonomy":"post_tag","embeddable":true,"href":"https:\/\/blogg.ngn.nu\/index.php\/wp-json\/wp\/v2\/tags?post=571"}],"curies":[{"name":"wp","href":"https:\/\/api.w.org\/{rel}","templated":true}]}}