{"id":549,"date":"2009-03-09T20:12:50","date_gmt":"2009-03-09T19:12:50","guid":{"rendered":"http:\/\/blogg.ngn.nu\/index.php\/2009\/03\/09\/ar-det-fler-mandagar-eller\/"},"modified":"2009-03-09T20:12:50","modified_gmt":"2009-03-09T19:12:50","slug":"ar-det-fler-mandagar-eller","status":"publish","type":"post","link":"https:\/\/blogg.ngn.nu\/index.php\/2009\/03\/09\/ar-det-fler-mandagar-eller\/","title":{"rendered":"\u00c4r det fler M\u00e5ndagar, eller?"},"content":{"rendered":"<p>s\u00f6mn ok. Men jag hittade min pyjamas\u00f6verdel p\u00e5 golvet p\u00e5 morgonen? \u00d6vre delen av den var genomsvettig? Har inget minne av att ha tagit av den men det verkar ju ha varit ganska f\u00f6rnuftigt.<\/p>\n<p>Vad svettningen beror p\u00e5? \u00c5t f\u00f6r m\u00e5nga portioner med CornFlakes och mj\u00f6lk strax f\u00f6re 21:00.<\/p>\n<p><strong>\u00c4r det fler m\u00e5ndagar, i \u00e5r, eller?<\/strong><br \/>\nSvar nej. D\u00e4remot \u00e4r det en torsdag mer \u00e4n de andra veckodagarna.<br \/>\n2009 f\u00e5r du uppleva 53 torsdag och &#8217;bara&#8217; 52 av vardera \u00f6vriga veckodagar.<\/p>\n<p><strong>Rapport till F\u00f6rs\u00e4kringskassan<\/strong><br \/>\n<a id=\"FK\" style=\"background-color: #ffffcc; cursor: pointer\" onclick=\"expand(this.id+'_090309_200315', this);\">[Visa mer&#8230;]<\/a><\/p>\n<div id=\"FK_090309_200315\" style=\"border: 1px solid grey; display: none\">\n<p>Med j\u00e4mna (eller oj\u00e4mna) mellanrum skickar jag en l\u00e4gesrapport till aktuell handl\u00e4ggare p\u00e5 FK.<\/p>\n<p>Den h\u00e4r g\u00e5ngen blev det f\u00f6ljande:<br \/>\n<a id=\"Rapport\" style=\"background-color: #ffffcc; cursor: pointer\" onclick=\"expand(this.id+'_090309_200337', this);\">[Visa mer&#8230;]<\/a><\/p>\n<div id=\"Rapport_090309_200337\" style=\"display: none\">\n<p>&#8221;L\u00e4gesrapport. 2009-03-05 20:04<br \/>\nHej NN.<br \/>\n(romanvarning!)<\/p>\n<p>Nu var det ett tag sedan jag h\u00f6rde av mig. Det har h\u00e4nt en del sen sist.<\/p>\n<p><strong>Sammanfattning:<\/strong> Det \u00e4r fortfarande s\u00e5 att jag inte blir b\u00e4ttre utan det verkar g\u00e5 sakta \u00e5t det s\u00e4mre h\u00e5llet. Men jag har inte gett upp hoppet.<\/p>\n<p>Det har gjorts en <strong>tinnitusutredning<\/strong><br \/>\nDet har gett som resultat att jag nu f\u00e5r prova en s.k. ljudkudde. En h\u00f6gtalare inb\u00e4ddad i skumgummi som man l\u00e4gger under huvudkudden.<\/p>\n<p>Det har f\u00e5tt till effekt att jag nu avsev\u00e4rt f\u00e5tt minskad insomningstid. Insomningstiden har varit uppe i 2-3 timmar. Fr\u00e5n normalt 30-45 minuter.<br \/>\nMed ljudkudden somnar jag nu innan CD-skivan \u00e4r slut.<br \/>\nDet \u00e4r allts\u00e5 tinnitusen som st\u00f6r mest, p\u00e5 andra plats kommer v\u00e4rk och sedan muskler som &#8217;bubblar&#8217; och &#8217;rycker&#8217; och som g\u00f6r det sv\u00e5rt att somna. Ibland \u00e4r det magen som \u00e4r i olag.<\/p>\n<p>Jag ska ocks\u00e5 f\u00e5 h\u00f6rapparater p\u00e5 b\u00e4gge \u00f6ronen. Jag har normal h\u00f6rsel i det &#8217;l\u00e5ga&#8217; omr\u00e5det men sedan &#8217;faller&#8217; det. H\u00f6r inga &#8217;h\u00f6ga&#8217; toner alls, typ f\u00e5gelkvitter och liknande. (Egentligen normalt f\u00f6r \u00e5ldrandet)<\/p>\n<p>De h\u00f6rapparater jag nu ska f\u00e5 kommer att h\u00f6ja den del jag inte h\u00f6r och p\u00e5 s\u00e5 vis r\u00e4knar eller hoppas audionomen och jag, p\u00e5 att det kanske kan hj\u00e4lpa till att &#8217;st\u00f6ra bort&#8217; tinnitusen.<\/p>\n<p>Teorin bakom den tanken \u00e4r att hj\u00e4rnan har f\u00f6r lite att g\u00f6ra vad g\u00e4ller h\u00f6rselintryck och kan d\u00e5 felprioritera &#8217;interna&#8217; ljud som t.ex. pulsljud vilket normalt &#8217;filtreras&#8217; bort. Och i mitt fall det ljud som orsakas av att muskler drar i skallbenet s\u00e5 att en h\u00f6gfrekvent vibration uppst\u00e5r och skapar ett &#8217;ljud&#8217; inne i skallen. F\u00f6r mig l\u00e5ter det som en gasl\u00e4cka, ett v\u00e4sande. N\u00e4r jag blir tr\u00f6tt eller stressad \u00f6kar det till \u00e5ngvissleniv\u00e5. \u00c4r det riktigt illa \u00e4r det ett s\u00e5gverk.<\/p>\n<p>Det \u00e4r allts\u00e5 konstaterat att min tinnitus \u00e4r muskul\u00e4rt utl\u00f6st. K\u00e4nns v\u00e4ldigt sk\u00f6nt att f\u00e5 det bekr\u00e4ftat d\u00e5 de flesta doktorer avf\u00e4rdar det som &#8217;om\u00f6jligt&#8217;.<\/p>\n<p> <strong>Prostatautredning<\/strong><br \/>\nVid senaste l\u00e4karbes\u00f6ket 090129 uppgav jag bl.a. f\u00f6r Dr NN att jag hade problem med kisseriet.<br \/>\n(Huvudanledningen till bes\u00f6ket var diskussion om l\u00e4kemedelsniv\u00e5er och frekvens samt min d\u00e5liga mage och tinnitus)<\/p>\n<p>Ett s.k. PSA-prov togs (PSA=ProstataSpecifikt Antigen).<\/p>\n<p>Efter n\u00e5gra dagar kom ett brev om att det v\u00e4rdet var f\u00f6rh\u00f6jt och jag skulle ta nya prover om ca en m\u00e5nad.<\/p>\n<p>090302 var jag iv\u00e4g till V\u00e5rdcentralen och tog ett g\u00e4ng prover. Troligtvis ett nytt PSA samt ett S-PSA (man tittar om det finns ProstataSpecifikt Antigen fritt i s.k. blodserum.) Normalt \u00e4r PSA bundet till ett protein (tror jag det var?).<br \/>\nJag fick ocks\u00e5 l\u00e4mna ett urinprov. Beroende p\u00e5 vad det \u00e4r f\u00f6r problem med prostatan s\u00e5 kan man i urin leta efter s.k. mark\u00f6rer som kan &#8217;skvallra&#8217; om vad det \u00e4r som orsakar prostataproblem.<\/p>\n<p>De urinproverna och PSA samt S-PSA kan sedan tillsammans ligga som grund och tala om vad det \u00e4r som orsakar den troliga prostataf\u00f6rstoringen. F\u00f6rh\u00e5llande av niv\u00e5erna PSA och S-PSA kan ge doktorerna en v\u00e4gledning om det handlar om en godartat tum\u00f6r, elakartad eller en ofarlig prostataf\u00f6rstoring.<\/p>\n<p>Har inte f\u00e5tt svar p\u00e5 de proverna \u00e4nnu.<\/p>\n<p> <strong>L\u00e4kemedel<\/strong><br \/>\nJag ligger n\u00e4ra maxdoserna f\u00f6r Alvedon\u00ae, Brufen\u00ae och Paraflex\u00ae. F\u00f6r h\u00e5lla en s\u00e5 j\u00e4mn s.k. terapeutisk dos som m\u00f6jligt med syfte att n\u00e5 optimal sm\u00e4rt- och v\u00e4rklindring tar jag nu en &#8217;dos&#8217; var tredje timma 06-21 och en &#8217;dubbel dos&#8217; till natten. Och jag f\u00f6rs\u00f6ker minska doseringen (r\u00e4dd om magen och levern samt njurarna). Nu senast tog jag bort Alvedon\u00ae och Brufen\u00ae kl 06:00.<\/p>\n<p><u>Aktuell dosering<\/u><br \/>\nKlockan: 06\/09\/12\/15\/18\/21\/t.n.<br \/>\nT Alvedon\u00ae 500mg -\/\u00bd\/\u00bd\/\u00bd\/\u00bd\/\u00bd\/1 = 2250mg (max: 3000-4000mg)<br \/>\nT Brufen\u00ae 200mg -\/1\/1\/1\/1\/1\/- = 1000mg<br \/>\nT Brufen\u00ae 400mg -\/-\/-\/-\/-\/-\/1 = 400mg (1400mg. max: 2400mg)<br \/>\nT Paraflex\u00ae 250mg 1\/1\/1\/1\/1\/1\/2 = 2000mg (max: 1000-2250mg)<br \/>\nT Saroten\u00ae 25mg -\/-\/-\/-\/-\/-\/3 = 75mg<br \/>\nT Stesolid\u00ae 5mg -\/-\/-\/-\/-\/-\/2 = 10mg v.b. max. 2-3 ggr\/vecka<br \/>\nT B-komplex -\/2\/-\/-\/-\/-\/- (B-vitaminer)<\/p>\n<p> <strong>Magproblem<\/strong><br \/>\nDet har skrivits en remiss till dietist. Har inte h\u00f6rt n\u00e5got d\u00e4rifr\u00e5n \u00e4nnu. Diagnosen \u00e4r IBS (Irritable Bowel Syndrom) och i mitt fall handlar det om mycket l\u00f6s avf\u00f6ring (\u00e5t vattenh\u00e5llet)<\/p>\n<p>Orsaken antas, i mitt fall, vara stress p.g.a. kronisk v\u00e4rk och h\u00f6gt intag av l\u00e4kemedel som \u00e4r k\u00e4nda f\u00f6r att irritera mag- och tarmslemhinnan.<\/p>\n<p>Jag hoppas via dietisten f\u00e5 dietr\u00e5d s\u00e5 att min tillvaro blir mer dr\u00e4glig, p\u00e5 det omr\u00e5det.<\/p>\n<p> <strong>V\u00e4rk- och besv\u00e4rsstatus<\/strong><br \/>\nP\u00e5 h\u00f6ger sida \u00e4r det relativt of\u00f6r\u00e4ndrat. Kanske n\u00e5got lite s\u00e4mre. Det har \u00f6kat mest vid h\u00f6ger sida av nacken och ned \u00f6ver h\u00f6ger br\u00f6strygg. P\u00e5 v\u00e4nster sida och d\u00e5 fr\u00e4mst v\u00e4nster ben har det blivit betydligt s\u00e4mre med b\u00e5de mer v\u00e4rk (mest i ljumsken) och svaghet.<\/p>\n<p>Jag l\u00e5ter hustrun k\u00f6ra bilen mer och mer. Jag har besv\u00e4r med vissa v\u00e4xlar. Dels har jag p.g.a. kraftbortfall sv\u00e5rt att f\u00e5 in en del v\u00e4xell\u00e4gen och dels s\u00e5 g\u00f6r det ont.<\/p>\n<p>Jag f\u00e5r ocks\u00e5 s.k. sm\u00e4rthugg som kan ha olika varaktighet och n\u00e4r det kommer i benen s\u00e5 \u00e4r det inte s\u00e5 bra att sitta som bilf\u00f6rare. Det \u00e4r som att f\u00e5 kramp, fast v\u00e4rre.<\/p>\n<p>Tr\u00f6tthet, fr\u00e4mst p.g.a. den kroniska v\u00e4rken och dietproblemet \u00e4r fortfarande det st\u00f6rsta besv\u00e4ret.<\/p>\n<p>Har inga marginaler, varken fysiskt eller psykiskt. Minsta anstr\u00e4ngning och jag kan bli helt slut. Inte alltid men oftast. Och jag k\u00e4nner inte i f\u00f6rv\u00e4g vart det slutar s\u00e5 det \u00e4r ett litet &#8217;lotteri&#8217;.<\/p>\n<p> <strong>Min mor avled 081226<\/strong><br \/>\nDet \u00e4r frustrerande att jag inte orkar hj\u00e4lpa far. Jag har f\u00f6rs\u00f6kt s\u00e5 gott jag kunnat med att hj\u00e4lpa honom. Fr\u00e4mst via de kontakter jag har sedan tidigare med Trollh\u00e4ttans Stad. Hemtj\u00e4nsten \u00e4r kanon n\u00e4r den v\u00e4l \u00e4r ig\u00e5ng.<\/p>\n<p>Resultatet av det, blev att mitt blodtryck rusade i h\u00f6jden. Men jag har lugnat ned mig och tar det varligt, s\u00e5 nu \u00e4r det relativt normalt.<\/p>\n<p>I nul\u00e4get v\u00e4ntar vi in de sista papperen s\u00e5 att vi kan h\u00e5lla en s.k. f\u00f6rr\u00e4ttning och sedan \u00e4r bouppteckningen klar.<\/p>\n<p> <strong>Positiv attityd<\/strong><br \/>\nJag har investerat i en &#8217;spikmatta&#8217;. Jag ligger p\u00e5 den f\u00f6r att fr\u00e4mst f\u00e5 ig\u00e5ng blodcirkulationen i min rygghud (den \u00e4r n\u00e4stan d\u00f6d. Kallas &#8217;apelsinhud&#8217; eller &#8217;l\u00e4derhud&#8217;). Men jag hoppas ocks\u00e5 att det ska ha andra positiva bieffekter p\u00e5 mina kroniskt sp\u00e4nda ryggmuskler. Lite &#8221;ont ska med ont f\u00f6rdrivas&#8221; \u00e4r det och n\u00e4r man vant sig s\u00e5 k\u00e4nns det inte s\u00e5 dumt. Det \u00e4r definitivt tankeavledande.<\/p>\n<p>P\u00e5 sjukgymnastiken kan de inte g\u00f6ra mer f\u00f6r mig, f\u00f6r tillf\u00e4llet, s\u00e5 jag k\u00f6r min fil\u00e9tr\u00e4ning hemma nu med lite hemmagjorda &#8217;redskap&#8217;. Bl.a. tv\u00e5 hoprullade mattor vilka sedan utg\u00f6r en &#8217;stock&#8217; som jag ligger p\u00e5 och g\u00f6r en del fil\u00e9st\u00e4rkande \u00f6vningar.<br \/>\n(Det gav hustrun en anledning till att k\u00f6pa nya vardagsrumsmattor)<\/p>\n<p>Avsp\u00e4nning f\u00f6rs\u00f6ker jag ocks\u00e5 &#8217;hinna med&#8217; (det \u00e4r inte klokt vad mycket jag har att g\u00f6ra).<\/p>\n<p>Enligt min plan ska jag promenera minst 30 minuter per dag de dagar jag inte g\u00f6r sjukgymnastik eller g\u00e5r p\u00e5 varmvattenjympa och seniorjympa.<\/p>\n<p>Jag ska b\u00f6rja f\u00f6rs\u00f6ka g\u00e5 tv\u00e5 kortare promenader i st\u00e4llet. F\u00f6rs\u00f6ker jag g\u00e5 30 minuter s\u00e5 m\u00e5ste jag ha s\u00e4llskap eftersom k\u00e4nseln f\u00f6rsvinner i benen (f\u00f6rst h\u00f6ger sedan v\u00e4nster).<\/p>\n<p>P\u00e5 s\u00f6ndagar 18:00 \u00e4r det Varmvattenjympa i Distriktssjukgymnastikens Rehabiliteringsbass\u00e4ng i Friskis&amp;Svettis regi och p\u00e5 Torsdagar 16:30 Seniorjympa F&amp;S V\u00e4nersborg T\u00e4ndsticksfabriken.<\/p>\n<p>Varje morgon g\u00e5r jag upp ur s\u00e4ngen, st\u00e4ller mig upp, hittar balansen. &#8217;Studsar&#8217; sedan tre g\u00e5nger p\u00e5 h\u00e4larna och sedan ler jag. Tv\u00e5 enkla knep f\u00f6r att s\u00e4nda positiva signaler till kroppen.<\/p>\n<p>Varje dag fokuserar jag p\u00e5 det jag kan och bortser fr\u00e5n det jag inte kan. Det \u00e4r inte alltid det g\u00e5r men jag f\u00f6rs\u00f6ker. Framtiden ser jag ocks\u00e5 positivt p\u00e5. Jag har inget val, som jag ser det.<\/p>\n<p>T\u00e4nker jag negativt blir jag definitivt en f\u00f6rlorare och blir garanterat s\u00e4mre. T\u00e4nker jag positivt, ja d\u00e5 blir inte &#8217;fallet&#8217; s\u00e5 l\u00e5ngt eller h\u00e5rt om det nu skulle bli \u00e4nnu v\u00e4rre.<\/p>\n<p>V\u00e4nligen<\/p>\n<p>Nils-Gunnar Nordlund<br \/>\nYYMMDD-XXXX&#8221;<\/p>\n<\/div>\n<p><!-- Slut Rapport --><\/p>\n<\/div>\n<p><!-- Slut FK --><\/p>\n<p><strong>Teknik<\/strong>-Data-acer Aspire One A110L<br \/>\n<a id=\"AA1\" style=\"background-color: #ffffcc; cursor: pointer\" onclick=\"expand(this.id+'_090309_200347', this);\">[Visa mer&#8230;]<\/a><\/p>\n<div id=\"AA1_090309_200347\" style=\"display: none\">\n<p><strong>Installera Skype<\/strong><br \/>\n(acer Linpus Linux Lite v1.0.11.E)<br \/>\n1. Surfa till: www.skype.com\/intl\/sv\/<br \/>\n2. Ladda ned Skype till aa1. Version Feodora. Installationen hamnar per standard (default) i \/home\/nisse\/ (i mitt fall).  V\u00e4lj: &#8217;\u00d6ppna med&#8217;.<br \/>\n3. Om ett nedladdningsf\u00f6nster visas: V\u00e4lj &#8217;\u00d6ppna&#8217;. Skriv in l\u00f6senordet f\u00f6r root om det efterfr\u00e5gas.<br \/>\n4. Installera Skype. I mitt fall visas f\u00f6nstret: &#8221;Installing packages&#8221;. Markera &#8217;skype&#8217;-raden och klicka p\u00e5: [Verkst\u00e4ll]. Fick upp ett annat f\u00f6nster: &#8221;Dependicies packages&#8221;, ladda ned dem.<br \/>\nNytt f\u00f6nster: &#8221;Unable to verify Skype&#8230;&#8221;. Klickar p\u00e5: [Install anyway]<br \/>\n5. En ikon ska fixas till \u00f6nskat snabbvalsf\u00f6nster.<br \/>\n6. Starta Filhanteraren och leta upp: <code style=\"background-color: #ffffcc\">.config\/xfce4\/desktop\/group-app.xml<\/code><br \/>\nSer du den inte s\u00e5 markera &#8217;Visa dolda filer&#8217; under menyn &#8217;Visa&#8217;.<br \/>\nN\u00e4r du hittat den; h\u00f6gerklicka p\u00e5 den. V\u00e4lj &#8217;\u00d6ppna med&#8217;. V\u00e4lj: &#8221;Textredigerare&#8221;.<br \/>\nDet du ser \u00e4r en s.k. xml-fil (xml: eXtended Markup Language)<br \/>\n7. Leta upp var du vill att Skype-ikonen ska ligga. F\u00f6rst vilken grupp och sedan vilken position.<br \/>\nJag v\u00e4ljer den f\u00f6rsta (Internetgruppen): &#8221;Anslut&#8221;. Group ID: 5, sequence: 4.<br \/>\nD\u00e4r fanns redan en rad(?):<br \/>\n&lt;!&#8211;app sequence=&#8221;7&#8243;&gt;\/usr\/share\/applications\/skype.desktop&lt;\/app&#8211;&gt;<br \/>\n\u00c4ndra den till:<br \/>\n&lt;app sequence=&#8221;8&#8243;&gt;\/usr\/share\/applications\/skype.desktop&lt;\/app&gt;<br \/>\nOm d\u00e4r inte fanns n\u00e5gon bortkommenterad (&lt;!&#8211; &#8211;&gt;) rad s\u00e5 skriv en rad enligt ovan.<br \/>\nAv n\u00e5gon m\u00e4rklig anledning funkar inte &#8217;7&#8217;.<br \/>\nDubblera inte positionsnummer och \u00e4r 8 upptaget i ditt fall s\u00e5 v\u00e4lj en annan &#8217;h\u00f6gsta&#8217; siffra.<br \/>\n8. Spara och avsluta &#8217;textredigeraren&#8217;.<br \/>\n9. Starta om aa1.<br \/>\n10. \u00d6ppna den grupp du valde att l\u00e4gga &#8217;Skype&#8217; i. Med &#8217;dra och sl\u00e4pp&#8217; kan du sedan inom &#8217;gruppen&#8217; l\u00e4gga Skype d\u00e4r du vill ha det.<br \/>\n11. Starta Skype genom att klicka p\u00e5 ikonen.<br \/>\n12. F\u00f6lj instruktionerna.<br \/>\n13. Efter full\u00e4ndad installation g\u00f6r du givetvis ett &#8217;testcall&#8217;, f\u00f6r att kontrollera att den interna micken och h\u00f6gtalarna funkar.<br \/>\n14. Klicka p\u00e5 ikonen &#8221;Main menu&#8221; l\u00e4ngst ned till v\u00e4nster i Skype-f\u00f6nstret.<br \/>\n15. Klicka p\u00e5 &#8221;Options&#8221;<br \/>\n16. Klicka p\u00e5 &#8221;Video Devices&#8221;<br \/>\n17. Klicka p\u00e5 [Test]-knappen i den svarta rutan. Videon ska ju funka ocks\u00e5.<br \/>\n18. Testa slutligen om det funkar med extern mic och h\u00f6rlurar (headset).<br \/>\n19. I mitt fall funkar allt klockrent.<\/p>\n<\/div>\n<p><!-- Slut AA1 --><\/p>\n<p> <strong>Mina Live-v\u00e4rden<\/strong><br \/>\n<a id=\"Mina-Live\" style=\"background-color: #ffffcc; cursor: pointer\" onclick=\"expand(this.id+'_090309_200320', this);\">[Visa mer&#8230;]<\/a><\/p>\n<div id=\"Mina-Live_090309_200320\" style=\"display: none\">\n<table border=\"1\" cellpadding=\"2\" cellspacing=\"2\">\n<tr>\n<td colspan=\"5\"><small><font face=\"sans-serif\">Morgon;<\/font><\/small><\/td>\n<\/tr>\n<tr>\n<td style=\"font-weight: bold\"><small><font face=\"sans-serif\">Vad<\/font><\/small><\/td>\n<td style=\"font-weight: bold\" align=\"right\"><small><font face=\"sans-serif\">V\u00e4rde:<\/font><\/small><\/td>\n<td style=\"font-weight: bold\"><small><font face=\"sans-serif\">&#8217;storhet&#8217;<\/font><\/small><\/td>\n<td style=\"font-weight: bold\"><small><font face=\"sans-serif\">Trend<\/font><\/small><\/td>\n<td style=\"font-weight: bold\"><small><font face=\"sans-serif\">Not<\/font><\/small><\/td>\n<\/tr>\n<tr>\n<td><small><font face=\"sans-serif\">-Bltr*:<\/font><\/small><\/td>\n<td align=\"right\"><small><font face=\"sans-serif\"><strong>145\/95<\/strong><\/font><\/small><\/td>\n<td><small><font face=\"sans-serif\">mmHg<\/font><\/small><\/td>\n<td><img loading=\"lazy\" decoding=\"async\" src=\"http:\/\/ngn.nu\/Bilder4\/090115_PilRightUppRed_h25w60.gif\" alt=\"[Bild: PilRightR\u00f6dUpp]\" height=\"12\" width=\"30\" \/><\/td>\n<td rowspan=\"2\" align=\"center\"><a href=\"http:\/\/chart.apis.google.com\/chart?chs=750x400&amp;cht=ls&amp;chtt=BLTR+och+Puls+v1-52+2009+man+53%C3%A5r&amp;chts=000000,20&amp;chd=e2:MXTMUDR6QNOgO7SWUDPyTM__________________________________________________________________________________,gbtOsXm0oGlHg2m0m0oGoi__________________________________________________________________________________,MXTMUDR6QNOgO7SWUDPyTM__________________________________________________________________________________,T5c9dLZwZLW.VpaBbFY6bK__________________________________________________________________________________,Y6jdjQe.fJcoaIfJfye.gk__________________________________________________________________________________,gbtOsXm0oGlHg2m0m0oGoi__________________________________________________________________________________,D1F-FiERF-FiF-HrF-IGEs__________________________________________________________________________________&amp;chxt=x,y&amp;chxr=0,1,52,1%7C1,50,200,10&amp;chm=@tH%C3%B6gt+BLTR+%28%5BS:%5D%3E160\/%5BD:%5D%3E100%29,FFFFFF,0,0.35:0.85,15%7C@tF%C3%B6rh%C3%B6jt+BLTR+%28%5BS:%5D%3E150\/%5BD:%5D%3E90%29,FFFFFF,0,0.35:0.69,15%7C@tSYSTOLE,FFFFFF,0,0.425:0.55,20%7C@tNormalt+BLTR+%28%5BS:%5D140%C2%B110\/%5BD:%5D80%C2%B110%29,FFFFFF,0,0.31:0.45,15%7C@tF%C3%B6rh%C3%B6jt+BLTR+%28%5BD:%5D%3E90%29\/S%C3%A4nkt+BLTR+%28%5BD:%5D%3C100%29,FFFFFF,0,0.29:0.3,15%7C@tDIASTOLE,FFFFFF,0,0.425:0.2,20%7C@tS%C3%A4nkt+BLTR+%28%5BS:%5D%3C100\/%5BD:%5D%3C70%29,FFFFFF,0,0.35:0.09,15%7C@tL%C3%A5gt+BLTR+%28%5BS:%5D%3C90\/%5BD:%5D%3C60%29,FFFFFF,0,0.358:0.02,15%7C@tVilopuls%20%2860-80%29,000000,0,0.8:0.13,20%7Co,0066FF,0,-1,8%7Co,0066FF,1,-1,8%7Co,000000,6,-1,8%7CF,0000FF,2,-1,5%7Cr,DC2300,0,0.00,0.07%7Cr,FF420E,0,0.07,0.14%7Cr,008000,0,0.14,0.27%7Cr,FF420E,0,0.27,0.40%7Cr,008000,0,0.40,0.67%7Cr,FF420E,0,0.67,0.74%7Cr,DC2300,0,0.74,1%7Cr,000000,0,0.06,0.07%7Cr,000000,0,0.20,0.21%7CD,FFFFFF,6,0,4,1&amp;chco=000000\" target=\"_blank\"><small>Veckans \u00e5rsv\u00e4rden<\/small><\/a><\/td>\n<\/tr>\n<tr>\n<td><small><font face=\"sans-serif\">-Puls*:<\/font><\/small><\/td>\n<td align=\"right\"><small><font face=\"sans-serif\"><strong>61<\/strong><\/font><\/small><\/td>\n<td><small><font face=\"sans-serif\">s\/min<\/font><\/small><\/td>\n<td><img loading=\"lazy\" decoding=\"async\" src=\"http:\/\/ngn.nu\/Bilder4\/090115_PilRightDownBlack_h25w60.gif\" alt=\"[Bild: PilRightSvartNed]\" height=\"12\" width=\"30\" \/><\/td>\n<\/tr>\n<tr>\n<td><small><font face=\"sans-serif\">-Vikt:<\/font><\/small><\/td>\n<td align=\"right\"><small><font face=\"sans-serif\"><strong>95,1<\/strong><\/font><\/small><\/td>\n<td><small><font face=\"sans-serif\">Kg<\/font><\/small><\/td>\n<td><img loading=\"lazy\" decoding=\"async\" src=\"http:\/\/ngn.nu\/Bilder4\/090115_PilRightDownGreen_h25w60.gif\" alt=\"[Bild: PilRightDownGr\u00f6n]\" height=\"12\" width=\"30\" \/><\/td>\n<td>&nbsp;<\/td>\n<\/tr>\n<tr>\n<td><small><font face=\"sans-serif\">-Midjem\u00e5tt**:<\/font><\/small><\/td>\n<td align=\"right\"><small><font face=\"sans-serif\"><strong>107<\/strong><\/font><\/small><\/td>\n<td><small><font face=\"sans-serif\">cm<\/font><\/small><\/td>\n<td><img loading=\"lazy\" decoding=\"async\" src=\"http:\/\/ngn.nu\/Bilder4\/090115_PilRightUppRed_h25w60.gif\" alt=\"[Bild: PilRightR\u00f6dUpp]\" height=\"12\" width=\"30\" \/><\/td>\n<td>&nbsp;<\/td>\n<\/tr>\n<tr>\n<td><small><font face=\"sans-serif\">-BMI***:<\/font><\/small><\/td>\n<td align=\"right\"><small><font face=\"sans-serif\"><strong>29,7<\/strong><\/font><\/small><\/td>\n<td>&nbsp;<\/td>\n<td><img loading=\"lazy\" decoding=\"async\" src=\"http:\/\/ngn.nu\/Bilder4\/090115_PilRightDownGreen_h25w60.gif\" alt=\"[Bild: PilRightDownGr\u00f6n]\" height=\"12\" width=\"30\" \/><\/td>\n<td rowspan=\"3\" align=\"center\"><a href=\"http:\/\/chart.apis.google.com\/chart?chs=850x352&amp;cht=bvs&amp;chbh=a&amp;chtt=M%C3%A5naderna+1-2.+Mars+1-31+2009.+L%C3%A4ngd:+179cm.+F%C3%B6dd:+1955.+Man.%7CBMI-medelv%C3%A4rde%28hela%20stapeln%20och\/eller%20bl%C3%A5%20punkt%29+och+Fett%28gult%29,+V%C3%A4tska%28vitt%29+och+Resten%28r%C3%B6daktigt%29+procentuellt+f%C3%B6rdelat.%7CEn+%27normal%27-stapel+i+h%C3%B6ger%C3%A4ndan+%28%27m%C3%A5let...%27%29&amp;chts=000000,12&amp;chco=CB4545,FFFFFF,FFFF00&amp;chd=e6:NaNQ__________________________________________________________________IK,dZdG__________________________________________________________________SB,OqOZ__________________________________________________________________IR,______NhNbNYNkNUNMNXNkNV________________________________________________,______dmdhdcd1dOc2dadxdU________________________________________________,______PJOsPIO3N4OFOGPYO1________________________________________________,5e4w__________________________________________________________________id,______6R5q596R4b4H446u5g________________________________________________&amp;chxt=x,y&amp;chxl=0:%7C1%7C2%7C%7C1%7C2%7C3%7C4%7C5%7C6%7C7%7C8%7C9%7C10%7C11%7C12%7C13%7C14%7C15%7C16%7C17%7C18%7C19%7C20%7C21%7C22%7C23%7C24%7C25%7C26%7C27%7C28%7C29%7C30%7C31%7C%7CN&amp;chxr=1,18,31,1&amp;chf=c,ls,90,008000,0.54,FF420E,0.38,DC2300,0.08&amp;chm=@tFetma,00000080,0,0.45:1,18%7C@t%C3%96vervikt,00000080,0,0.44:0.7,18%7C@tNormalvikt,00000080,0,0.43:0.3,18%7CD,E5E5E5,6,0,4,1%7Co,0066FF,6,-1,8%7CD,000000,7,0,4,1%7Co,0066FF,7,-1,8\" target=\"_blank\"><small>M\u00e5nad 1-2 medelv\u00e4rde<br \/>\nsamt dagens m\u00e5nadsv\u00e4rde<br \/>\n(BMI, Fett%, V\u00e4tske% och Resten%)<\/small><\/a><\/td>\n<\/tr>\n<tr>\n<td><small><font face=\"sans-serif\">-Andel-Fett:<\/font><\/small><\/td>\n<td align=\"right\"><small><font face=\"sans-serif\"><strong>25,8<\/strong><\/font><\/small><\/td>\n<td><small><font face=\"sans-serif\">%<\/font><\/small><\/td>\n<td><img loading=\"lazy\" decoding=\"async\" src=\"http:\/\/ngn.nu\/Bilder4\/090115_PilRightDownGreen_h25w60.gif\" alt=\"[Bild: PilRightDownGr\u00f6n]\" height=\"12\" width=\"30\" \/><\/td>\n<\/tr>\n<tr>\n<td><small><font face=\"sans-serif\">-Andel-Vatten:<\/font><\/small><\/td>\n<td align=\"right\"><small><font face=\"sans-serif\"><strong>51,0<\/strong><\/font><\/small><\/td>\n<td><small><font face=\"sans-serif\">%<\/font><\/small><\/td>\n<td><img loading=\"lazy\" decoding=\"async\" src=\"http:\/\/ngn.nu\/Bilder4\/090115_PilRightUppSvart_h25w60.gif\" alt=\"[Bild: PilRightSvartUpp]\" height=\"12\" width=\"30\" \/><\/td>\n<\/tr>\n<tr>\n<td colspan=\"5\"><small><font face=\"sans-serif\">* Endast m\u00e5ndagar<br \/>\n** M\u00e4tt p\u00e5 det tjockaste st\u00e4llet (\u00f6ver naveln och traktorringarna)<br \/>\n*** ((Kroppsvikt i Kg)\/(L\u00e4ngd i meter)<sup><sub>2<\/sub><\/sup><\/font><font face=\"sans-serif\">)=BMI (<span style=\"font-weight: bold\">B<\/span>ody <span style=\"font-weight: bold\">M<\/span>ass <span style=\"font-weight: bold\">I<\/span>ndex)<\/font><\/small><\/td>\n<\/tr>\n<\/table>\n<\/div>\n<p><!-- Slut Mina-Live --><\/p>\n<p><strong>H\u00e4lsol\u00e4get<\/strong><br \/>\n<u>Morgonen<\/u>: Gasl\u00e4ckan \u00e4r kvar &#8211; attan!<br \/>\n<u>Under dagen<\/u>: Relativt Ok. Hugger till emellan\u00e5t i l\u00e4nden.<br \/>\n<u>Kv\u00e4llen<\/u>: Var med hustrun till k\u00f6pcentret. D\u00e4r h\u00f6gg det till n\u00e5gra g\u00e5nger lite mer upp mot slutet av br\u00f6stryggen. Inge bra &#8211; nytt st\u00e4lle?<\/p>\n","protected":false},"excerpt":{"rendered":"<p>s\u00f6mn ok. Men jag hittade min pyjamas\u00f6verdel p\u00e5 golvet p\u00e5 morgonen? \u00d6vre delen av den var genomsvettig? Har inget minne av att ha tagit av den men det verkar ju ha varit ganska f\u00f6rnuftigt. Vad svettningen beror p\u00e5? \u00c5t f\u00f6r &hellip; <a href=\"https:\/\/blogg.ngn.nu\/index.php\/2009\/03\/09\/ar-det-fler-mandagar-eller\/\">Forts\u00e4tt l\u00e4sa <span class=\"meta-nav\">&rarr;<\/span><\/a><\/p>\n","protected":false},"author":1,"featured_media":0,"comment_status":"open","ping_status":"closed","sticky":false,"template":"","format":"standard","meta":{"footnotes":""},"categories":[371,391,337,343,219],"tags":[594,212],"class_list":["post-549","post","type-post","status-publish","format-standard","hentry","category-data","category-forsakringskassan","category-linux","category-ryggen","category-trott","tag-linux-linpus-lite","tag-vark"],"_links":{"self":[{"href":"https:\/\/blogg.ngn.nu\/index.php\/wp-json\/wp\/v2\/posts\/549","targetHints":{"allow":["GET"]}}],"collection":[{"href":"https:\/\/blogg.ngn.nu\/index.php\/wp-json\/wp\/v2\/posts"}],"about":[{"href":"https:\/\/blogg.ngn.nu\/index.php\/wp-json\/wp\/v2\/types\/post"}],"author":[{"embeddable":true,"href":"https:\/\/blogg.ngn.nu\/index.php\/wp-json\/wp\/v2\/users\/1"}],"replies":[{"embeddable":true,"href":"https:\/\/blogg.ngn.nu\/index.php\/wp-json\/wp\/v2\/comments?post=549"}],"version-history":[{"count":0,"href":"https:\/\/blogg.ngn.nu\/index.php\/wp-json\/wp\/v2\/posts\/549\/revisions"}],"wp:attachment":[{"href":"https:\/\/blogg.ngn.nu\/index.php\/wp-json\/wp\/v2\/media?parent=549"}],"wp:term":[{"taxonomy":"category","embeddable":true,"href":"https:\/\/blogg.ngn.nu\/index.php\/wp-json\/wp\/v2\/categories?post=549"},{"taxonomy":"post_tag","embeddable":true,"href":"https:\/\/blogg.ngn.nu\/index.php\/wp-json\/wp\/v2\/tags?post=549"}],"curies":[{"name":"wp","href":"https:\/\/api.w.org\/{rel}","templated":true}]}}