{"id":532,"date":"2009-02-20T20:02:05","date_gmt":"2009-02-20T19:02:05","guid":{"rendered":"http:\/\/blogg.ngn.nu\/index.php\/2009\/02\/20\/traningsfredag\/"},"modified":"2009-02-20T20:03:33","modified_gmt":"2009-02-20T19:03:33","slug":"traningsfredag","status":"publish","type":"post","link":"https:\/\/blogg.ngn.nu\/index.php\/2009\/02\/20\/traningsfredag\/","title":{"rendered":"Tr\u00e4ningsFredag"},"content":{"rendered":"<p>s\u00f6mn ua.<br \/>\nI g\u00e5r kv\u00e4ll gjorde jag i ordning en mindre &#8217;rulle&#8217; att ha under ena kn\u00e4vecket. Dessa &#8217;rullar&#8217; g\u00f6r jag av handduk i l\u00e4mplig storlek som jag rullar till l\u00e4mplig h\u00e5rdhet. Denna rulle l\u00e4gger jag sedan i ett \u00f6rngott och rullar det till en rulle. \u00d6rngottet och rullen knyts ihop med sn\u00f6ren vid l\u00e4mpligt avst\u00e5nd fr\u00e5n rullens \u00e4ndar.<br \/>\nJag har sedan tidigare en st\u00f6rre rulle som jag antingen l\u00e4gger under l\u00e4ndryggen eller utmed ryggraden. Det beror p\u00e5 var det v\u00e4rker som v\u00e4rst.<\/p>\n<p><strong>Efterlysning!<\/strong><br \/>\nJag efterlyser person som har besv\u00e4ren nedan. Eller de som k\u00e4nner n\u00e5gon som har n\u00e5got liknande.<\/p>\n<p>Det h\u00e4r \u00e4r n\u00e5got jag drabbas av varje h\u00f6st\/vinter och f\u00f6rloppet \u00e4r <u>exakt<\/u> detsamma, varje \u00e5r.<br \/>\n<a onclick=\"expand(this.id+'_090220_190227', this);\" id=\"SeasonIllness\" style=\"background-color: #ffffcc; cursor: pointer\">[Visa mer&#8230;]<\/a><\/p>\n<div id=\"SeasonIllness_090220_190227\" style=\"display: none\">\n<p>1. F\u00f6rst kommer kl\u00e5da och r\u00f6da utslag p\u00e5 huden \u00f6ver br\u00f6stbenet.<\/p>\n<p>2. Sedan kommer en kl\u00e5da p\u00e5 underbenets baksida. Ungef\u00e4r samtidigt avtar kl\u00e5dan i br\u00f6stbenets hud.<br \/>\na) Det b\u00f6rjar alltid p\u00e5 h\u00f6ger sida<br \/>\nb) och sprider sig sedan till v\u00e4nster sida.<br \/>\nc) Efter ett tag kommer kl\u00e5dan \u00e4ven p\u00e5 framsidan av underbenen.<br \/>\nd) D\u00e4refter sprider den sig upp till en fl\u00e4ck p\u00e5 insidan av vardera l\u00e5r. Strax ovanf\u00f6r kn\u00e4leden. Lite mer mot baksidan \u00e4n mot framsidan<\/p>\n<p>3. Det b\u00f6rjar klia i h\u00e5rbotten och p\u00e5 pannan. Och s\u00e5 fj\u00e4llar huden.<\/p>\n<p>4. \u00d6versta hudlagret &#8217;f\u00f6rsvinner&#8217; p\u00e5 v\u00e4nster tumme, p\u00e5 v\u00e4nster sida om tumnageln.<br \/>\na) d\u00e4refter sker samma sak p\u00e5 v\u00e4nster pekfinger, till h\u00f6ger om nageln.<\/p>\n<p>5. Efter ett tag b\u00f6rjar det v\u00e4rka som attan i h\u00f6ger tumme. Till v\u00e4nster om nageln och det \u00f6mmar.<br \/>\na) Efter ett tag blir d\u00e4r en s.k. sj\u00e4lvspricka.<\/p>\n<p>6. S\u00e5 h\u00e4r l\u00e5ngt b\u00f6rjar de r\u00f6da utslagen p\u00e5 br\u00f6stbenets hud avta.<br \/>\n7. Huden i h\u00e5rbotten b\u00f6rjar bli n\u00e5got b\u00e4ttre.<br \/>\n8. Kl\u00e5dan p\u00e5 benen besv\u00e4rar mindre.<\/p>\n<p>9. Naglarna b\u00f6rjar v\u00e4xa med \u00f6kad hastighet och spricker v\u00e4ldigt ofta.<\/p>\n<p>Framemot v\u00e5rkanten avklingar de h\u00e4r besv\u00e4ren.<\/p>\n<p>\u00c4r jag ensam i universum om detta m\u00e4rkliga \u00e5terkommande kroppsbeteende?<\/p>\n<\/div>\n<p><!-- Slut SeasonIllness --><\/p>\n<p><strong>Elavtal<\/strong><br \/>\nI g\u00e5r 20:00 best\u00e4mdes det. Det blir 1 \u00e5r r\u00f6ligt avtal. Bara det nu inte blir r\u00f6rigt ocks\u00e5&#8230;<\/p>\n<p><strong>YuoTube<\/strong><br \/>\nKom p\u00e5&#8230; att jag nog vill ha en l\u00e5t, videol\u00e5t, av Joan Jett &amp; The Heartbrakers: I Love Rock N&#8217; Roll. (kult)<\/p>\n<p>Ska se om jag kan f\u00e5 till en s.k. widget, i v\u00e4nsterkanten, mitten n\u00e5gon stans. En YouTube-widget. Med den f\u00f6r mig heliga kultl\u00e5ten.<\/p>\n<p>Fixat. Ordnade det redan i g\u00e5r kv\u00e4ll.<\/p>\n<p><strong>Kuddar<\/strong><br \/>\n<u>AirMax Restform<\/u> &#8211; <small>(hittar ingen tillverkarl\u00e4nk&#8230;)<\/small> hittade en via ellos postorder totalsumma 344 SEK. Har lagt lite fr\u00e5gor h\u00e4r och d\u00e4r f\u00f6r att se vad folk tycker om den. Hitintills verkar kvaliteten vara tveksam. Men omd\u00f6men \u00e4r blandade.<br \/>\n<u>Kanal Excellent<\/u> &#8211; \u00e4r ocks\u00e5 en intressant kudde. Det var Nonna som tipsade om den. Har inte f\u00e5tt fram totalpris men det finns ett rekommenderat pris p\u00e5 leverant\u00f6rens hemsida: <a href=\"http:\/\/www.prominens.com\/web\/sweden\/index.htm\" target=\"_blank\">Prominens<\/a>.<br \/>\nEn variant f\u00f6r 545 SEK och en med mer tempurliknande material;<br \/>\n<u>Kanal Excellent SPACE<\/u> rek. pris 795 SEK.<\/p>\n<p>Fick svar ang\u00e5ende Kanal Excellent. Det tillkommer 160 SEK i frakt oavsett modell. Och de kan inte s\u00e4ga att den inte v\u00e4rmer. Det viktiga f\u00f6r mig \u00e4r att kudden ska upplevas som sval.<\/p>\n<p>Tempurkuddarna och alla med dun upplever jag som varma. Och det betyder att jag d\u00e5 svettas.<\/p>\n<p><strong>Egensjukgymnastik<\/strong><br \/>\nIdag h\u00e4nde det, jag tog tag i det. Nu b\u00f6rjar jag tr\u00e4na fil\u00e9erna igen. Jag f\u00f6ljer det schema som jag &#8217;gjort&#8217; sedan tidigare enligt <a href=\"http:\/\/gnyu-wiki.ngn.nu\/index.php?title=Sjukgymnastik_2008-02\" target=\"_blank\">denna sida<\/a>.<br \/>\n<a onclick=\"expand(this.id+'_090220_190246', this);\" id=\"Sjukgymnastik\" style=\"background-color: #ffffcc; cursor: pointer\">[Visa mer&#8230;]<\/a><\/p>\n<div id=\"Sjukgymnastik_090220_190246\" style=\"display: none\">\n<p>Uppv\u00e4rmningen med cykel skippar jag. Jag v\u00e4rmer i st\u00e4llet upp genom att g\u00f6ra iordning en tr\u00e4ningsplats i vardagsrummet.<\/p>\n<p>Det jobbigaste \u00e4r att g\u00f6ra i ordning f\u00f6r \u00f6vning 5. D\u00e5 skyver jag soffbordet bort fr\u00e5n mattan. V\u00e4nder p\u00e5 mattan. Breder ut tre filtar och rullar ihop. D\u00e5 f\u00e5r jag en lagom stor och lagom h\u00e5rd &#8217;stock&#8217;.<\/p>\n<p>\u00d6vning 8 l\u00f6ste jag genom att anv\u00e4nda kuddar och mina &#8217;rullar&#8217; i s\u00e4ngen.<\/p>\n<p>Och till \u00f6vning 9 anv\u00e4nde jag samma l\u00f6sning. H\u00e4r k\u00e4nde jag dock att s\u00e4ngen var alldelses f\u00f6r mjuk. S\u00e5 f\u00f6r \u00f6vning 8 och 9 f\u00e5r jag klura ut en annan l\u00f6sning.<\/p>\n<p>Och att h\u00e5lla p\u00e5 \u00e5 flytta m\u00f6bler och rulla ihop matta med tre filtar m\u00e5ste jag hitta en mer permanent l\u00f6sning p\u00e5. Flytta m\u00f6bler \u00e4r inte bra f\u00f6r ryggen.<\/p>\n<p>Men just iden med matta och filtar gillar jag. Ska se om jag kan hitta l\u00e4mplig matta billigt n\u00e5gonstans. Eller s\u00e5 kan jag ju planerat i hustruns huvud att vi nog beh\u00f6ver fr\u00e4scha upp med \u00e5tminstone en ny matta i vardagsrummet. Det kommer nog inte att bli s\u00e5 sv\u00e5rt.<\/p>\n<p>N\u00e4r jag var f\u00e4rdig med min egensjukgymnastik varvade jag ned med att \u00e5terst\u00e4lla matta och soffbord samt g\u00f6ra i ordning f\u00f6r en seans p\u00e5 min Ryska Spikmatta.<\/p>\n<p>Men f\u00f6rst f\u00e5r det bli en dusch. S\u00e5dana h\u00e4r \u00f6vningar \u00e4r skitjobbiga och jag blir bra svettig.<\/p>\n<\/div>\n<p><!-- Slut Sjukgymnastik --><\/p>\n<p><strong>Ryska Spikmattan<\/strong><br \/>\nEfter dusch lade jag mig p\u00e5 spikmattan s\u00e5 att jag fick mest piggar ned mot l\u00e4ndryggen. Jag har en (digital) \u00e4ggklocka med mig och st\u00e4ller den p\u00e5 10 minuter. Snart dags att ut\u00f6ka till 20 minuter.<br \/>\n<a onclick=\"expand(this.id+'_090220_200223', this);\" id=\"Spikmattan\" style=\"background-color: #ffffcc; cursor: pointer\">[Visa mer&#8230;]<\/a><\/p>\n<div id=\"Spikmattan_090220_200223\" style=\"display: none\">\n<p>F\u00e5r en bara andas djupt n\u00e5gra g\u00e5nger och f\u00e5tt kroppen in i avslappning trots de paniksignaler som kroppen faktiskt f\u00e5r ta emot s\u00e5 k\u00e4nns det bra. Inte behagligt, det g\u00f6r ont. men det k\u00e4nns inte ont p\u00e5 ett farligt vis. &#8217;Gottont&#8217; \u00e4r kanske ett bra begrepp?<\/p>\n<p>Efter\u00e5t m\u00e4rkte jag hur jag svettades lite p\u00e5 rygghuden och det \u00e4r bra. Det \u00e4r rygghuden jag har som m\u00e5l att f\u00e5 fart p\u00e5. Den \u00e4r n\u00e4stan &#8217;d\u00f6d&#8217; eller &#8217;brosk&#8217;- eller &#8217;\u00e4rr&#8217;-bildad efter m\u00e5ng\u00e5rig strypt blodf\u00f6rs\u00f6rjning p.g.a. h\u00e5rd sp\u00e4nda ryggmuskler.<\/p>\n<p>Tillst\u00e5ndet kallas f\u00f6r antingen apelsinhud eller l\u00e4derhud.<\/p>\n<\/div>\n<p><!-- Slut Spikmattan --><\/p>\n<p><strong>Farsan<\/strong><br \/>\n<a onclick=\"expand(this.id+'_090220_200254', this);\" id=\"Farsan\" style=\"background-color: #ffffcc; cursor: pointer\">[Visa mer&#8230;]<\/a><\/p>\n<div id=\"Farsan_090220_200254\" style=\"display: none\">\n<p>Blir kvar p\u00e5 sjukhuset \u00f6ver helgen. Dagens unders\u00f6kning blev inte av? Den skulle ha blivit gjord, akut, i tisdags. Nu ska den tydligen ske p\u00e5 m\u00e5ndag. Ja, ja, och politikerna som sl\u00e5r sig f\u00f6r br\u00f6stet \u00f6ver deras lyckade omstrukturering med nytt fullv\u00e4rdigt akutsjukhus (N\u00c4L) och ett efterv\u00e5rdssjukhus (U-valla).<\/p>\n<p>Far har varit akut sjuk i en vecka p\u00e5 s\u00f6ndag. P\u00e5 m\u00e5ndag trillar han in i vecka tv\u00e5.<\/p>\n<p>Var det t\u00e4nkt s\u00e5? Det \u00e4r s\u00e5 akut s\u00e5 de inte ens hinner med att g\u00f6ra unders\u00f6kningar? Eller, \u00e4r det n\u00e5gon r\u00e4knenisse som: &#8221;t\u00e4nkte inte p\u00e5 det&#8221;, i b\u00e4sta Peter Dalle stil.<\/p>\n<p>Huvudsaken \u00e4r ju att far verkar inte bli s\u00e4mre och han verkar trivas. Han tycker de har v\u00e4ldigt bra mat.<\/p>\n<\/div>\n<p><!-- Slut Farsan --><\/p>\n<p><strong>Mina Live-v\u00e4rden<\/strong><br \/>\n<a onclick=\"expand(this.id+'_090220_200232', this);\" id=\"Mina-Live\" style=\"background-color: #ffffcc; cursor: pointer\">[Visa mer&#8230;]<\/a><\/p>\n<div id=\"Mina-Live_090220_200232\" style=\"display: none\">\n<table border=\"1\" cellpadding=\"2\" cellspacing=\"2\">\n<tr>\n<td colspan=\"5\"><small><font face=\"sans-serif\">Morgon;<\/font><\/small><\/td>\n<\/tr>\n<tr>\n<td style=\"font-weight: bold\"><small><font face=\"sans-serif\">Vad<\/font><\/small><\/td>\n<td style=\"font-weight: bold\" align=\"right\"><small><font face=\"sans-serif\">V\u00e4rde:<\/font><\/small><\/td>\n<td style=\"font-weight: bold\"><small><font face=\"sans-serif\">&#8217;storhet&#8217;<\/font><\/small><\/td>\n<td style=\"font-weight: bold\"><small><font face=\"sans-serif\">Trend<\/font><\/small><\/td>\n<td style=\"font-weight: bold\"><small><font face=\"sans-serif\">Not<\/font><\/small><\/td>\n<\/tr>\n<tr>\n<td><small><font face=\"sans-serif\">-Bltr*:<\/font><\/small><\/td>\n<td align=\"right\"><small><font face=\"sans-serif\"><strong>XXX\/XXX<\/strong><\/font><\/small><\/td>\n<td><small><font face=\"sans-serif\">mmHg<\/font><\/small><\/td>\n<td><\/td>\n<td><\/td>\n<\/tr>\n<tr>\n<td><small><font face=\"sans-serif\">-Puls*:<\/font><\/small><\/td>\n<td align=\"right\"><small><font face=\"sans-serif\"><strong>XXX<\/strong><\/font><\/small><\/td>\n<td><small><font face=\"sans-serif\">s\/min<\/font><\/small><\/td>\n<td><\/td>\n<td><\/td>\n<\/tr>\n<tr>\n<td><small><font face=\"sans-serif\">-Vikt:<\/font><\/small><\/td>\n<td align=\"right\"><small><font face=\"sans-serif\"><strong>94,7<\/strong><\/font><\/small><\/td>\n<td><small><font face=\"sans-serif\">Kg<\/font><\/small><\/td>\n<td><img loading=\"lazy\" decoding=\"async\" src=\"http:\/\/ngn.nu\/Bilder4\/090115_PilRightUppRed_h25w60.gif\" alt=\"[Bild: PilRightR\u00f6dUpp]\" height=\"12\" width=\"30\" \/><\/td>\n<td><\/td>\n<\/tr>\n<tr>\n<td><small><font face=\"sans-serif\">-Midjem\u00e5tt**:<\/font><\/small><\/td>\n<td align=\"right\"><small><font face=\"sans-serif\"><strong>106<\/strong><\/font><\/small><\/td>\n<td><small><font face=\"sans-serif\">cm<\/font><\/small><\/td>\n<td><img loading=\"lazy\" decoding=\"async\" src=\"http:\/\/ngn.nu\/Bilder4\/090115_PilRightBlack_h25w60.gif\" alt=\"[Bild: PilRightSvart]\" height=\"12\" width=\"30\" \/><\/td>\n<td><\/td>\n<\/tr>\n<tr>\n<td><small><font face=\"sans-serif\">-BMI***:<\/font><\/small><\/td>\n<td align=\"right\"><small><font face=\"sans-serif\"><strong>29,6<\/strong><\/font><\/small><\/td>\n<td><\/td>\n<td><img loading=\"lazy\" decoding=\"async\" src=\"http:\/\/ngn.nu\/Bilder4\/090115_PilRightUppRed_h25w60.gif\" alt=\"[Bild: PilRightR\u00f6dUpp]\" height=\"12\" width=\"30\" \/><\/td>\n<td rowspan=\"3\" align=\"center\"><a href=\"http:\/\/chart.apis.google.com\/chart?chs=850x352&amp;cht=bvs&amp;chbh=a&amp;chtt=Veckorna+1-7.+Februari+1-28+2009.+L%E4ngd:+179cm.+F%F6dd:+1955.+Man.%7CBMI-medelv%E4rde%28hela+stapeln+och\/eller+bl%E5+punkt%29+och+Fett%28gult%29,+V%E4tska%28vitt%29+och+Resten%28r%F6daktigt%29+procentuellt+f%F6rdelat.%7CEn+%27normal%27-stapel+i+h%F6ger%E4ndan+%28%27m%E5let...%27%29&amp;chts=000000,12&amp;chco=CB4545,FFFFFF,FFFF00&amp;chd=e6:NQNnNUNeNWNLNF____________________________________________________________IK,dHd1dOdXdSc9cs____________________________________________________________SB,OFOiOrPAOmOaOU____________________________________________________________IR,________________NkNSNWNgNQM7M5NCNANKNPNCM9M6NQM7NANUNTNT____________________,________________dydQdQdudDcacVcpckc3dEcpcacRdAcbckdLdQdP____________________,________________OmPQPNOQNqOJOHORO.OPPBNONEOeOnP2OON8OCOV____________________,4c5.5O525P4j4G____________________________________________________________id,________________595z5z5g393g3W394l4R5W3g2b3q445M304b4l44____________________&amp;chxt=x,y&amp;chxl=0:%7C1%7C2%7C3%7C4%7C5%7C6%7C7%7C%7C1%7C2%7C3%7C4%7C5%7C6%7C7%7C8%7C9%7C10%7C11%7C12%7C13%7C14%7C15%7C16%7C17%7C18%7C19%7C20%7C21%7C22%7C23%7C24%7C25%7C26%7C27%7C28%7C%7CN&amp;chxr=1,18,31,1&amp;chf=c,ls,90,008000,0.54,FF420E,0.38,DC2300,0.08&amp;chm=@tFetma,00000080,0,0.75:1,18%7C@t%C3%96vervikt,00000080,0,0.74:0.7,18%7C@tNormalvikt,00000080,0,0.73:0.3,18%7CD,E5E5E5,6,0,4,1%7Co,0066FF,6,-1,8%7CD,000000,7,0,4,1%7Co,0066FF,7,-1,8\" target=\"_blank\"><small>veckorna 1-7 medelv\u00e4rde<br \/>\nsamt dagens m\u00e5nadsv\u00e4rde<br \/>\n(BMI, Fett%, V\u00e4tske% och Resten%)<\/small><\/a><\/td>\n<\/tr>\n<tr>\n<td><small><font face=\"sans-serif\">-Andel-Fett:<\/font><\/small><\/td>\n<td align=\"right\"><small><font face=\"sans-serif\"><strong>25,2<\/strong><\/font><\/small><\/td>\n<td><small><font face=\"sans-serif\">%<\/font><\/small><\/td>\n<td><img loading=\"lazy\" decoding=\"async\" src=\"http:\/\/ngn.nu\/Bilder4\/090115_PilRightUppRed_h25w60.gif\" alt=\"[Bild: PilRightR\u00f6dUpp]\" height=\"12\" width=\"30\" \/><\/td>\n<\/tr>\n<tr>\n<td><small><font face=\"sans-serif\">-Andel-Vatten:<\/font><\/small><\/td>\n<td align=\"right\"><small><font face=\"sans-serif\"><strong>51,4<\/strong><\/font><\/small><\/td>\n<td><small><font face=\"sans-serif\">%<\/font><\/small><\/td>\n<td><img loading=\"lazy\" decoding=\"async\" src=\"http:\/\/ngn.nu\/Bilder4\/090115_PilRightDownBlack_h25w60.gif\" alt=\"[Bild: PilRightSvartNed]\" height=\"12\" width=\"30\" \/><\/td>\n<\/tr>\n<tr>\n<td colspan=\"5\"><small><font face=\"sans-serif\">* Endast m\u00e5ndagar<br \/>\n** M\u00e4tt p\u00e5 det tjockaste st\u00e4llet (\u00f6ver naveln och traktorringarna)<br \/>\n*** ((Kroppsvikt i Kg)\/(L\u00e4ngd i meter)<sup><sub>2<\/sub><\/sup><\/font><font face=\"sans-serif\">)=BMI (<span style=\"font-weight: bold\">B<\/span>ody <span style=\"font-weight: bold\">M<\/span>ass <span style=\"font-weight: bold\">I<\/span>ndex)<\/font><\/small><\/td>\n<\/tr>\n<\/table>\n<\/div>\n<p><!-- Slut Mina-Live --><\/p>\n<p><strong>H\u00e4lsol\u00e4get<\/strong><br \/>\n<u>Morgonen<\/u>: Inte s\u00e5 illa som de senaste.<br \/>\n<u>Under dagen<\/u>: R\u00e4tt s\u00e5 ok. K\u00e4nns som om f\u00f6rmiddagens egensjukgymnastik f\u00f6r mina fil\u00e9er hj\u00e4lpt lite.<br \/>\n<u>Kv\u00e4llen<\/u>: H\u00f6gerarmen och svanken (l\u00e4nden) har varit jobbiga idag. Och gasl\u00e4ckan har varit farligt n\u00e4ra \u00e5ngvissla.<\/p>\n","protected":false},"excerpt":{"rendered":"<p>s\u00f6mn ua. I g\u00e5r kv\u00e4ll gjorde jag i ordning en mindre &#8217;rulle&#8217; att ha under ena kn\u00e4vecket. Dessa &#8217;rullar&#8217; g\u00f6r jag av handduk i l\u00e4mplig storlek som jag rullar till l\u00e4mplig h\u00e5rdhet. Denna rulle l\u00e4gger jag sedan i ett \u00f6rngott &hellip; <a href=\"https:\/\/blogg.ngn.nu\/index.php\/2009\/02\/20\/traningsfredag\/\">Forts\u00e4tt l\u00e4sa <span class=\"meta-nav\">&rarr;<\/span><\/a><\/p>\n","protected":false},"author":1,"featured_media":0,"comment_status":"open","ping_status":"closed","sticky":false,"template":"","format":"standard","meta":{"footnotes":""},"categories":[343,424,104,222],"tags":[191,586,587,212],"class_list":["post-532","post","type-post","status-publish","format-standard","hentry","category-ryggen","category-sjukgymnastik","category-sjukvard","category-tinnitus","tag-elavtal","tag-kuddar","tag-spikmatta","tag-vark"],"_links":{"self":[{"href":"https:\/\/blogg.ngn.nu\/index.php\/wp-json\/wp\/v2\/posts\/532","targetHints":{"allow":["GET"]}}],"collection":[{"href":"https:\/\/blogg.ngn.nu\/index.php\/wp-json\/wp\/v2\/posts"}],"about":[{"href":"https:\/\/blogg.ngn.nu\/index.php\/wp-json\/wp\/v2\/types\/post"}],"author":[{"embeddable":true,"href":"https:\/\/blogg.ngn.nu\/index.php\/wp-json\/wp\/v2\/users\/1"}],"replies":[{"embeddable":true,"href":"https:\/\/blogg.ngn.nu\/index.php\/wp-json\/wp\/v2\/comments?post=532"}],"version-history":[{"count":0,"href":"https:\/\/blogg.ngn.nu\/index.php\/wp-json\/wp\/v2\/posts\/532\/revisions"}],"wp:attachment":[{"href":"https:\/\/blogg.ngn.nu\/index.php\/wp-json\/wp\/v2\/media?parent=532"}],"wp:term":[{"taxonomy":"category","embeddable":true,"href":"https:\/\/blogg.ngn.nu\/index.php\/wp-json\/wp\/v2\/categories?post=532"},{"taxonomy":"post_tag","embeddable":true,"href":"https:\/\/blogg.ngn.nu\/index.php\/wp-json\/wp\/v2\/tags?post=532"}],"curies":[{"name":"wp","href":"https:\/\/api.w.org\/{rel}","templated":true}]}}