{"id":529,"date":"2009-02-17T20:19:31","date_gmt":"2009-02-17T19:19:31","guid":{"rendered":"http:\/\/blogg.ngn.nu\/index.php\/2009\/02\/17\/valdigt-trott-tisdag-2\/"},"modified":"2009-02-17T20:19:31","modified_gmt":"2009-02-17T19:19:31","slug":"valdigt-trott-tisdag-2","status":"publish","type":"post","link":"https:\/\/blogg.ngn.nu\/index.php\/2009\/02\/17\/valdigt-trott-tisdag-2\/","title":{"rendered":"V\u00e4ldigt tr\u00f6tt Tisdag"},"content":{"rendered":"<p>s\u00f6mn ok, hade dock lite l\u00e5ng insomningstid. N\u00e5gonstans mellan 1-2 timmar.<\/p>\n<p><strong>Driftfel<\/strong><br \/>\nMin webbhotellsleverant\u00f6r Oderland via posedion.se har problem med serveruppdateringar. Det h\u00e4nger sig tydligen. Extra sv\u00e5ra problem med just mejlservern.<\/p>\n<p>Normalt brukar det dr\u00e4lla in mejl men idag har det varit v\u00e4ldigt lugnt. Nu vet vi f\u00f6rklaringen.<\/p>\n<p><strong>Farsan<\/strong><br \/>\n<a id=\"Farsan\" style=\"background-color: #ffffcc; cursor: pointer\" onclick=\"expand(this.id+'_090217_200232', this);\">[Visa mer&#8230;]<\/a><\/p>\n<div id=\"Farsan_090217_200232\" style=\"display: none\">\n<p>Visst \u00e4r det tr\u00e5kigt att bli s\u00e5 sjuk s\u00e5 man hamnar p\u00e5 sjukhus men jag tycker det k\u00e4nns tryggt att far blev inlagd.<\/p>\n<p>Eftersom jag \u00e4r en sann egoist s\u00e5 tyckte jag det var v\u00e4ldigt sk\u00f6nt att de ringde vid ca 22:00 och meddelade detta.<\/p>\n<p>D\u00e5 kunde jag g\u00e5 och l\u00e4gga mig. Ja i alla fall b\u00f6rjade jag planera att r\u00f6ra mig i riktning mot s\u00e4ngen.<\/p>\n<p>I s\u00e4ng kom jag inte f\u00f6rr\u00e4n ca 23:00.<\/p>\n<p>Just nu (09:19) v\u00e4ntar jag p\u00e5 att klockan ska ticka n\u00e5gon minut till. D\u00e5 har de rondat f\u00e4rdigt p\u00e5 avdelningen d\u00e4r far ligger. Jag ska ringa och h\u00f6ra hur l\u00e4get \u00e4r.<\/p>\n<p>Har ringt till hemtj\u00e4nsten och meddelat att de inte beh\u00f6ver \u00e5ka till far p\u00e5 fm. Trevliga m\u00e4nniskor. De hade redan ringt sjukhuset och visste att var hade tillbringat natten d\u00e4r.<\/p>\n<p>K\u00e4nner stort f\u00f6rtroende f\u00f6r kommunala hemtj\u00e4nsten i Trollh\u00e4ttan.<\/p>\n<p>Fick pratat med aktuell sk\u00f6terska, p\u00e5 sjukhusavdelningen, och far ska p\u00e5 en och ev tv\u00e5 unders\u00f6kningar s\u00e5 han blir kvar minst ett dygn. Bl.a. beroende p\u00e5 att jag framf\u00f6rde \u00f6nskem\u00e5l om en v\u00e5rdplanering.<\/p>\n<p>Ringde ocks\u00e5 hemtj\u00e4nsten och rapporterade l\u00e4get och att de kan b\u00f6rja fundera p\u00e5 vilken typ av insatser far kan beh\u00f6va.<\/p>\n<p>Planerar att ta mig till sjukhuset p\u00e5 bes\u00f6kstiden. F\u00f6rst ska jag dock se till att f\u00e5 pratat med far, per telefon, och h\u00f6ra vad han beh\u00f6ver s\u00e5 jag kan ta sv\u00e4ngen om hans bostad.<\/p>\n<p>Och s\u00e5 blev det. Sv\u00e4ng om bostaden och sedan till sjukhuset och far hittade jag p\u00e5 &#8217;r\u00e4tt&#8217; avdelning. Det skulle bli mer unders\u00f6kningar. Fick senare veta att de hann inte med n\u00e5gon unders\u00f6kning idag. Kanske i morgon&#8230;?<\/p>\n<p>N\u00e5v\u00e4l, egentligen \u00e4r det bara bra d\u00e5 f\u00e5r far chans att samla p\u00e5 sig lite energi.<\/p>\n<p>Far tyckte ocks\u00e5 att det var en bra id\u00e9 med \u00f6kad hj\u00e4lp tills han blir b\u00e4ttre.<\/p>\n<\/div>\n<p><!-- Slut Farsan --><\/p>\n<p>&#8217;<strong>Bl\u00e5sningen<\/strong>&#8217;<br \/>\nFick blanketter fr\u00e5n ICAbanken idag. Hustrun hj\u00e4lpte mig fylla i dem (har sv\u00e5rt f\u00f6r att skriva snyggt f\u00f6r hand &#8211; problem med de sm\u00e5 fingermusklerna).<\/p>\n<p>Nu \u00e4r de iv\u00e4gskickade. Vore ju v\u00e4ldigt trevligt om jag fick tillbaka pengarna (351 SEK).<\/p>\n<p>D\u00e5 k\u00e4nns det ju genast mer meningsfullt att faktiskt betala en s\u00e5dan d\u00e4r kortavgift som brukar dyka upp en g\u00e5ng om \u00e5ret och irritera mig till h\u00e5ravlossningens gr\u00e4ns.<\/p>\n<p><strong>Mina Live-v\u00e4rden<\/strong><br \/>\n<a id=\"Mina-Live\" style=\"background-color: #ffffcc; cursor: pointer\" onclick=\"expand(this.id+'_090217_200203', this);\">[Visa mer&#8230;]<\/a><\/p>\n<div id=\"Mina-Live_090217_200203\" style=\"display: none\">\n<table border=\"1\" cellpadding=\"2\" cellspacing=\"2\">\n<tr>\n<td colspan=\"5\"><small><font face=\"sans-serif\">Morgon;<\/font><\/small><\/td>\n<\/tr>\n<tr>\n<td style=\"font-weight: bold\"><small><font face=\"sans-serif\">Vad<\/font><\/small><\/td>\n<td style=\"font-weight: bold\" align=\"right\"><small><font face=\"sans-serif\">V\u00e4rde:<\/font><\/small><\/td>\n<td style=\"font-weight: bold\"><small><font face=\"sans-serif\">&#8217;storhet&#8217;<\/font><\/small><\/td>\n<td style=\"font-weight: bold\"><small><font face=\"sans-serif\">Trend<\/font><\/small><\/td>\n<td style=\"font-weight: bold\"><small><font face=\"sans-serif\">Not<\/font><\/small><\/td>\n<\/tr>\n<tr>\n<td><small><font face=\"sans-serif\">-Bltr*:<\/font><\/small><\/td>\n<td align=\"right\"><small><font face=\"sans-serif\"><strong>XXX\/XXX<\/strong><\/font><\/small><\/td>\n<td><small><font face=\"sans-serif\">mmHg<\/font><\/small><\/td>\n<td>&nbsp;<\/td>\n<td>&nbsp;<\/td>\n<\/tr>\n<tr>\n<td><small><font face=\"sans-serif\">-Puls*:<\/font><\/small><\/td>\n<td align=\"right\"><small><font face=\"sans-serif\"><strong>XXX<\/strong><\/font><\/small><\/td>\n<td><small><font face=\"sans-serif\">s\/min<\/font><\/small><\/td>\n<td>&nbsp;<\/td>\n<td>&nbsp;<\/td>\n<\/tr>\n<tr>\n<td><small><font face=\"sans-serif\">-Vikt:<\/font><\/small><\/td>\n<td align=\"right\"><small><font face=\"sans-serif\"><strong>94,0<\/strong><\/font><\/small><\/td>\n<td><small><font face=\"sans-serif\">Kg<\/font><\/small><\/td>\n<td><img loading=\"lazy\" decoding=\"async\" src=\"http:\/\/ngn.nu\/Bilder4\/090115_PilRightDownGreen_h25w60.gif\" alt=\"[Bild: PilRightDownGr\u00f6n]\" height=\"12\" width=\"30\" \/><\/td>\n<td>&nbsp;<\/td>\n<\/tr>\n<tr>\n<td><small><font face=\"sans-serif\">-Midjem\u00e5tt**:<\/font><\/small><\/td>\n<td align=\"right\"><small><font face=\"sans-serif\"><strong>106<\/strong><\/font><\/small><\/td>\n<td><small><font face=\"sans-serif\">cm<\/font><\/small><\/td>\n<td><img loading=\"lazy\" decoding=\"async\" src=\"http:\/\/ngn.nu\/Bilder4\/090115_PilRightBlack_h25w60.gif\" alt=\"[Bild: PilRightSvart]\" height=\"12\" width=\"30\" \/><\/td>\n<td>&nbsp;<\/td>\n<\/tr>\n<tr>\n<td><small><font face=\"sans-serif\">-BMI***:<\/font><\/small><\/td>\n<td align=\"right\"><small><font face=\"sans-serif\"><strong>29,3<\/strong><\/font><\/small><\/td>\n<td>&nbsp;<\/td>\n<td><img loading=\"lazy\" decoding=\"async\" src=\"http:\/\/ngn.nu\/Bilder4\/090115_PilRightDownGreen_h25w60.gif\" alt=\"[Bild: PilRightDownGr\u00f6n]\" height=\"12\" width=\"30\" \/><\/td>\n<td rowspan=\"3\" align=\"center\"><a href=\"http:\/\/chart.apis.google.com\/chart?chs=850x352&amp;cht=bvs&amp;chbh=a&amp;chtt=Veckorna+1-7.+Februari+1-28+2009.+L%C3%A4ngd:+179cm.+F%C3%B6dd:+1955.+Man.%7CBMI-medelv%C3%A4rde%28hela%20stapeln%20och\/eller%20bl%C3%A5%20punkt%29+och+Fett%28gult%29,+V%C3%A4tska%28vitt%29+och+Resten%28r%C3%B6daktigt%29+procentuellt+f%C3%B6rdelat.%7CEn+%27normal%27-stapel+i+h%C3%B6ger%C3%A4ndan+%28%27m%C3%A5let...%27%29&amp;chts=000000,12&amp;chco=CB4545,FFFFFF,FFFF00&amp;chd=e6:NQNnNUNeNWNLNF____________________________________________________________IK,dHd1dOdXdSc9cs____________________________________________________________SB,OFOiOrPAOmOaOU____________________________________________________________IR,________________NkNSNWNgNQM7M5NCNANKNPNCM9M6NQM7NX__________________________,________________dydQdQdudDcacVcpckc3dEcpcacRdAcbdX__________________________,________________OmPQPNOQNqOJOHORO.OPPBNONEOeOnP2On__________________________,4c5.5O525P4j4G____________________________________________________________id,________________595z5z5g393g3W394l4R5W3g2b3q445M5W__________________________&amp;chxt=x,y&amp;chxl=0:%7C1%7C2%7C3%7C4%7C5%7C6%7C7%7C%7C1%7C2%7C3%7C4%7C5%7C6%7C7%7C8%7C9%7C10%7C11%7C12%7C13%7C14%7C15%7C16%7C17%7C18%7C19%7C20%7C21%7C22%7C23%7C24%7C25%7C26%7C27%7C28%7C%7CN&amp;chxr=1,18,31,1&amp;chf=c,ls,90,008000,0.54,FF420E,0.38,DC2300,0.08&amp;chm=@tFetma,00000080,0,0.75:1,18%7C@t%C3%96vervikt,00000080,0,0.74:0.7,18%7C@tNormalvikt,00000080,0,0.73:0.3,18%7CD,E5E5E5,6,0,4,1%7Co,0066FF,6,-1,8%7CD,000000,7,0,4,1%7Co,0066FF,7,-1,8\" target=\"_blank\"><small>veckorna 1-7 medelv\u00e4rde<br \/>\nsamt dagens m\u00e5nadsv\u00e4rde<br \/>\n(BMI, Fett%, V\u00e4tske% och Resten%)<\/small><\/a><\/td>\n<\/tr>\n<tr>\n<td><small><font face=\"sans-serif\">-Andel-Fett:<\/font><\/small><\/td>\n<td align=\"right\"><small><font face=\"sans-serif\"><strong>25,5<\/strong><\/font><\/small><\/td>\n<td><small><font face=\"sans-serif\">%<\/font><\/small><\/td>\n<td><img loading=\"lazy\" decoding=\"async\" src=\"http:\/\/ngn.nu\/Bilder4\/090115_PilRightDownGreen_h25w60.gif\" alt=\"[Bild: PilRightDownGr\u00f6n]\" height=\"12\" width=\"30\" \/><\/td>\n<\/tr>\n<tr>\n<td><small><font face=\"sans-serif\">-Andel-Vatten:<\/font><\/small><\/td>\n<td align=\"right\"><small><font face=\"sans-serif\"><strong>51,2<\/strong><\/font><\/small><\/td>\n<td><small><font face=\"sans-serif\">%<\/font><\/small><\/td>\n<td><img loading=\"lazy\" decoding=\"async\" src=\"http:\/\/ngn.nu\/Bilder4\/090115_PilRightUppSvart_h25w60.gif\" alt=\"[Bild: PilRightSvartUpp]\" height=\"12\" width=\"30\" \/><\/td>\n<\/tr>\n<tr>\n<td colspan=\"5\"><small><font face=\"sans-serif\">* Endast m\u00e5ndagar<br \/>\n** M\u00e4tt p\u00e5 det tjockaste st\u00e4llet (\u00f6ver naveln och traktorringarna)<br \/>\n*** ((Kroppsvikt i Kg)\/(L\u00e4ngd i meter)<sup><sub>2<\/sub><\/sup><\/font><font face=\"sans-serif\">)=BMI (<span style=\"font-weight: bold\">B<\/span>ody <span style=\"font-weight: bold\">M<\/span>ass <span style=\"font-weight: bold\">I<\/span>ndex)<\/font><\/small><\/td>\n<\/tr>\n<\/table>\n<\/div>\n<p><!-- Slut Mina-Live --><\/p>\n<p><strong>H\u00e4lsol\u00e4get<\/strong><br \/>\n<u>Morgonen<\/u>: Tr\u00f6tt och tr\u00f6ttare.<br \/>\n<u>Under dagen<\/u>: Skakig i hela kroppen. Matt. Sov mellan 15:00-18:00.<br \/>\n<u>Kv\u00e4llen<\/u>: Lite piggare. V\u00e4ldigt st\u00f6rande att jag verkar f\u00e5 mer och mer besv\u00e4r med l\u00e4ndryggen.<\/p>\n","protected":false},"excerpt":{"rendered":"<p>s\u00f6mn ok, hade dock lite l\u00e5ng insomningstid. N\u00e5gonstans mellan 1-2 timmar. Driftfel Min webbhotellsleverant\u00f6r Oderland via posedion.se har problem med serveruppdateringar. Det h\u00e4nger sig tydligen. Extra sv\u00e5ra problem med just mejlservern. Normalt brukar det dr\u00e4lla in mejl men idag har &hellip; <a href=\"https:\/\/blogg.ngn.nu\/index.php\/2009\/02\/17\/valdigt-trott-tisdag-2\/\">Forts\u00e4tt l\u00e4sa <span class=\"meta-nav\">&rarr;<\/span><\/a><\/p>\n","protected":false},"author":1,"featured_media":0,"comment_status":"open","ping_status":"closed","sticky":false,"template":"","format":"standard","meta":{"footnotes":""},"categories":[583,343,104,219],"tags":[295],"class_list":["post-529","post","type-post","status-publish","format-standard","hentry","category-icabanken","category-ryggen","category-sjukvard","category-trott","tag-webbhotell"],"_links":{"self":[{"href":"https:\/\/blogg.ngn.nu\/index.php\/wp-json\/wp\/v2\/posts\/529","targetHints":{"allow":["GET"]}}],"collection":[{"href":"https:\/\/blogg.ngn.nu\/index.php\/wp-json\/wp\/v2\/posts"}],"about":[{"href":"https:\/\/blogg.ngn.nu\/index.php\/wp-json\/wp\/v2\/types\/post"}],"author":[{"embeddable":true,"href":"https:\/\/blogg.ngn.nu\/index.php\/wp-json\/wp\/v2\/users\/1"}],"replies":[{"embeddable":true,"href":"https:\/\/blogg.ngn.nu\/index.php\/wp-json\/wp\/v2\/comments?post=529"}],"version-history":[{"count":0,"href":"https:\/\/blogg.ngn.nu\/index.php\/wp-json\/wp\/v2\/posts\/529\/revisions"}],"wp:attachment":[{"href":"https:\/\/blogg.ngn.nu\/index.php\/wp-json\/wp\/v2\/media?parent=529"}],"wp:term":[{"taxonomy":"category","embeddable":true,"href":"https:\/\/blogg.ngn.nu\/index.php\/wp-json\/wp\/v2\/categories?post=529"},{"taxonomy":"post_tag","embeddable":true,"href":"https:\/\/blogg.ngn.nu\/index.php\/wp-json\/wp\/v2\/tags?post=529"}],"curies":[{"name":"wp","href":"https:\/\/api.w.org\/{rel}","templated":true}]}}