{"id":524,"date":"2009-02-12T20:47:41","date_gmt":"2009-02-12T19:47:41","guid":{"rendered":"http:\/\/blogg.ngn.nu\/index.php\/2009\/02\/12\/slug-torsdag\/"},"modified":"2009-02-12T20:47:41","modified_gmt":"2009-02-12T19:47:41","slug":"slug-torsdag","status":"publish","type":"post","link":"https:\/\/blogg.ngn.nu\/index.php\/2009\/02\/12\/slug-torsdag\/","title":{"rendered":"&#8217;slug&#8217; Torsdag"},"content":{"rendered":"<p>s\u00f6mn ua<\/p>\n<p><strong>Data<\/strong>-Teknik-NSLU2 (slug)<br \/>\nIdag kom den! &#8217;slug&#8217;:en. N\u00e4tverksgrunkan som man g\u00f6ra massa kul med. Huvudanv\u00e4ndningen \u00e4r att koppla USB-minnen och externa USB-h\u00e5rddiskar till den s\u00e5 de blir \u00e5tkomliga i ett n\u00e4tverk. <a id=\"SLUG\" style=\"background-color: #ffffcc; cursor: pointer\" onclick=\"expand(this.id+'_090212_200257', this);\">[Visa mer&#8230;]<\/a><\/p>\n<div id=\"SLUG_090212_200257\" style=\"display: none\">\n<p>Den har en egen CPU (processor) och ett s.k. flash-minne s\u00e5 kan man g\u00f6ra en massa kul saker med den. Byta ut eller komplettera enhetens dataprogram (flash) och p\u00e5 s\u00e5 vis kan man t.ex. experimentera med att drifta en egen webbserver.<\/p>\n<p>NSLU2 = <strong>N<\/strong>etwork <strong>S<\/strong>torage <strong>L<\/strong>ink for <strong>U<\/strong>SB <strong>2<\/strong>.0<\/p>\n<p><strong>slug<\/strong> = \u00e4r ett &#8217;smeknamn&#8217; som jag misst\u00e4nker att denna apparat fick i sin f\u00f6rsta tappning. Processorn i den d\u00e5 var p\u00e5 133MHz och det finns kilometervis text som beskriver hur man kan s.k. \u00f6verklocka dessa och &#8217;kl\u00e4mma&#8217; ur dem upp till ca 240 MHz. Dagens NSLU2 har en processor om 266MHz. Ingen raket det heller. S\u00e5 smeknamnet &#8217;slug&#8217; f\u00e5r nog h\u00e4nga kvar.<\/p>\n<p>En &#8217;slug&#8217; \u00e4r en <em>skall\u00f6s<\/em> snigel. Det finns andra betydelser f\u00f6r &#8217;slug&#8217; ocks\u00e5 men det \u00e4r detta smeknamnet jag tror mest p\u00e5.<\/p>\n<p>Inte att f\u00f6rv\u00e4xla med Svenska S.L.U.G. vilket \u00e4r <strong>S<\/strong>tockholm <strong>L<\/strong>inux <strong>U<\/strong>ser <strong>G<\/strong>roup.<br \/>\nMan kan ju undra om det finns en avsikt eller om det \u00e4r en tillf\u00e4llighet? F\u00f6r det kan v\u00e4l inte vara s\u00e5 att Stockholmarna syftar p\u00e5 &#8217;slug&#8217; i betydelsen smart?<\/p>\n<\/div>\n<p><!-- Slut SLUG --><\/p>\n<p><strong>F&amp;S SeniorJympa<\/strong><br \/>\nF\u00f6rs\u00f6ker f\u00e5 in en regelbunden rutin i att sl\u00e4pa mig till vanlig jympa, ut\u00f6ver varmvattenjympan. Men det blir inga snabba och poppiga eller h\u00e4ftiga r\u00f6relser med den h\u00e4r kroppen. Seniorjympan passar utm\u00e4rkt.<\/p>\n<p>I min plan ing\u00e5r att jag \u00e4ven ska ta mig till n\u00e5gon l\u00e4ttare jympa \u00e4ven p\u00e5 tisdagar. Men jag har inte kommit s\u00e5 l\u00e5ngt i min utveckling (eller inveckling?)<\/p>\n<p><strong>Politik<\/strong><br \/>\n<a id=\"POLITIK\" style=\"background-color: #ffffcc; cursor: pointer\" onclick=\"expand(this.id+'_090212_200226', this);\">[Visa mer&#8230;]<\/a><\/p>\n<div id=\"POLITIK_090212_200226\" style=\"display: none\">\n<p>Nu f\u00e5r de v\u00e4l ta \u00e5 ge sig! S\u00e4nker &#8217;styr&#8217;-r\u00e4ntan s\u00e5 att folk ska kunna l\u00e5na mer och &#8217;hindra&#8217; den negativa prisutvecklingen p\u00e5 fastigheter?<\/p>\n<p>Det var precis s\u00e5 den nu n\u00e4stan globala finanskrisen startade, i USA.<\/p>\n<p>Att s\u00e4nka styrr\u00e4ntan ska ju fr\u00e4mst vara till f\u00f6r att g\u00f6ra det l\u00e4ttare f\u00f6r <u>f\u00f6retag<\/u> att investera. Skapa arbetstillf\u00e4llen. Ska den r\u00e4ntes\u00e4nkningar som nu sker s\u00e5 m\u00e5ste det till n\u00e5gon slags sp\u00e4rr inom fastighetbranschen s\u00e5 att priserna inte stiger ytterligare. Till\u00e5ts fastighetspriserna stiga ytterligare d\u00e5 \u00e4r vi snart i en l\u00e5gkonjunktur med deflation och det \u00e4r vansinne.<\/p>\n<p>F\u00f6r, givetvis kommer r\u00e4ntan att h\u00f6jas s\u00e5 fort det &#8217;stabiliserar&#8217; sig. Vad h\u00e4nder d\u00e5 med de familjer som satsat miljoner i egnahemboende? Samtidigt som l\u00f6ner &#8217;frysts&#8221;.<\/p>\n<p>Nu mumlar regeringen n\u00e4stan uteslutande om att konsumtionen m\u00e5ste stimuleras s\u00e5 att hjulet kan forts\u00e4tta snurra. Ja jag kan inte tolka det p\u00e5 annat vis \u00e4n att de har f\u00e5tt snurren allihop!<\/p>\n<p>Har man ett samh\u00e4lle med bra trygghetsystem ja d\u00e5 v\u00e5gar man satsa. Nu monterar ju nuvarande regering ned det trygghetssystemet (som f\u00f6rra regeringen b\u00f6rjade nedmontera) och s\u00e5 f\u00f6rv\u00e5nas de \u00f6ver att vi dels g\u00e5r in i en l\u00e5gkonjunktur med expressfart och dels s\u00e5 ser Reinfeldt bekymrad ut n\u00e4r det g\u00e5r upp f\u00f6r honom att storkapitalisterna (f\u00f6retagskoncerner) inte har n\u00e5gra pengar i d\u00e5liga tider.<\/p>\n<p>\u00c4r detta ett f\u00f6rvanskat mediaknep eller \u00e4r han s\u00e5 nationalekonomiskt omedveten? Kan ingen tala om f\u00f6r honom vad som h\u00e4nder om politiken l\u00e5ter &#8217;marknaden&#8217; f\u00e5 fria h\u00e4nder?<\/p>\n<p>De roffar \u00e5t sig allt de kan s\u00e5 l\u00e4nge det g\u00e5r bra. N\u00e4r det g\u00e5r d\u00e5ligt \u00e4r de de f\u00f6rsta att st\u00e4lla sig i tiggarleden. Fattiga stackare &#8211; \u00e4r det bara jag som ser det h\u00e4r?<\/p>\n<p>Tycker verkligen lite \u00f6ver 40% av Sveriges r\u00f6stber\u00e4ttigade att det \u00e4r en bra politik? De R\u00f6dGr\u00f6na f\u00f6rde ingen lysande politik, det finns mycket kvar att \u00f6nska d\u00e4r. Men de h\u00e4r &#8217;ljusbl\u00e5&#8217; politikerna \u00e4r ju naiva s\u00e5 det d\u00e5nar om det. Har du jobb s\u00e5 duger du. Har du det inte s\u00e5 \u00e4r du UTANF\u00d6R! Det \u00e4r allt som r\u00f6r sig i huvudet p\u00e5 dem.<\/p>\n<p>Jag kan inte se annat \u00e4n att utanf\u00f6rskapet har \u00f6kat lavinartat sedan &#8217;de&#8217; satte ig\u00e5ng sin politik f\u00f6r att minska just utanf\u00f6rskapet.<\/p>\n<p>Och jag blir ytterst f\u00f6rbannad n\u00e4r liberaler (\u00e4r de allihopa nu tack vare EU) kommer med sina kommentarer om den &#8221;passiviserande utanf\u00f6rskapen som bidragssverige m\u00f6jligg\u00f6r&#8221;. Vilken planet kommer de ifr\u00e5n?<\/p>\n<p>Hur kan man utg\u00e5 fr\u00e5n att alla sjuka vill vara sjuka?<br \/>\nHur kan man utg\u00e5 fr\u00e5n att alla arbetsl\u00f6sa vill vara arbetsl\u00f6sa?<br \/>\nHur kan man utg\u00e5 fr\u00e5n att pension\u00e4rer &#8221;har gjort sitt&#8221; och ska d\u00e4rmed behandlas styvmoderligt?<br \/>\nHur kan man kr\u00e4va att en verksamhet (H\u00e4lso- o. sjukv., Skola- o. barnomsorg, AF, FK t.ex.) ska klara mer med mindre medel?<br \/>\nHur kan man lova att allt ska bli b\u00e4ttre samtidigt som man f\u00f6rs\u00e4mrar?<\/p>\n<p>B\u00e4st att sl\u00e4ppa tangentbordet h\u00e4r. Det som skr\u00e4mmer mig \u00e4r att det finns en politik, i Sverige, som gillar det som nu h\u00e4nder. Det \u00e4r bra. Det kommer att pressa ned l\u00f6nerna och g\u00f6ra det \u00e4n mer l\u00f6nsamt f\u00f6r de redan besuttna.<\/p>\n<\/div>\n<p><!-- Slut POLITIK --><\/p>\n<p><strong>Mina Live-v\u00e4rden<\/strong><br \/>\n<a id=\"Mina-Live\" style=\"background-color: #ffffcc; cursor: pointer\" onclick=\"expand(this.id+'_090212_200201', this);\">[Visa mer&#8230;]<\/a><\/p>\n<div id=\"Mina-Live_090212_200201\" style=\"display: none\">\n<table border=\"1\" cellpadding=\"2\" cellspacing=\"2\">\n<tr>\n<td colspan=\"5\"><small><font face=\"sans-serif\">Morgon;<\/font><\/small><\/td>\n<\/tr>\n<tr>\n<td style=\"font-weight: bold\"><small><font face=\"sans-serif\">Vad<\/font><\/small><\/td>\n<td style=\"font-weight: bold\" align=\"right\"><small><font face=\"sans-serif\">V\u00e4rde:<\/font><\/small><\/td>\n<td style=\"font-weight: bold\"><small><font face=\"sans-serif\">&#8217;storhet&#8217;<\/font><\/small><\/td>\n<td style=\"font-weight: bold\"><small><font face=\"sans-serif\">Trend<\/font><\/small><\/td>\n<td style=\"font-weight: bold\"><small><font face=\"sans-serif\">Not<\/font><\/small><\/td>\n<\/tr>\n<tr>\n<td><small><font face=\"sans-serif\">-Bltr*:<\/font><\/small><\/td>\n<td align=\"right\"><small><font face=\"sans-serif\"><strong>XXX\/XXX<\/strong><\/font><\/small><\/td>\n<td><small><font face=\"sans-serif\">mmHg<\/font><\/small><\/td>\n<td>&nbsp;<\/td>\n<td>&nbsp;<\/td>\n<\/tr>\n<tr>\n<td><small><font face=\"sans-serif\">-Puls*:<\/font><\/small><\/td>\n<td align=\"right\"><small><font face=\"sans-serif\"><strong>XXX<\/strong><\/font><\/small><\/td>\n<td><small><font face=\"sans-serif\">s\/min<\/font><\/small><\/td>\n<td>&nbsp;<\/td>\n<td>&nbsp;<\/td>\n<\/tr>\n<tr>\n<td><small><font face=\"sans-serif\">-Vikt:<\/font><\/small><\/td>\n<td align=\"right\"><small><font face=\"sans-serif\"><strong>93,8<\/strong><\/font><\/small><\/td>\n<td><small><font face=\"sans-serif\">Kg<\/font><\/small><\/td>\n<td><img loading=\"lazy\" decoding=\"async\" src=\"http:\/\/ngn.nu\/Bilder4\/090115_PilRightDownGreen_h25w60.gif\" alt=\"[Bild: PilRightDownGr\u00f6n]\" height=\"12\" width=\"30\" \/><\/td>\n<td>&nbsp;<\/td>\n<\/tr>\n<tr>\n<td><small><font face=\"sans-serif\">-Midjem\u00e5tt**:<\/font><\/small><\/td>\n<td align=\"right\"><small><font face=\"sans-serif\"><strong>105<\/strong><\/font><\/small><\/td>\n<td><small><font face=\"sans-serif\">cm<\/font><\/small><\/td>\n<td><img loading=\"lazy\" decoding=\"async\" src=\"http:\/\/ngn.nu\/Bilder4\/090115_PilRightDownGreen_h25w60.gif\" alt=\"[Bild: PilRightDownGr\u00f6n]\" height=\"12\" width=\"30\" \/><\/td>\n<td>&nbsp;<\/td>\n<\/tr>\n<tr>\n<td><small><font face=\"sans-serif\">-BMI***:<\/font><\/small><\/td>\n<td align=\"right\"><small><font face=\"sans-serif\"><strong>29,3<\/strong><\/font><\/small><\/td>\n<td>&nbsp;<\/td>\n<td><img loading=\"lazy\" decoding=\"async\" src=\"http:\/\/ngn.nu\/Bilder4\/090115_PilRightDownGreen_h25w60.gif\" alt=\"[Bild: PilRightDownGr\u00f6n]\" height=\"12\" width=\"30\" \/><\/td>\n<td rowspan=\"3\" align=\"center\"><a href=\"http:\/\/chart.apis.google.com\/chart?chs=850x352&amp;cht=bvs&amp;chbh=a&amp;chtt=Veckorna+1-6.+Februari+1-28+2009.+L%C3%A4ngd:+179cm.+F%C3%B6dd:+1955.+Man.%7CBMI-medelv%C3%A4rde%28hela%20stapeln%20och\/eller%20bl%C3%A5%20punkt%29+och+Fett%28gult%29,+V%C3%A4tska%28vitt%29+och+Resten%28r%C3%B6daktigt%29+procentuellt+f%C3%B6rdelat.%7CEn+%27normal%27-stapel+i+h%C3%B6ger%C3%A4ndan+%28%27m%C3%A5let...%27%29&amp;chts=000000,12&amp;chco=CB4545,FFFFFF,FFFF00&amp;chd=e6:NQNnNUNeNWNL____________________________________________________________IK,dHd1dOdXdSc9____________________________________________________________SB,NQNnNUNeNWNL____________________________________________________________IR,______________NkNSNWNgNQM7M5NCNANKNPNC____________________________________,______________dydQdQdudDcacVcpckc3dEcp____________________________________,______________OmPQPNOQNqOJOHORO.OPPBNO____________________________________,4c5.5O525P4j____________________________________________________________id,______________595z5z5g393g3W394l4R5W3g____________________________________&amp;chxt=x,y&amp;chxl=0:%7C1%7C2%7C3%7C4%7C5%7C6%7C%7C1%7C2%7C3%7C4%7C5%7C6%7C7%7C8%7C9%7C10%7C11%7C12%7C13%7C14%7C15%7C16%7C17%7C18%7C19%7C20%7C21%7C22%7C23%7C24%7C25%7C26%7C27%7C28%7C%7CN&amp;chxr=1,18,31,1&amp;chf=c,ls,90,008000,0.54,FF420E,0.38,DC2300,0.08&amp;chm=@tFetma,00000080,0,0.55:1,18%7C@t%C3%96vervikt,00000080,0,0.54:0.7,18%7C@tNormalvikt,00000080,0,0.53:0.3,18%7CD,E5E5E5,6,0,4,1%7Co,0066FF,6,-1,8%7CD,000000,7,0,4,1%7Co,0066FF,7,-1,8\" target=\"_blank\"><small>veckorna 1-6 medelv\u00e4rde<br \/>\nsamt dagens m\u00e5nadsv\u00e4rde<br \/>\n(BMI, Fett%, V\u00e4tske% och Resten%)<\/small><\/a><\/td>\n<\/tr>\n<tr>\n<td><small><font face=\"sans-serif\">-Andel-Fett:<\/font><\/small><\/td>\n<td align=\"right\"><small><font face=\"sans-serif\"><strong>24,9<\/strong><\/font><\/small><\/td>\n<td><small><font face=\"sans-serif\">%<\/font><\/small><\/td>\n<td><img loading=\"lazy\" decoding=\"async\" src=\"http:\/\/ngn.nu\/Bilder4\/090115_PilRightDownGreen_h25w60.gif\" alt=\"[Bild: PilRightDownGr\u00f6n]\" height=\"12\" width=\"30\" \/><\/td>\n<\/tr>\n<tr>\n<td><small><font face=\"sans-serif\">-Andel-Vatten:<\/font><\/small><\/td>\n<td align=\"right\"><small><font face=\"sans-serif\"><strong>51,6<\/strong><\/font><\/small><\/td>\n<td><small><font face=\"sans-serif\">%<\/font><\/small><\/td>\n<td><img loading=\"lazy\" decoding=\"async\" src=\"http:\/\/ngn.nu\/Bilder4\/090115_PilRightUppSvart_h25w60.gif\" alt=\"[Bild: PilRightSvartUpp]\" height=\"12\" width=\"30\" \/><\/td>\n<\/tr>\n<tr>\n<td colspan=\"5\"><small><font face=\"sans-serif\">* Endast m\u00e5ndagar<br \/>\n** M\u00e4tt p\u00e5 det tjockaste st\u00e4llet (\u00f6ver naveln och traktorringarna)<br \/>\n*** ((Kroppsvikt i Kg)\/(L\u00e4ngd i meter)<sup><sub>2<\/sub><\/sup><\/font><font face=\"sans-serif\">)=BMI (<span style=\"font-weight: bold\">B<\/span>ody <span style=\"font-weight: bold\">M<\/span>ass <span style=\"font-weight: bold\">I<\/span>ndex)<\/font><\/small><\/td>\n<\/tr>\n<\/table>\n<\/div>\n<p><!-- Slut Mina-Live --><\/p>\n<p><strong>H\u00e4lsol\u00e4get<\/strong><br \/>\n<u>Morgonen<\/u>: Lite tjatigt men jag \u00e4r seg och tr\u00f6tt p\u00e5 morgonen. Har jag sedan f\u00e5tt fart p\u00e5 kroppen lite s\u00e5 l\u00e4ttar det lite.<br \/>\n<u>Under dagen<\/u>: Kan inte komma p\u00e5 n\u00e5got som kr\u00e5nglat ut\u00f6ver det vanliga.<br \/>\n<u>Kv\u00e4llen<\/u>: Lite lurigt p\u00e5 jympan. Det hugger i l\u00e4ndryggen p\u00e5 h\u00f6ger sida och s\u00e5 f\u00f6rsvinner k\u00e4nseln i h\u00f6ger fots framdel. Det blir n\u00e5got jobbigare att jympa tack vare det. Men det g\u00e5r ju \u00f6ver s\u00e5 fort en slutar och r\u00f6ra p\u00e5 sig s\u00e5&#8230;<\/p>\n","protected":false},"excerpt":{"rendered":"<p>s\u00f6mn ua Data-Teknik-NSLU2 (slug) Idag kom den! &#8217;slug&#8217;:en. N\u00e4tverksgrunkan som man g\u00f6ra massa kul med. Huvudanv\u00e4ndningen \u00e4r att koppla USB-minnen och externa USB-h\u00e5rddiskar till den s\u00e5 de blir \u00e5tkomliga i ett n\u00e4tverk. [Visa mer&#8230;] Den har en egen CPU (processor) &hellip; <a href=\"https:\/\/blogg.ngn.nu\/index.php\/2009\/02\/12\/slug-torsdag\/\">Forts\u00e4tt l\u00e4sa <span class=\"meta-nav\">&rarr;<\/span><\/a><\/p>\n","protected":false},"author":1,"featured_media":0,"comment_status":"open","ping_status":"closed","sticky":false,"template":"","format":"standard","meta":{"footnotes":""},"categories":[900,31,343],"tags":[291,286,579,212],"class_list":["post-524","post","type-post","status-publish","format-standard","hentry","category-datatek","category-politik","category-ryggen","tag-jympa","tag-marknaden","tag-slug","tag-vark"],"_links":{"self":[{"href":"https:\/\/blogg.ngn.nu\/index.php\/wp-json\/wp\/v2\/posts\/524","targetHints":{"allow":["GET"]}}],"collection":[{"href":"https:\/\/blogg.ngn.nu\/index.php\/wp-json\/wp\/v2\/posts"}],"about":[{"href":"https:\/\/blogg.ngn.nu\/index.php\/wp-json\/wp\/v2\/types\/post"}],"author":[{"embeddable":true,"href":"https:\/\/blogg.ngn.nu\/index.php\/wp-json\/wp\/v2\/users\/1"}],"replies":[{"embeddable":true,"href":"https:\/\/blogg.ngn.nu\/index.php\/wp-json\/wp\/v2\/comments?post=524"}],"version-history":[{"count":0,"href":"https:\/\/blogg.ngn.nu\/index.php\/wp-json\/wp\/v2\/posts\/524\/revisions"}],"wp:attachment":[{"href":"https:\/\/blogg.ngn.nu\/index.php\/wp-json\/wp\/v2\/media?parent=524"}],"wp:term":[{"taxonomy":"category","embeddable":true,"href":"https:\/\/blogg.ngn.nu\/index.php\/wp-json\/wp\/v2\/categories?post=524"},{"taxonomy":"post_tag","embeddable":true,"href":"https:\/\/blogg.ngn.nu\/index.php\/wp-json\/wp\/v2\/tags?post=524"}],"curies":[{"name":"wp","href":"https:\/\/api.w.org\/{rel}","templated":true}]}}