{"id":496,"date":"2009-01-15T20:12:55","date_gmt":"2009-01-15T19:12:55","guid":{"rendered":"http:\/\/blogg.ngn.nu\/index.php\/2009\/01\/15\/jobbarkompisartorsdag\/"},"modified":"2009-01-15T20:12:55","modified_gmt":"2009-01-15T19:12:55","slug":"jobbarkompisartorsdag","status":"publish","type":"post","link":"https:\/\/blogg.ngn.nu\/index.php\/2009\/01\/15\/jobbarkompisartorsdag\/","title":{"rendered":"JobbarKompisarTorsdag"},"content":{"rendered":"<p>s\u00f6mn ua. Kanske lite v\u00e4l sent i s\u00e4ng, som vanligt?<\/p>\n<p><strong> Politik<\/strong><br \/>\n<a onclick=\"expand(this.id+'_090115_200108', this);\" id=\"Politik\" style=\"background-color: #ffffcc; cursor: pointer\">[Visa mer&#8230;]<\/a><\/p>\n<div id=\"Politik_090115_200108\" style=\"border: 1px solid grey; display: none\">\n<p>Reagerade lite p\u00e5 det som stod i morgonblaskans (<font color=\"#990000\"><strong>ttela<\/strong><\/font>) ledare idag. Undertecknad; <strong>Karin Rebas<\/strong> (LNB).<br \/>\nHela Ledaren:<br \/>\n<a onclick=\"expand(this.id+'_090115_200127', this);\" id=\"Ledaren\" style=\"background-color: #ffffcc; cursor: pointer\">[Visa mer&#8230;]<\/a><\/p>\n<div id=\"Ledaren_090115_200127\" style=\"border: 1px solid grey; display: none\">\n<p><big><big><strong>Alltf\u00f6r sm\u00e5 svenska spargrisar<\/strong><\/big><\/big><br \/>\n<span style=\"font-weight: bold\">Borde bankerna bli mer gener\u00f6sa med att l\u00e5na utpengar? Borde regeringen ha is imagen och ignorera kraven fr\u00e5n bilindustrin?<\/span><\/p>\n<div style=\"text-align: right\">Torsdag<\/div>\n<hr style=\"width: 100%; height: 2px\" \/><span style=\"font-weight: bold; color: #333399\">ledaren<\/span><\/p>\n<p>Vid ett seminarium som tankesmedjan Timbro anordnade p\u00e5 onsdagen diskuterades en rad olika f\u00f6rslag p\u00e5 hur Sverige kan bli mer st\u00f6tt\u00e5ligt.<br \/>\nPanelen med Spendrups vd Jens Spendrup, riksdagsledamoten Annie Johansson (c) och nationalekonomen Dick Kling var \u00f6verens om mycket \u2014 fr\u00e4mst att det beh\u00f6vs fler f\u00f6retagare som kan st\u00f6tta upp ekonomin.<br \/>\nM\u00e5let borde vara ett samh\u00e4lle d\u00e4r alla som vill bli f\u00f6retagare f\u00e5r chansen och att arbetsgivarna b\u00f6rjar konkurrera om arbetskraften, f\u00f6rklarade Spendrup:<br \/>\n<span style=\"font-weight: bold\">&#8221;Jag skulle vilja ha en arbetsmarknad d\u00e4r vi f\u00f6retagare st\u00e5r med m\u00f6ssan i hand, inte tv\u00e4rtom.&#8221;<\/span><br \/>\nOnekligen beh\u00f6vs det f\u00f6retagsv\u00e4nliga reformer \u2014 exempelvis att trygghetssystemen blir mer f\u00f6retagsanpassade och att lagen om anst\u00e4llningsskydd (las) l\u00e4ttas upp, s\u00e5 att fler v\u00e5gar anst\u00e4lla. Men b\u00e4ttre villkor f\u00f6r n\u00e4ringslivet \u00e4r bara en del av vad som beh\u00f6vs f\u00f6r att f\u00f6rb\u00e4ttra Sveriges l\u00e4ge.<br \/>\nI den politiska, debatten hamnar fokus ofta p\u00e5 makroniv\u00e5n, p\u00e5 statliga insatser och f\u00f6retagen. Mikroniv\u00e5n \u00e4r minst lika viktig. Regeringen har ett stort ansvar att se till att enskilda f\u00e5r b\u00e4ttre m\u00f6jligheter att sj\u00e4lva klara av arbetsl\u00f6shet och ekonomiska p\u00e5frestningar.<br \/>\n<span style=\"font-weight: bold\">Till viss del handlar det om n\u00e5got s\u00e5 abstrakt som att uppmuntra en starkare k\u00e4nsla av personligt ansvarstagande. Det g\u00e4ller att byta ut den utbredda &#8221;n\u00e5n-annanismen&#8221; mot barnets devis &#8221;kan sj\u00e4lv&#8221;, sa Johansson.<\/span><br style=\"font-weight: bold\" \/>Samtidigt har politikerna en viktig uppgift i att uppmuntra enskilda att spara och skaffa sig en ekonomisk buffert.<br \/>\nSverige \u00e4r ett rikt land. Men n\u00e4r statistiken \u00f6ver f\u00f6rm\u00f6genheter sl\u00e5s ut visar det sig att en f\u00f6rbluffande stor andel av svenskarna har sm\u00e5 marginaler. Enligt Statistiska centralbyr\u00e5n har h\u00e4lften av svenskarna, bostadsv\u00e4rdet inr\u00e4knat, ett sparkapital p\u00e5 mindre \u00e4n 28000 kronor. M\u00e5nga \u00e4r h\u00f6gt skuldsatta \u2014 banken \u00e4ger huset eller l\u00e4genheten \u2014 och konsumerar upp l\u00f6nen varje m\u00e5nad.<br \/>\nVad bristen p\u00e5 en buffert leder till beskrevs f\u00f6r ett par \u00e5r sedan i ett reportage i Magasinet Neo. Svenskarna \u00e4r inte fattiga, men ofria. Ink\u00f6pen g\u00f6rs p\u00e5 l\u00f6nehelgen. Det \u00e4r d\u00e5 man h\u00e4mtar ut recept p\u00e5 Apoteket, det \u00e4r d\u00e5 man k\u00f6per juice till frukosten och fyller p\u00e5 med schampo och deodorant.<br \/>\n<span style=\"font-weight: bold\">Sett ur det h\u00e4r perspektivet \u00e4r alliansens jobbskatteavdrag en frihetsreform. F\u00f6r en person som tj\u00e4nar som det svenska genomsnittet, omkring 24000 kronor i m\u00e5naden, har avdraget under de senaste tv\u00e5 \u00e5ren sammanlagt inneburit omkring 25000 kronor extra i pl\u00e5nboken.<\/span><br style=\"font-weight: bold\" \/>Det \u00e4r ingen f\u00f6rm\u00f6genhet, men kan p\u00e5 sikt ge en pott med n\u00e5gra m\u00e5nadsl\u00f6ner. Om regeringen g\u00f6r ytterligare insatser i samma riktning kan f\u00f6rhoppningsvis fler samla p\u00e5 sig en rej\u00e4l buffert med &#8221;dra \u00e5thelvete\u2014pengar&#8221; s\u00e5 att man kan g\u00e5 ifr\u00e5n det d\u00e4r jobbet man v\u00e5ndas \u00f6ver eller chefen man avskyr utan att beh\u00f6va oroa sig f\u00f6r sin \u00f6verlevnad. Det skulle inte bara st\u00e4rka svenskarnas makt \u00f6ver det egna livet &#8211; utan ocks\u00e5 minska oron f\u00f6r kriser och l\u00e5gkonjunkturer.<br \/>\nKarin Rebas LNB<\/p>\n<\/div>\n<p><!-- Slut Ledaren --><\/p>\n<p>Och det som stod p\u00e5 IN- &amp; sid UTRIKES sidan 28. Rubriken:<br \/>\nInga satsningar inf\u00f6r 2010<br \/>\nHela artikeln:<br \/>\n<a onclick=\"expand(this.id+'_090115_200154', this);\" id=\"Artikel-sid-28\" style=\"background-color: #ffffcc; cursor: pointer\">[Visa mer&#8230;]<\/a><\/p>\n<div id=\"Artikel-sid-28_090115_200154\" style=\"border: 1px solid grey; display: none\">\n<p><span style=\"font-weight: bold; color: #333333\">STOCKHOLM<\/span><br \/>\n<span style=\"font-weight: bold\">Trots krisen vill regeringen inte ge n\u00e5gra l\u00f6ften om nya satsningar eller reformer n\u00e4sta \u00e5r.<\/span><br style=\"font-weight: bold\" \/><span style=\"font-weight: bold\">Oppositionen \u00e4r kritisk och KI vill se satsningar p\u00e5 ytterligare 50 miljarder kronor 2010.<\/span><\/p>\n<p>&#8211; Om man inte g\u00f6r det \u00e4r risken stor att kommunsektorn tvingas g\u00f6ra nedsk\u00e4rningar, s\u00e4ger Mats Dill\u00e9n, generaldirekt\u00f6r f\u00f6r statliga Konjunkturinstitutet (KI).<br \/>\n\u00c4ven SEB r\u00e4knar med att regeringen kommer att \u00f6ppna pl\u00e5nboken rej\u00e4lt n\u00e4sta \u00e5r. Mellan 40\u201445 miljarder kronor kr\u00e4vs f\u00f6r att elda p\u00e5 ekonomin, menar chefekonom Robert Bergqvist. Arbetsmarknaden \u00e4r nyckeln ur krisen. Och det mesta av krutet b\u00f6r l\u00e4ggas p\u00e5 \u00e5tg\u00e4rder som g\u00f6r att f\u00f6retag inte s\u00e4ger upp folk.<br \/>\n\u2014 Det \u00e4r n\u00f6dv\u00e4ndigt i de h\u00e4r tiderna att hush\u00e5llen har konsumtionsutrymme och k\u00e4nner en viss trygghet s\u00e5 att man inte sparar pengarna, s\u00e4ger SEB:s chefekonom Robert Bergqvist.<br \/>\n\u2014 Sedan tror jag ocks\u00e5 att infrastruktursatsningar inte \u00e4r s\u00e5 tokiga att genomf\u00f6ra. Det \u00e4r ofta s\u00e5dana investeringar som du f\u00f6rr eller senare \u00e4nd\u00e5 m\u00e5ste genomf\u00f6ra, s\u00e4ger Bergqvist.<br \/>\nHan f\u00e5r medh\u00e5ll av Svensk N\u00e4ringsliv:<br \/>\n\u2014 Det finns valdigt mycket v\u00e4g- och r\u00e4lsunderh\u00e5llning som man ganska snabbt kan satsa p\u00e5. Vi skulle vilja se l\u00e5ngsiktiga satsningar p\u00e5 infrastruktur och skattes\u00e4nkningar som g\u00f6r det mer l\u00f6nsamt att investera och anst\u00e4lla, s\u00e4ger Svensk N\u00e4ringslivs chefsekonom Stefan F\u00f6lster.<br \/>\nF\u00f6lster \u00e4r dock n\u00f6jd med att regeringen s\u00e4ger nej till kortsiktiga stimulanser som s\u00e4nkt moms eller ett extra barnbidrag.<br \/>\n\u2014 Forskningen visar att det inte fungerar. Det flyttar bara konsumtionen. N\u00e4r stimulansen \u00e4r \u00f6ver \u00e4r det fortfarande l\u00e5gkonjunktur, s\u00e4ger F\u00f6lster.<\/p>\n<p><span style=\"font-weight: bold\">Sahlin: Or\u00e4ttvist<\/span><br \/>\nDen ekonomiska krisen var ocks\u00e5 i fokus n\u00e4r \u00e5rets f\u00f6rsta partiledardebatt gick av stapeln p\u00e5 onsdagen. Oppositionen med s-ledaren Mona Sahlin i spetsen anklagade regeringen f\u00f6r passivitet och f\u00f6r att f\u00f6ra en or\u00e4ttvis politik.<br \/>\n\u2014 I tv\u00e5 \u00e5r har regeringen solat sig i h\u00f6gkonjunkturen, nu st\u00e5r den fet och g\u00f6mmer sig finanskrisen och l\u00e5gkonjunkturen. Ta ert ansvar, sade Sahlin.<br \/>\nMen statsminister Fredrik Reinfeldt ger inte mycket f\u00f6r alla de olika krispaket som oppositionen efterlyser.<br \/>\n&#8211; Det finns inga mirakelkurer, sade han och varnade f\u00f6r att paketen riskerar statsfinanserna. Kortvariga underskott som man vet fylls p\u00e5 kan man acceptera. Men med l\u00e5ngvariga underskott s\u00e5 knackar skatteh\u00f6jningarna p\u00e5 d\u00f6rren.<\/p>\n<p><span style=\"font-weight: bold\">Reinfeldt: Inget st\u00f6d<\/span><br \/>\nInf\u00f6r debatten hade ocks\u00e5 regeringens samordnare i V\u00e4stra G\u00f6taland f\u00f6reslagit ett permitteringsst\u00f6d till varslade, s\u00e5 att de kan beh\u00e5lla l\u00f6n och jobb under en utbildningsperiod. Men Reinfeldts\u00e4ger nej.<br \/>\n\u2014 Vi tittar inte p\u00e5 n\u00e5gra s\u00e5dana f\u00f6rslag, sade han efter debatten.<br \/>\n\u2014 Jag tycker att det \u00e4r m\u00e4rkligt att ett f\u00f6retag som AB Volvo, vars vinster varit p\u00e5 14, 15, 16 miljarder kronor \u00e5rligen, inte skulle ha n\u00e5gra resurser f\u00f6r att ta ansvar f\u00f6r sina anst\u00e4llda n\u00e4r det kommer till en kris. Varf\u00f6r ska vi ta resurser fr\u00e5n skola och sjukv\u00e5rd f\u00f6r att betala l\u00f6ner f\u00f6r ett s\u00e5dant vinstrikt f\u00f6retag? undrar han.<\/p>\n<hr style=\"width: 100%; height: 2px\" \/>\n<div style=\"text-align: right\">TT<\/div>\n<\/div>\n<p><!-- Slut Artikel-sid-28 --><\/p>\n<p><span style=\"text-decoration: underline\">Min reaktion<\/span>:<br \/>\n<a onclick=\"expand(this.id+'_090115_200153', this);\" id=\"Politik-Min-Reaktion\" style=\"background-color: #ffffcc; cursor: pointer\">[Visa mer&#8230;]<\/a><\/p>\n<div id=\"Politik-Min-Reaktion_090115_200153\" style=\"border: 1px solid grey; display: none\">\n<p>Ledaren:<br \/>\nL\u00e4ser man den d\u00e4r ledaren lite snabbt och slarvigt s\u00e5 verkar det ju inte s\u00e5 tokigt. Det vore v\u00e4l perfekt om arbetsgivare skulle f\u00e5 sloss om arbetarna och att arbetarna skulle ha en s\u00e5 tilltagen buffert s\u00e5 att de kunde s\u00e4ga till chefen att &#8221;dra \u00e5t helvete&#8221; och sedan g\u00e5 och anst\u00e4lla sig hos en annan arbetsgivare.<\/p>\n<p>Och att vi ska samla p\u00e5 oss en buffer som vi ska ha n\u00e4r det blir d\u00e5liga tider. Ja, det \u00e4r ju j\u00e4ttebra.<\/p>\n<p>Artikeln: Inga satsningar inf\u00f6r 2010<br \/>\nL\u00e5ter ju ocks\u00e5 v\u00e4ldigt klokt och vettigt.<\/p>\n<p>F\u00f6retagen ska ta sitt ansvar och spara av vinsterna f\u00f6r att klara de d\u00e5liga tiderna.<\/p>\n<p>Och SEB:s chefekonom Robert Bergqvist s\u00e4ger:<br \/>\n&#8221;Det \u00e4r n\u00f6dv\u00e4ndigt i de h\u00e4r tiderna att hush\u00e5llen har konsumtionsutrymme och k\u00e4nner en viss trygghet s\u00e5 att man inte sparar pengarna&#8221;<\/p>\n<p>S\u00e5 \u00e4r det ju, s\u00e4tt ig\u00e5ng och handla s\u00e5 det blir fart p\u00e5 marknadshjulen igen!<\/p>\n<p>Men v\u00e4nta lite nu? Vad l\u00e4ste vi i ledaren att n\u00e5gon Tankesmedja i Timbro hade kommit fram till?<br \/>\nJo; det verkar som om Anni Johansson (c) bl.a. tycker f\u00f6ljande:<br \/>\n&#8221;Samtidigt har politikerna en viktig uppgift i att uppmuntra enskilda att spara och skaffa sig en ekonomisk buffert.&#8221;<\/p>\n<p>Nu ska vi se? Den regering vi har verkar vilja att vi ska spara f\u00f6r att samla p\u00e5 oss en buffert s\u00e5 att vi kan l\u00e4gga ned b\u00e5de f\u00f6rs\u00e4kringskassa och arbetsf\u00f6rmedling (l\u00e4s mellan raderna) och samtidigt sak vi inte spara f\u00f6r att r\u00e4dda Sverige ur krisen. Det \u00e4r vi, arbetare (ja, &#8217;Ni&#8217;, d\u00e5 da) som ska konsumera s\u00e5 till den milda grad s\u00e5 att f\u00f6retagandet blir tryggt och fint s\u00e5 att de v\u00e5gar satsa igen.<\/p>\n<p>Det \u00e4r ju massor som \u00e4r mots\u00e4gelsefullt h\u00e4r.<\/p>\n<p>Och det skr\u00e4mmer mig att jag f\u00e5r r\u00e4tt i att det finns en dold, st\u00f6rre, agenda. Bort med f\u00f6rs\u00e4kringskassan och arbetsf\u00f6rmedlingen. Det ska vara upp till den enskilde att se till att tj\u00e4na s\u00e5 mycket penar att denne kan vara frist\u00e4lld, frivilligt eller ofrivilligt, sjuk som frisk.<\/p>\n<p>Men de som redan st\u00e5r utanf\u00f6r den m\u00f6jligheten?<\/p>\n<p>Hur \u00e4r det t\u00e4nkt?<\/p>\n<p>Jag kan inte tycka att f\u00f6rtroendet \u00f6kar f\u00f6r politiker som kl\u00e4cker ur sig att vi arbetare ska spara pengar och samla p\u00e5 oss en buffert s\u00e5 vi kan klara d\u00e5liga tider samtidigt som samma politiker \u00e5r efter \u00e5r slickat r\u00f6var p\u00e5 h\u00f6ga n\u00e4ringslivschefer som fullst\u00e4ndigt skiter i att ta sitt ansvar.<br \/>\nOch n\u00e4r det sedan v\u00e4l kommer till kritan s\u00e5 f\u00f6rd\u00f6mmer man. Av vilken anledning tuffade man inte till sig fr\u00e5n b\u00f6rjan?<\/p>\n<p>\u00c4ar de naiva? Eller \u00e4r det bara jag som begriper att de d\u00e4r storkoncernernas ledare inte nu \u00e4r eller kommer att bli personer som tigger om allmosor och m\u00e5ste v\u00e4nda sig till n\u00e5gon slags samh\u00e4llsst\u00f6d f\u00f6r att f\u00e5 mat och husrum.<\/p>\n<p>De d\u00e4r gubbarna och k\u00e4rringarna \u00e4r stenrika. Och de kommer att bli rikare.<\/p>\n<p>Och gissa vilka det \u00e4r som kommer att g\u00f6ra det m\u00f6jligt f\u00f6r dem att bli \u00e4nnu rikare? Just det, det \u00e4r vi det.<\/p>\n<\/div>\n<p><!-- Slut Politik-Min-Reaktion --><\/p>\n<\/div>\n<p><!-- Slut Politik --><\/p>\n<p><span style=\"font-weight: bold\">Jobblunch<\/span><br \/>\n<a onclick=\"expand(this.id+'_090115_200109', this);\" id=\"JobbLunch\" style=\"background-color: #ffffcc; cursor: pointer\">[Visa mer&#8230;]<\/a><\/p>\n<div id=\"JobbLunch_090115_200109\" style=\"display: none\">\n<p>Var till Trollh\u00e4ttan och \u00e5t lunch med mina arbetskamrater &#8217;de gamla&#8217;. Siv L var med. Det var mcket trevligt att f\u00e5 tr\u00e4ffas. Det var Siv och jag som b\u00f6rjade bygga upp nuvarande omsorgsf\u00f6rvaltningens datasystem, fr\u00e4mst avgiftssystemet, och senare journalsystemet, d\u00e5 Britt kom med, i Trollh\u00e4ttan Stad, med start ca 1994. Efter n\u00e5gra (m\u00e5nga) \u00e5r ersatte Marika, Siv. Siv skulle g\u00e5 i pension. Men jag tror det tog n\u00e4rmare 5 \u00e5r innan hon gick i &#8217;riktig&#8217; pension.<\/p>\n<\/div>\n<p><!-- Slut JobbLunch --><\/p>\n<p><span style=\"font-weight: bold\">Data<\/span>-Blogg-WordPress-PlugIn<br \/>\n<a onclick=\"expand(this.id+'_090115_200138', this);\" id=\"Data\" style=\"background-color: #ffffcc; cursor: pointer\">[Visa mer&#8230;]<\/a><\/p>\n<div id=\"Data_090115_200138\" style=\"display: none\">\n<p>Ska se om jag kan finna en s.k. PlugIn, till bloggen som kan fixa snygga diagram med linjer staplar och cirklar.<\/p>\n<p>T\u00e4nkte jag skulle anv\u00e4nda det till n\u00e5got s\u00e5 viktigt som mina kroppsv\u00e4rden.<\/p>\n<p>Det f\u00f6rsta relativt vettiga som dyker upp \u00e4r &#8217;GNUPlot&#8217; men det verkar som om man \u00e4r beroende av en extern serverfunktion och att den har vissa begr\u00e4nsningar. Men det g\u00e5r kanske att installera denna server-&#8217;GNUPlot&#8217; p\u00e5 &#8217;min&#8217; server?<\/p>\n<p>Men, det verkar vara sv\u00e5rt att hitta instruktioner om hur man egentligen ska ge v\u00e4rden till de d\u00e4r diagrammen. Vilka ser v\u00e4ldigt avancerade ut &#8211; d\u00e5 de bygger p\u00e5 mattematiska formler.<\/p>\n<p>Denna PlugIn h\u00e4mtar allts\u00e5 &#8217;data&#8217; inskriven enligt en speciell (men inte definierad(?)) syntax mellan tv\u00e5 &#8217;taggar&#8217;: [gplot] och [\/gplot]. Dessa data skickas sedan till en serverapplikation (GNUPlot) som enligt denna PlugIn finns p\u00e5: &#8217;clker.com&#8217;. Det skickas sedan tillbaka en bild eller ett &#8217;error&#8217; eftersom alla kommandon till GNUPlot inte \u00e4r till\u00e5tna. T.ex. de kommandon som inneb\u00e4r skrivning\/l\u00e4sning och att n\u00e5got ska s.k. exekveras (k\u00f6ras).<\/p>\n<p>Kolla om jag kan hitta n\u00e5gon manual \u00f6ver syntaxen&#8230;<\/p>\n<p>&#8230; hittade: &#8217;Google Chart API&#8217;, den har ju vettig dokumentation. ska se om den kan ge n\u00e5got? Det \u00e4r kanske enklare, f\u00f6r mig, om jag skriver en lokal applikation, i gambas, som hj\u00e4lper till att s\u00e4tta v\u00e4rden som sedan skickas till google enligt f\u00f6ljande format: <code>http:\/\/chart.apis.google.com\/chart?&lt;parameter 1&gt;&amp;&lt;parameter 2&gt;&amp;&lt;parameter n&gt;<\/code><br \/>\nEller inte&#8230;<\/p>\n<p>Kollar lite mer p\u00e5 aktuell PlugIn: &#8217;Tally Graph&#8217;. Jag installerar den och ger den ett f\u00f6rs\u00f6k. N\u00e4, just det&#8230; fel version, igen. Denna PlugIn &#8217;kr\u00e4ver&#8217; WP-version 2.5.1 eller h\u00f6gre och jag har fortfarande 2.3.3<\/p>\n<p>Finns n\u00e5gon annan?<\/p>\n<p>Hur kr\u00e5ngligt skulle det bli att fixa det via gambas?<\/p>\n<p>Den d\u00e4r &#8217;GNUPlot&#8217; funkar inte heller den &#8217;kr\u00e4ver&#8217; WP-version 2.5 eller h\u00f6gre.<\/p>\n<p>Kikar p\u00e5 &#8217;Simple Graph&#8217; ser lovande ut men den \u00e4r bara kompatibel upp till WP-version 2.3.1, va f-n!<\/p>\n<p>Jag forts\u00e4tter att kika p\u00e5 det h\u00e4r, en annan dag&#8230;<\/p>\n<\/div>\n<p><!-- Slut Data --><\/p>\n<p><span style=\"font-weight: bold\">Analysfr\u00e5ga<\/span><br \/>\n<a onclick=\"expand(this.id+'_090115_190158', this);\" id=\"Analys\" style=\"background-color: #ffffcc; cursor: pointer\">[Visa mer&#8230;]<\/a><\/p>\n<div id=\"Analys_090115_190158\" style=\"display: none\">\n<p>Nu har det bara en till som beh\u00f6ver svara p\u00e5 fr\u00e5gan uppe till h\u00f6ger. jag tycker n\u00e4mligen 100 \u00e4r ett statistiskt tillf\u00f6rlitligt antal att grunda utl\u00e5tande p\u00e5. N\u00f6jer sig SCB med 1000 s\u00e5 \u00e4r ju 100 f\u00f6r mycket mer representativt, eller hur?<\/p>\n<p>Vad ska jag fr\u00e5ga om i n\u00e4sta omg\u00e5ng? Vad vill jag ha analyserat? Vad tycker Ni som bes\u00f6ker den h\u00e4r bloggen och ger er tid att klicka p\u00e5 den d\u00e4r &#8217;R\u00f6sta&#8217;-rubriken?<\/p>\n<p>Alla dessa fr\u00e5gor&#8230;<\/p>\n<\/div>\n<p><!-- Slut Analys --><\/p>\n<p><strong>Mina Live-v\u00e4rden<\/strong><br \/>\n<a onclick=\"expand(this.id+'_090115_190116', this);\" id=\"Mina-Live\" style=\"background-color: #ffffcc; cursor: pointer\">[Visa mer&#8230;]<\/a><\/p>\n<div id=\"Mina-Live_090115_190116\" style=\"display: none\">\n<table border=\"1\" cellpadding=\"2\" cellspacing=\"2\">\n<tr>\n<td colspan=\"5\"><small><font face=\"sans-serif\">Morgon;<\/font><\/small><\/p>\n<\/td>\n<\/tr>\n<tr>\n<td><strong><small><font face=\"sans-serif\">Vad<\/font><\/small><\/strong><\/p>\n<\/td>\n<td align=\"right\"><small><font face=\"sans-serif\"><strong>V\u00e4rde<\/strong>:<\/font><\/small><\/p>\n<\/td>\n<td><strong><small><font face=\"sans-serif\">&#8217;storhet&#8217;<\/font><\/small><\/strong><\/p>\n<\/td>\n<td><strong><small><font face=\"sans-serif\">Trend<\/font><\/small><\/strong><\/p>\n<\/td>\n<td><strong><small><font face=\"sans-serif\">Not<\/font><\/small><\/strong><\/p>\n<\/td>\n<\/tr>\n<tr>\n<td><small><font face=\"sans-serif\">-Bltr*:<\/font><\/small><\/p>\n<\/td>\n<td align=\"right\"><small><font face=\"sans-serif\"><strong>XXX\/XXX<br \/>\n<\/strong><\/font><\/small><\/p>\n<\/td>\n<td><small><font face=\"sans-serif\">mmHg<\/font><\/small><\/p>\n<\/td>\n<td><\/td>\n<td><\/td>\n<\/tr>\n<tr>\n<td><small><font face=\"sans-serif\">-Puls*:<\/font><\/small><\/p>\n<\/td>\n<td align=\"right\"><small><font face=\"sans-serif\"><strong>XXX<br \/>\n<\/strong><\/font><\/small><\/p>\n<\/td>\n<td><small><font face=\"sans-serif\">s\/min<\/font><\/small><\/p>\n<\/td>\n<td><\/td>\n<td><\/td>\n<\/tr>\n<tr>\n<td><small><font face=\"sans-serif\">-Vikt:<\/font><\/small><\/p>\n<\/td>\n<td align=\"right\"><small><font face=\"sans-serif\"><strong>94,8<br \/>\n<\/strong><\/font><\/small><\/p>\n<\/td>\n<td><small><font face=\"sans-serif\">Kg<\/font><\/small><\/p>\n<\/td>\n<td><img loading=\"lazy\" decoding=\"async\" src=\"http:\/\/ngn.nu\/Bilder4\/090115_PilRightUppRed_h25w60.gif\" alt=\"[Bild: PilRightR\u00f6dUpp]\" height=\"12\" width=\"30\" \/><\/p>\n<\/td>\n<td><\/td>\n<\/tr>\n<tr>\n<td><small><font face=\"sans-serif\">-Midjem\u00e5tt**:<\/font><\/small><\/p>\n<\/td>\n<td align=\"right\"><small><font face=\"sans-serif\"><strong>106<br \/>\n<\/strong><\/font><\/small><\/p>\n<\/td>\n<td><small><font face=\"sans-serif\">cm<\/font><\/small><\/p>\n<\/td>\n<td><img loading=\"lazy\" decoding=\"async\" src=\"http:\/\/ngn.nu\/Bilder4\/090115_PilRightBlack_h25w60.gif\" alt=\"[Bild: PilRightSvart]\" height=\"12\" width=\"30\" \/><\/p>\n<\/td>\n<td><\/td>\n<\/tr>\n<tr>\n<td><small><font face=\"sans-serif\">-BMI***:<\/font><\/small><\/p>\n<\/td>\n<td align=\"right\"><small><font face=\"sans-serif\"><strong>29,6<br \/>\n<\/strong><\/font><\/small><\/p>\n<\/td>\n<td><\/td>\n<td><img loading=\"lazy\" decoding=\"async\" src=\"http:\/\/ngn.nu\/Bilder4\/090115_PilRightBlack_h25w60.gif\" alt=\"[Bild: PilRightSvart]\" height=\"12\" width=\"30\" \/><\/p>\n<\/td>\n<td><\/td>\n<\/tr>\n<tr>\n<td><small><font face=\"sans-serif\">-Andel-Fett:<\/font><\/small><\/p>\n<\/td>\n<td align=\"right\"><small><font face=\"sans-serif\"><strong>24,4<br \/>\n<\/strong><\/font><\/small><\/p>\n<\/td>\n<td><small><font face=\"sans-serif\">%<\/font><\/small><\/p>\n<\/td>\n<td><img loading=\"lazy\" decoding=\"async\" src=\"http:\/\/ngn.nu\/Bilder4\/090115_PilRightDownGreen_h25w60.gif\" alt=\"[Bild: PilRightDownGr\u00f6n]\" height=\"12\" width=\"30\" \/><\/p>\n<\/td>\n<td><\/td>\n<\/tr>\n<tr>\n<td><small><font face=\"sans-serif\">-Andel-Vatten:<\/font><\/small><\/p>\n<\/td>\n<td align=\"right\"><small><font face=\"sans-serif\"><strong>51,9<br \/>\n<\/strong><\/font><\/small><\/p>\n<\/td>\n<td><small><font face=\"sans-serif\">%<\/font><\/small><\/p>\n<\/td>\n<td><img loading=\"lazy\" decoding=\"async\" src=\"http:\/\/ngn.nu\/Bilder4\/090115_PilRightUppSvart_h25w60.gif\" alt=\"[Bild: PilRightSvartUpp]\" height=\"12\" width=\"30\" \/><\/p>\n<\/td>\n<td><\/td>\n<\/tr>\n<tr>\n<td colspan=\"5\"><small><font face=\"sans-serif\">* Endast m\u00e5ndagar<br \/>\n** M\u00e4tt p\u00e5 det tjockaste st\u00e4llet (\u00f6ver naveln och traktorringarna)<br \/>\n*** ((Kroppsvikt i Kg)\/(L\u00e4ngd i meter)<sup><sub>2<\/sub><\/sup><\/font><font face=\"sans-serif\">)=BMI<\/font><\/small><\/p>\n<\/td>\n<\/tr>\n<\/table>\n<\/div>\n<p><!-- Slut Mina-Live --><\/p>\n<p><span style=\"font-weight: bold\"><\/span><strong>H\u00e4lsol\u00e4get<\/strong><br \/>\n<u>Morgonen<\/u>: Tr\u00f6tt. Fortfarande problem med h\u00f6gersidan. Men jag &#8217;anstr\u00e4nger&#8217; mig att inte halta utan g\u00e5 lika p\u00e5 b\u00e4gge benen.<br \/>\n<u>Under dagen<\/u>: Blev tr\u00f6tt efter jobbtr\u00e4ffen. Missade ett lovat bes\u00f6k till far&#8230;<br \/>\n<u>Kv\u00e4llen<\/u>: Nu \u00e4r gasl\u00e4ckan i h\u00f6gvarv&#8230; v\u00e4rker i h\u00f6gerarmen&#8230; och i br\u00f6stryggen. Ska ta \u00e5 ringa v\u00e5rdcentralen i Gr\u00e4storp till morgonen och boka en l\u00e4kartid. Jag beh\u00f6ver ha en oberoende \u00f6versyn av min medicinering.<\/p>\n","protected":false},"excerpt":{"rendered":"<p>s\u00f6mn ua. Kanske lite v\u00e4l sent i s\u00e4ng, som vanligt? Politik [Visa mer&#8230;] Reagerade lite p\u00e5 det som stod i morgonblaskans (ttela) ledare idag. Undertecknad; Karin Rebas (LNB). Hela Ledaren: [Visa mer&#8230;] Alltf\u00f6r sm\u00e5 svenska spargrisar Borde bankerna bli mer &hellip; <a href=\"https:\/\/blogg.ngn.nu\/index.php\/2009\/01\/15\/jobbarkompisartorsdag\/\">Forts\u00e4tt l\u00e4sa <span class=\"meta-nav\">&rarr;<\/span><\/a><\/p>\n","protected":false},"author":1,"featured_media":0,"comment_status":"open","ping_status":"closed","sticky":false,"template":"","format":"standard","meta":{"footnotes":""},"categories":[899,31,343,219],"tags":[373,286,212,298],"class_list":["post-496","post","type-post","status-publish","format-standard","hentry","category-bloggutv","category-politik","category-ryggen","category-trott","tag-gambas","tag-marknaden","tag-vark","tag-wordpress"],"_links":{"self":[{"href":"https:\/\/blogg.ngn.nu\/index.php\/wp-json\/wp\/v2\/posts\/496","targetHints":{"allow":["GET"]}}],"collection":[{"href":"https:\/\/blogg.ngn.nu\/index.php\/wp-json\/wp\/v2\/posts"}],"about":[{"href":"https:\/\/blogg.ngn.nu\/index.php\/wp-json\/wp\/v2\/types\/post"}],"author":[{"embeddable":true,"href":"https:\/\/blogg.ngn.nu\/index.php\/wp-json\/wp\/v2\/users\/1"}],"replies":[{"embeddable":true,"href":"https:\/\/blogg.ngn.nu\/index.php\/wp-json\/wp\/v2\/comments?post=496"}],"version-history":[{"count":0,"href":"https:\/\/blogg.ngn.nu\/index.php\/wp-json\/wp\/v2\/posts\/496\/revisions"}],"wp:attachment":[{"href":"https:\/\/blogg.ngn.nu\/index.php\/wp-json\/wp\/v2\/media?parent=496"}],"wp:term":[{"taxonomy":"category","embeddable":true,"href":"https:\/\/blogg.ngn.nu\/index.php\/wp-json\/wp\/v2\/categories?post=496"},{"taxonomy":"post_tag","embeddable":true,"href":"https:\/\/blogg.ngn.nu\/index.php\/wp-json\/wp\/v2\/tags?post=496"}],"curies":[{"name":"wp","href":"https:\/\/api.w.org\/{rel}","templated":true}]}}