{"id":489,"date":"2009-01-10T23:30:10","date_gmt":"2009-01-10T22:30:10","guid":{"rendered":"http:\/\/blogg.ngn.nu\/index.php\/2009\/01\/10\/lordagssnurr\/"},"modified":"2009-01-11T00:14:49","modified_gmt":"2009-01-10T23:14:49","slug":"lordagssnurr","status":"publish","type":"post","link":"https:\/\/blogg.ngn.nu\/index.php\/2009\/01\/10\/lordagssnurr\/","title":{"rendered":"L\u00f6rdagssnurr"},"content":{"rendered":"<p>s\u00f6mn ua, bara lite muskelvibrationer.<\/p>\n<p>Ett stort<\/p>\n<div style=\"text-align: center; font-weight: bold; font-size: 300%; margin-bottom: 0.2em\"><span style=\"color: #cc0000\">GRATTIS!<\/span><\/div>\n<p>till farbror Uno som fyller 80 idag.<\/p>\n<p><span style=\"font-weight: bold\">Data<\/span>-Ubuntu<br \/>\n<a onclick=\"expand(this.id+'_090111_000104', this);\" style=\"background-color: #ffffcc; cursor: pointer\" id=\"Data-Ubuntu\">[Visa mer&#8230;]<\/a><\/p>\n<div id=\"Data-Ubuntu_090111_000104\" style=\"display: none\">\n<p><span style=\"text-decoration: underline\">gftp<\/span><br \/>\nInstallerade den s.k. ftp-programvaran som jag blivit van vid. Den \u00e4r snabb och l\u00e4tthanterlig, tycker jag.<\/p>\n<\/div>\n<p><!-- Slut Data-Ubuntu --><span style=\"font-weight: bold\">Data<\/span>-Windows-Vista<br \/>\n<a onclick=\"expand(this.id+'_090111_000134', this);\" style=\"background-color: #ffffcc; cursor: pointer\" id=\"Data-MS-WIN-Vista\">[Visa mer&#8230;]<\/a><\/p>\n<div id=\"Data-MS-WIN-Vista_090111_000134\" style=\"display: none\">\n<p>Sonen kom hir med sin nya b\u00e4rbara dator. Vista hade lagt av totalt.<\/p>\n<p>Jag satte in mitt Ubuntu 8.10 LiveUSB.<\/p>\n<p>Inga problem att f\u00e5 ig\u00e5ng datorn. Satte in ytterligare ett USB-minne s\u00e5 vi kunde kopiera (r\u00e4dda) de filer han var noga med att f\u00e5 ha kvar.<\/p>\n<p>Att f\u00e5 Vista att &#8217;reparera sig&#8217; verkar vara k\u00f6rt.<\/p>\n<p>N\u00e5got skumt \u00e4r det Linux Ubuntu 8.10 rapporterar inte att det skulle vara n\u00e5gra fel p\u00e5 h\u00e5rddisken.<\/p>\n<p>Men datorns eget BIOS rapporterar fel p\u00e5 h\u00e5rddisktester (alla tre)<\/p>\n<p>Sonen har antagligen tr\u00f6ttnat p\u00e5 att v\u00e4nta p\u00e5 att Vistas &#8217;recovery&#8217; ska mala f\u00e4rdigt och s\u00e5 har han liksom bara st\u00e4ngt av.<\/p>\n<p>Inget bra, nu sitter jag h\u00e4r med en sprillans ny b\u00e4rbar dator med en pantad bootsektor och inga &#8217;\u00e4kta&#8217; MS WIN Vista bootCD har jag.<\/p>\n<p>Har hittat en bootCD, p\u00e5 n\u00e4tet. &#8217;Hirens BootCD&#8217; den inneh\u00e5ller en massa sm\u00e5tt och gott f\u00e5r f\u00f6rs\u00f6ka med den. De jag lyckats ladda ned har varit &#8217;felaktiga&#8217;?<\/p>\n<p>Kanske g\u00f6r jag ett f\u00f6rs\u00f6k med gparted f\u00f6rst? Fr\u00e5n min LiveUSB med Ubuntu 8.10.<\/p>\n<p>Jag gjorde s\u00e5, nu har &#8217;huvudpartitionen&#8217; borta.<\/p>\n<p>S\u00e5 nu ska jag f\u00f6rs\u00f6ka boota upp via en s.k. recoveryCD som anv\u00e4nder den del p\u00e5 h\u00e5rddisken som inneh\u00e5ller installationen f\u00f6r MS WIN Vista, hoppas jag&#8230;<\/p>\n<p>S\u00e5g bra ut, kom in i Windows recovery, men &#8217;den&#8217; kunde inte formattera?<\/p>\n<p>S\u00e5 jag startar upp med Linux Ubuntu 8.10 LiveUSB och k\u00f6r gparted igen och skapar en partition med ntfs.<\/p>\n<p>S\u00e5 f\u00e5r vi se&#8230;<\/p>\n<p>&#8230; ser inte bra ut. Gparted rapporterar fel som tydligen bara kan fixas via &#8217;chkdsk \/f&#8217;. S\u00e5 nu \u00e5terst\u00e5r att se om jag kan hitta en v\u00e5g via Windows Recoveryl\u00e4ge, komma \u00e5t en s.k. kommandopromt och k\u00f6ra just &#8217;chkdsk \/f&#8217; p\u00e5 den del av h\u00e5rddisken som MS WIN Vista ska installeras p\u00e5.<\/p>\n<p>Det verkar helk\u00f6rt. Sonen f\u00e5r:<br \/>\n1) Ta datorn till f\u00f6rs\u00e4ljaren. Det \u00e4r m\u00f6jligt att det g\u00e5r att skr\u00e4mma liv iden med en &#8217;riktig&#8217; (\u00e4kta) MS WIN Visat DVD<br \/>\n2) En ny h\u00e5rddisk. Det \u00e4r en massa skadade sektorer p\u00e5 nuvarande.<\/p>\n<\/div>\n<p><!-- Slut Data-MS-WIN-Vista --><span style=\"font-weight: bold\">Till far<\/span><br \/>\nVi, jag, hustrun, sonen dotter och hennes sambo \u00e5kte och h\u00e4lsade p\u00e5 far. Han hade problem med en timer. Den var jordat och kontakten var ojordad.<\/p>\n<p>Lovade att jag skulle se igenom v\u00e5rt f\u00f6rr\u00e5d(?) av timers.<\/p>\n<p>Vi hade med oss fruktsallad och gr\u00e4dde. N\u00e4r far b\u00f6rjade lassa upp s\u00e5g han genast att d\u00e4r fanns det ju bananer. Det t\u00e5l inte far. Vilken miss. Det blev ett raskt bes\u00f6k till n\u00e4rmast kiosk och inhandla en glasspinne.<\/p>\n<p><strong>Mina Live-v\u00e4rden<\/strong><br \/>\n<a onclick=\"expand(this.id+'_090111_000121', this);\" style=\"background-color: #ffffcc; cursor: pointer\" id=\"Mina-Live\">[Visa mer&#8230;]<\/a><\/p>\n<div id=\"Mina-Live_090111_000121\" style=\"display: none\">\n<p>Morgon;<br \/>\n-Vikt: <span style=\"font-weight: bold\">95,4<\/span> kg<br \/>\n-Midjem\u00e5tt: <span style=\"font-weight: bold\">106<\/span><strong> <\/strong>cm<br \/>\n-BMI (95,4\/(1,79\/1,79)=): <strong>29,8<\/strong><br \/>\n-Andel-Fett: <strong>25,3<\/strong>%<br \/>\n-Andel-Vatten: <strong>51,3<\/strong>%<\/p>\n<\/div>\n<p><!-- Slut Mina-Live --><strong>H\u00e4lsol\u00e4get<\/strong><br \/>\n<u>Morgonen<\/u>: Ovanligt seg. Men det k\u00e4nns fortfarande bra att jag g\u00e5r upp och tar en morgondos vid ca 06:00 vilket g\u00f6r att det \u00e4r mycket trevligare att sedan ca 08:00 vakna upp och ta sig ur s\u00e4ngen.<br \/>\nKonstigt, egentligen, att jag inte upplever det som ett problem att g\u00e5 upp 06:00 j\u00e4mf\u00f6rt med 08:00?<br \/>\nEn f\u00f6rklaring kan ju vara att det antagligen \u00e4nd\u00e5 \u00e4r &#8217;tvunget&#8217; att g\u00e5 upp vid ca 06:00 och kissa och eftersom det, f\u00f6r mig, g\u00e5r n\u00e4st intill p\u00e5 automatik s\u00e5 utg\u00f6r inte en sv\u00e4ng om dosetten n\u00e5got st\u00f6rre besv\u00e4r.<br \/>\nDet mest naturliga vore ju annars att ha ett glas vatten och piller p\u00e5 s\u00e4ngbordet.<br \/>\n<u>Under dagen<\/u>: Kan inte gn\u00e4lla \u00f6ver n\u00e5gra st\u00f6rre besv\u00e4r. V\u00e4rker i h\u00f6gra halvan av kroppen n\u00e4r jag promenerar. men, va f-n, en \u00e4r ju van.<br \/>\n<u>Kv\u00e4llen<\/u>: Lite sm\u00e5v\u00e4rk i h\u00f6gerarmen. Annars har jag v\u00e4l varit mest l\u00f6msk \u00f6ver MS WIN Vistas seghet.<\/p>\n","protected":false},"excerpt":{"rendered":"<p>s\u00f6mn ua, bara lite muskelvibrationer. Ett stort GRATTIS! till farbror Uno som fyller 80 idag. Data-Ubuntu [Visa mer&#8230;] gftp Installerade den s.k. ftp-programvaran som jag blivit van vid. Den \u00e4r snabb och l\u00e4tthanterlig, tycker jag. Data-Windows-Vista [Visa mer&#8230;] Sonen kom &hellip; <a href=\"https:\/\/blogg.ngn.nu\/index.php\/2009\/01\/10\/lordagssnurr\/\">Forts\u00e4tt l\u00e4sa <span class=\"meta-nav\">&rarr;<\/span><\/a><\/p>\n","protected":false},"author":1,"featured_media":0,"comment_status":"open","ping_status":"closed","sticky":false,"template":"","format":"standard","meta":{"footnotes":""},"categories":[347,343,369],"tags":[314,212],"class_list":["post-489","post","type-post","status-publish","format-standard","hentry","category-bemarkelsedag","category-ryggen","category-ubuntu","tag-vista","tag-vark"],"_links":{"self":[{"href":"https:\/\/blogg.ngn.nu\/index.php\/wp-json\/wp\/v2\/posts\/489","targetHints":{"allow":["GET"]}}],"collection":[{"href":"https:\/\/blogg.ngn.nu\/index.php\/wp-json\/wp\/v2\/posts"}],"about":[{"href":"https:\/\/blogg.ngn.nu\/index.php\/wp-json\/wp\/v2\/types\/post"}],"author":[{"embeddable":true,"href":"https:\/\/blogg.ngn.nu\/index.php\/wp-json\/wp\/v2\/users\/1"}],"replies":[{"embeddable":true,"href":"https:\/\/blogg.ngn.nu\/index.php\/wp-json\/wp\/v2\/comments?post=489"}],"version-history":[{"count":0,"href":"https:\/\/blogg.ngn.nu\/index.php\/wp-json\/wp\/v2\/posts\/489\/revisions"}],"wp:attachment":[{"href":"https:\/\/blogg.ngn.nu\/index.php\/wp-json\/wp\/v2\/media?parent=489"}],"wp:term":[{"taxonomy":"category","embeddable":true,"href":"https:\/\/blogg.ngn.nu\/index.php\/wp-json\/wp\/v2\/categories?post=489"},{"taxonomy":"post_tag","embeddable":true,"href":"https:\/\/blogg.ngn.nu\/index.php\/wp-json\/wp\/v2\/tags?post=489"}],"curies":[{"name":"wp","href":"https:\/\/api.w.org\/{rel}","templated":true}]}}