{"id":443,"date":"2008-12-11T23:55:25","date_gmt":"2008-12-11T22:55:25","guid":{"rendered":"http:\/\/blogg.ngn.nu\/index.php\/2008\/12\/11\/en-vilotorsdag-som-gatt-i-datans-tecken\/"},"modified":"2008-12-14T20:07:44","modified_gmt":"2008-12-14T19:07:44","slug":"en-vilotorsdag-som-gatt-i-datans-tecken","status":"publish","type":"post","link":"https:\/\/blogg.ngn.nu\/index.php\/2008\/12\/11\/en-vilotorsdag-som-gatt-i-datans-tecken\/","title":{"rendered":"En viloTorsdag som g\u00e5tt i datans tecken"},"content":{"rendered":"<p>Jag m\u00e5ste g\u00e5 och l\u00e4gga mig. Detta skriver jag p\u00e5 min b\u00e4rbara PC. Den station\u00e4ra d\u00e4r jag har hela dagens inl\u00e4gg p\u00e5, h\u00e5ller f.n. p\u00e5 \u00e5 jobbar&#8230;<\/p>\n<p>Jag har satt ig\u00e5ng en ut\u00f6kning av det utrymme som Linux ska ha och det \u00e4r 2 tim och 15 min kvar&#8230;<\/p>\n<p>&#8230;\u00e5terkommer till morgonen.<\/p>\n<p>Gonatt!<br \/>\nOch h\u00e4r kommer d\u00e5 torsdagens &#8217;riktiga&#8217; inl\u00e4gg:<\/p>\n<hr \/>\n<p>s\u00f6mn ua.<\/p>\n<p><strong>Reflektioner<\/strong><br \/>\nL\u00e4st dagens morgonblaska (<font color=\"#cc0000\"><strong>ttela<\/strong><\/font>).<br \/>\nEn <u>debattartikel<\/u> av (s, f &amp; c), <small>(VGregionen har den majoritetssammans\u00e4ttningen), <big>svarar p\u00e5 att (kd &amp; kd) raljerat \u00f6ver NU-sjukv\u00e5rdens information till inv\u00e5narna. <small>(Hittar inte den texten?)<\/small><\/big><\/small><big><br \/>\n<\/big><a onclick=\"expand(this.id+'_081212_091214', this);\" style=\"background-color: #ffffcc; cursor: pointer\" id=\"Debatt\">[Visa mer&#8230;]<\/a><\/p>\n<div id=\"Debatt_081212_091214\" style=\"display: none\">\n<p>Och dagens debattartikel handlar d\u00e5 om &#8217;pajkastning&#8217; p\u00e5 kd&amp;kd samt framh\u00e4ver att &#8221;<strong>Information om v\u00e5rden \u00e4r viktig!<\/strong>&#8221;<\/p>\n<p>De avslutar med meningen:<br \/>\n&#8221;Vi tror p\u00e5 b\u00e5de N\u00c4L och Uddevalla sjukhus och vill utveckla v\u00e5rden s\u00e5 att man kan r\u00e4kna med att f\u00e5 god och s\u00e4ker v\u00e5rd.&#8221;<\/p>\n<p>Jag har en kommentar till det d\u00e4r sista:<br \/>\n&#8221;Utveckla \u00e4r en sak, omvandla \u00e4r en helt annan.&#8221;<\/p>\n<p>Om politiken anser att de &#8217;utvecklar&#8217; s\u00e5 k\u00e4mpar personalen p\u00e5 avdelningarna med &#8217;omvandling&#8217;. Oavsett hur VGregionens politiker beslutar s\u00e5 m\u00e5ste personalen utf\u00f6ra sina arbetsuppgifter, efter r\u00e4tt s\u00e5 strikta ramar. Tanken \u00e4r att patienterna ska \u00f6verleva och helst l\u00e4mna sjukhusen i b\u00e4ttre skick \u00e4n n\u00e4r de kom.<\/p>\n<p>Att d\u00e5 som personal st\u00e4ndigt vara utsatt f\u00f6r politikers &#8217;utveckling&#8217;, utvecklar inte personalens kompetens eftersom den tiden &#8217;m\u00e5ste&#8217; l\u00e4ggas p\u00e5 det som m\u00e5ste uppfattas som &#8217;omvandling&#8217;.<\/p>\n<p>Utveckling fungerar b\u00e4st om det f\u00e5r komma fr\u00e5n professionen, v\u00e5rden sj\u00e4lvt.<\/p>\n<\/div>\n<p><!-- Slut Debatt --><\/p>\n<p><u>Ett g\u00e4ng ins\u00e4ndare<\/u>:<br \/>\n<strong>D\u00e5liga mattekunskaper och Saab \u2014 finns det ett samband?<\/strong><br \/>\n<a onclick=\"expand(this.id+'_081212_091202', this);\" style=\"background-color: #ffffcc; cursor: pointer\" id=\"Ins_01\">[Visa mer&#8230;]<\/a><\/p>\n<div id=\"Ins_01_081212_091202\" style=\"display: none\">\n<p>&#8221;Nu kommer nya larmrapporter om de d\u00e5liga kunskaperna i den svenska skolan. Den h\u00e4r g\u00e5ngen \u00e4r det matematikkunskaperna man m\u00e4tt, och Sverige ligger mycket l\u00e5ngt ner i listan \u00f6ver v\u00e4steuropeiska l\u00e4nder. \u00c4ven i andra naturvetenskaper ligger Sverige d\u00e5ligt till.<br \/>\nN\u00e4r man kopplar ihop detta med att Trollh\u00e4ttan f\u00f6r en tid sedan i en m\u00e4tning bland svenska kommuner ocks\u00e5 hamnade p\u00e5 en mycket d\u00e5lig plats, s\u00e5 kan man inte l\u00e5ta bli att fundera \u00f6ver om det finns n\u00e5got samband med Saabs problem. Inom bilindustrin m\u00e5ste ju kunskaper i matte och naturvetenskap ha en central roll.<br \/>\nV\u00e5r gamla svenska socialdemokrati och dess katastrofala skolpolitik kan visa sig sl\u00e5 som v\u00e4rst just mot r\u00f6da Trollh\u00e4ttan.<br \/>\nFUNDERSAM&#8221;<\/p>\n<\/div>\n<p><!-- Slut Ins_01 -->Min kommentar:<br \/>\nOm den tidigare politiken var en katastrof. Vad \u00e4r d\u00e5 den nuvarande? samt:<br \/>\n\u00c4r inte ins\u00e4ndarens &#8217;samband&#8217; lite v\u00e4l l\u00e5ngs\u00f6kt? Om den nu inte just avser det EKONOMISKA r\u00e4knandet. Och den f\u00f6retagsekonomin \u00e4r v\u00e4l knappast r\u00f6dm\u00e4rkt.<\/p>\n<p><strong>Mona, Maria och Lars \u00e4r ett alternativ i s\u00e5poperastil<\/strong><br \/>\n<a onclick=\"expand(this.id+'_081212_091250', this);\" style=\"background-color: #ffffcc; cursor: pointer\" id=\"Ins_02\">[Visa mer&#8230;]<\/a><\/p>\n<div id=\"Ins_02_081212_091250\" style=\"display: none\">\n<p>&#8221;Det finns nu ett fullst\u00e4ndigt glasklart regeringsalternativ efter valet 2010.<br \/>\nMona Sahlin tar statsministerposten men m\u00e5ste nog fr\u00e5ga hemma f\u00f6rst.<br \/>\nPeter Eriksson blir milj\u00f6minister och st\u00e4nger omedelbart minst ett k\u00e4rnkraftverk och Sveriges industrier blir utan energif\u00f6rs\u00f6rjning och tvingas s\u00e4ga upp personalen.<br \/>\nNyblivne arbetsmarknadsministern Lars Ohly lovar d\u00e5 likt pojken med guldbyxorna att skapa 300 000 nya jobb i offentlig sektor, oklart dock med vilka pengar.<br \/>\nDen nya utbildningsministern, Rossana Dinamarca, avskaffar omg\u00e5ende betygen, f\u00f6rbjuder l\u00e4xor och st\u00e4nger Sveriges alla skolor som inte drivs i kommunal regi.<br \/>\nEftersom staten \u00e4r s\u00e4rskilt l\u00e4mpad att utveckla nya br\u00e4nslesn\u00e5la bilmodeller k\u00f6per finansminister Thomas \u00d6stros tv\u00e5 bilfabriker f\u00f6r pension\u00e4rernas pengar.<br \/>\nMaria Wetterstrand, EU-minister, nyligen positivt EU-omv\u00e4nd, f\u00e5r dock inte sitt parti och v\u00e4nsterpartiet med sig och tvingas st\u00e4lla krav p\u00e5 uttr\u00e4de ur EU.<br \/>\nForts\u00e4ttning f\u00f6ljer i dokus\u00e5pan Mona, Maria och Lars.<br \/>\nMICHAEL MEIJER (M)&#8221;<\/p>\n<\/div>\n<p><!-- Slut Ins_02 -->Min kommentar (till den faktiskt n\u00e5got fyndiga texten.):<br \/>\n(M) Ska nog ligga l\u00e5gt med att raljera \u00f6ver andras eventuella &#8217;dokus\u00e5por&#8217;. De verkar ha nog med sina egna.<\/p>\n<p><strong>Har vi verkligen yttrandefrihet i Sverige?<\/strong><br \/>\n<a onclick=\"expand(this.id+'_081212_091252', this);\" style=\"background-color: #ffffcc; cursor: pointer\" id=\"Ins_03\">[Visa mer&#8230;]<\/a><\/p>\n<div id=\"Ins_03_081212_091252\" style=\"display: none\">\n<p><small><em>(&#8217;Lex Orwell&#8217; \u00e4r en flitig ins\u00e4ndarskribent i ttela och kritserar allt som skiftar \u00e5r r\u00f6tt och gr\u00f6nt.)<\/em><\/small><br \/>\n&#8221;Lex Orwell tar upp en angel\u00e4gen fr\u00e5ga: F\u00e5r \u00e4ven extrema \u00e5sikter framf\u00f6ras offentligt?<br \/>\nLagen skyddar den som f\u00e5tt demonstrationstillst\u00e5nd, \u00e4ven om de \u00e5sikter som framf\u00f6rs \u00e4r odemokratiska och provocerande.<br \/>\nVissa v\u00e4nstergruppers motagerande \u00e4r d\u00e4remot olagligt.<br \/>\nV\u00e5ld \u00e4r helt oacceptabelt i en demokrati, vilket alla demokratiska partier inser.<br \/>\nBO L\u00d6F&#8221;<\/p>\n<\/div>\n<p><!-- Slut Ins_03 -->Min kommentar:<br \/>\nOch hur m\u00e5nga politiker \u00e4r det som pryglar sina n\u00e4rst\u00e5ende? En undran. De ska ju liksom f\u00f6retr\u00e4da b\u00e5de folket och demokratin.<\/p>\n<p><strong>Politik &#8211; och fordonsindustrin<\/strong><br \/>\nJag tycker Akademkierklubbens Ordf\u00f6rande H\u00e5kan Danielssons f\u00f6rslag om att sl\u00e5 ihop SAAB och Volvo \u00e4r lysande. (bl.a. sid 19 <font color=\"#cc0000\"><strong>ttela<\/strong><\/font> 081211)<br \/>\nKan d\u00e5 kanske &#8217;staten&#8217; g\u00e5 in med l\u00e5n och bindande avtal om att investeringar inte f\u00e5r &#8217;f\u00f6rsvinna&#8217; samt att de bilar som byggs ska uppfylla behovet av en folkbil som med r\u00e5ge blir milj\u00f6v\u00e4nlig?<\/p>\n<p><strong>Teknik<\/strong>&#8211; e-post till SonyEricsson w200i<br \/>\nMed kontantkort fr\u00e5n tele2. G\u00e5r det?<br \/>\n<a onclick=\"expand(this.id+'_081212_091239', this);\" style=\"background-color: #ffffcc; cursor: pointer\" id=\"Teknik_ePost\">[Visa mer&#8230;]<\/a><\/p>\n<div id=\"Teknik_ePost_081212_091239\" style=\"display: none\">\n<p>Verkar kr\u00e5ngligt som f-n. Tydligen kan jag inte som kontantkortskund hos Tele2 ha ett e-postkonto kopplat till dem och d\u00e5 \u00e5terst\u00e5r min egen webbplats. Men jag blev som ett fr\u00e5getecken n\u00e4r jag kom till: Fyll i: APN (Access point name). Har inte en susning om vad det ska st\u00e5r d\u00e4r.<\/p>\n<p>Har skickat ett meddelande till supporten p\u00e5 Oderland och fr\u00e5gar om de vet. N\u00e4, de visste inte heller.<\/p>\n<p>Det fixade sig efter lite experimenterande. Jag fyllde i: &#8217;internet.tele2.se&#8217; som uppgift f\u00f6r &#8217;APN&#8217; och s\u00e5 \u00e4ndrade jag n\u00e5gra andra inst\u00e4llningar (vid: Verifiering: fanns alternativen: [] Ingen, [] PAP, [] CHAP, [] MS CHAP, [] MS CHAP V2. Jag markerade endast: [x] PAP) s\u00e5 nu funkar e-posten via mobilen.<\/p>\n<p>Jag anv\u00e4nder mobilens e-post f\u00f6r att skicka meddelanden till mig sj\u00e4lv. S\u00e5dant som jag vill komma ih\u00e5g. Skriver jag det p\u00e5 en lapp s\u00e5 gl\u00f6mmer jag lappen. Kortidsminnet \u00e4r definitivt en f\u00e4rskvara i det h\u00e4r huvudet.<\/p>\n<\/div>\n<p><!-- Slut Teknik_ePost --><\/p>\n<p><strong>Data<\/strong> &#8211; Linux Ubuntu 7.10 &#8211; VirtualBox<br \/>\nG\u00e5r det att f\u00e5 in MacOS i VirtualBox?<br \/>\n<a onclick=\"expand(this.id+'_081212_091220', this);\" style=\"background-color: #ffffcc; cursor: pointer\" id=\"Data_01\">[Visa mer&#8230;]<\/a><\/p>\n<div id=\"Data_01_081212_091220\" style=\"display: none\">\n<p>Nej. Men det g\u00e5r tydligen via &#8217;Mac-On-Linux&#8217;. Mer om det finns att l\u00e4sa p\u00e5: <a href=\"file:\/\/\/home\/nisse\/Dokument\/Blogg\/blogg.ngn.nu\/Mac-On-Linux\" target=\"_blank\">Mac-On-Linux Wiki<\/a>. Tydligen kr\u00e4vs det att man har en CD med MacOS 8.6-9.2.2 samt 10.0-10.4.<\/p>\n<p>H\u00e5ller p\u00e5 att ladda ned en skivavbild p\u00e5 MacOS 9.2, via torrent. Nu (17:27) \u00e4r det 184 MB av 412 nedladdat, det \u00e4r ca 2 timmar kvar&#8230; Kan ju vara intressant att testa. I linuxv\u00e4rlden \u00e4r faktiskt installationer l\u00e4tta att ta bort. man raderar installationskatalogen, i regel. Det finns inget &#8217;register&#8217; som i Windows som kan st\u00e4lla till det.<\/p>\n<\/div>\n<p><!-- Slut Data_01 --><\/p>\n<p><strong>Teknik<\/strong> &#8211; Data &#8211; LapTop<br \/>\nFinns det en s\u00e5 liten LapTop att den kan g\u00e5 ned i min sidofickor p\u00e5 mina byxor och som g\u00e5r p\u00e5 Linux?<br \/>\n<a onclick=\"expand(this.id+'_081212_091259', this);\" style=\"background-color: #ffffcc; cursor: pointer\" id=\"Teknik_02\">[Visa mer&#8230;]<\/a><\/p>\n<div id=\"Teknik_02_081212_091259\" style=\"display: none\">\n<p>Den minsta som fanns var (bxdxh): 205mm x 164mm + 21~35mm(?). Och mina sidofickor rymmer max: 160mm x 130mm x 25mm.<\/p>\n<p>S\u00e5, ska jag tvunget ha en lite dator med tangentbord s\u00e5 f\u00e4r det bli en av alla mobiltelefoner som har ett tangentbord.<\/p>\n<p>typ: NOKIA N810 INTERNET TABLET (3343+frakt),  NOKIA E71 STEEL (4368+frakt), BLACKBERRY 9000 BOLD (5995+frakt),NOKIA E90 (6994+frakt).<\/p>\n<p>S\u00e5, det verkar som att jag f\u00e5r forts\u00e4tta anv\u00e4nda min handdator med &#8217;sk\u00e4rmpenna&#8217; (digitalt tangentbord) .<\/p>\n<\/div>\n<p><!-- Slut Teknik_02 --><\/p>\n<p><strong>Data<\/strong>-Thunderbird<br \/>\nF\u00f6rs\u00f6ker hitta ett s\u00e4tt att f\u00f6rdr\u00f6ja iv\u00e4gskickandet av e-post.<br \/>\n<a onclick=\"expand(this.id+'_081212_091200', this);\" style=\"background-color: #ffffcc; cursor: pointer\" id=\"Data_02\">[Visa mer&#8230;]<\/a><\/p>\n<div id=\"Data_02_081212_091200\" style=\"display: none\">\n<p>Har installerat ett till\u00e4gg &#8221;Send Later 1.1.5&#8221; men jag kommer inte \u00e5t inst\u00e4llningarna?<br \/>\nHittade en Inst\u00e4llning under Verktyg -&gt; Till\u00e4gg -&gt; Send Later. D\u00e4r fanns en knapp: [Inst\u00e4llningar] med ett  v\u00e4rde som var satt till 60000ms jag \u00f6kade det till 600000ms.<\/p>\n<p>Skickade ett testmejl men det \u00e5kte iv\u00e4g direkt.<\/p>\n<p>S\u00e5, hur f-n f\u00e5r en den h\u00e4r applikationen att fatta att jag vill ha skrivna meddelande som jag klickar p\u00e5 skicka att hamna i &#8217;Ej skickade&#8221;?<br \/>\n&gt;&gt;&gt;: Nu hittade jag lite mer. N\u00e4r man &#8217;tar fram&#8217; att man ska skriva ett nytt meddelande s\u00e5 kan man h\u00e5lla ned tangenterna [Ctrl]+[Shift] och sedan [Enter]. D\u00e5 dyker det upp en ruta d\u00e4r man kan s\u00e4tta en tid n\u00e4r man vill ha meddelandet skickat.<\/p>\n<p>B\u00f6kigt! Jag vill ha en enda inst\u00e4llning, f\u00f6r alla meddelanden. De ska hamna i &#8221;Ej skickade&#8221; efter ca 5 minuter s\u00e5 skickas de iv\u00e4g. Det r\u00e4cker. Voff\u00f6r ska allt kr\u00e5nglas till?<\/p>\n<p>Dessutom s\u00e5 placerar den d\u00e4r &#8217;Send later&#8217;-funktionen meddelandena i &#8217;Utkast&#8217;-mappen och det \u00e4r ju inte riktigt r\u00e4tt?<\/p>\n<p>F\u00e5r forska lite till.<\/p>\n<p>Testade att s\u00e4tta fram tiden 60sek. Inte f-n \u00e5ker det iv\u00e4g n\u00e5got meddelande.<\/p>\n<p>S\u00e5 nu blir det inaktivering.<\/p>\n<p>Och se! Nu hittade jag den &#8217;inbyggda funktionen som fungerar utan n\u00e5gra &#8217;till\u00e4gg&#8217;. N\u00e4r jag skrivit ett meddelande s\u00e5 h\u00e5ller jag ned tangenterna [Ctrl]+[Shift] och sedan [Enter] och d\u00e5 l\u00e4gger det sig i &#8221;Ej skickat&#8221;.<\/p>\n<p>D\u00e4r ligger det sedan tills jag sj\u00e4lv best\u00e4mmer n\u00e4r de ska g\u00e5 iv\u00e4g.<\/p>\n<p>Och h\u00f6gerklickar jag p\u00e5 den mappen s\u00e5 kan jag v\u00e4lja: &#8221;Skicka meddelanden som inte \u00e4r skickade.&#8221;<\/p>\n<p>Fast f\u00f6rsta g\u00e5ngen funkade det inte. I mitt s\u00f6kande att f\u00e5 till\u00e4gget &#8221;Send later&#8221; att funka hade jag \u00e4ndrat en parameter: Redigera -&gt; Inst\u00e4llningar -&gt; Avancerat -&gt; [Konfigurationsredigerare&#8230;]. D\u00e4r hade jag \u00e4ndrat v\u00e4rdet: &#8221;<font face=\"Courier New, Courier, monospace\">mailbox:\/\/nobody@Local%20Folders\/Unsent%20Messages<\/font>&#8221; till &#8221;<font face=\"Courier New, Courier, monospace\">mailbox:\/\/nobody@Lokala%20mappar\/Ej%20skickat<\/font>&#8221; f\u00f6r &#8217;Inst\u00e4llningsnamnet&#8217;: &#8217;mail.default_sendlater_uri&#8217;. N\u00e4r jag \u00e4ndrade tillbaka det (man h\u00f6gerklickar p\u00e5 raden och v\u00e4ljer: &#8217;\u00c5terst\u00e4ll&#8217;.) s\u00e5 fungerade det som jag ville.<\/p>\n<p>Nu g\u00e4ller det att h\u00e5lla reda p\u00e5: [Ctrl]+[Shift] och sedan [Enter].<\/p>\n<\/div>\n<p><!-- Slut Data_02 --><\/p>\n<p><strong>L\u00e4kemedel<\/strong><br \/>\nMaxdos f\u00f6r Alvedon?<br \/>\n<a onclick=\"expand(this.id+'_081212_091203', this);\" style=\"background-color: #ffffcc; cursor: pointer\" id=\"Meduciner\">[Visa mer&#8230;]<\/a><\/p>\n<div id=\"Meduciner_081212_091203\" style=\"display: none\">\n<p>F\u00f6r T Alvedon\u00ae forte 1g g\u00e4ller max 4g. Och det \u00e4r vad jag tar nu. S\u00e5 den f\u00e5r tas bort ut vid behovsasken. F\u00e5r nog se till att f\u00e5p mig ett samtal med doktorn &#8211; starkare mediciner&#8230;<\/p>\n<\/div>\n<p><!-- Slut Meduciner --><\/p>\n<p><strong>Data<\/strong>-Linux-Ubunt<br \/>\nHur ut\u00f6kar man tilldelat h\u00e5rddiskutrymme?<br \/>\nDet tog &#8217;pl\u00f6tsligt slut&#8217;, f\u00f6r mig?<br \/>\n<a onclick=\"expand(this.id+'_081212_091236', this);\" style=\"background-color: #ffffcc; cursor: pointer\" id=\"Data_03\">[Visa mer&#8230;]<\/a><\/p>\n<div id=\"Data_03_081212_091236\" style=\"display: none\">\n<p>Tydligen ska f\u00f6ljande kommando i terminalen installera ett verktyg liknande Partition Magic f\u00f6r Windows:<\/p>\n<pre style=\"border: 1px inset ; margin: 0px; padding: 6px; background: white none repeat scroll 0% 50%; overflow: auto; -moz-background-clip: -moz-initial; -moz-background-origin: -moz-initial; -moz-background-inline-policy: -moz-initial; width: 440px; height: 15px; text-align: left\" dir=\"ltr\">sudo apt-get install gparted ntfsprogs<\/pre>\n<p>B\u00e4st att l\u00e4sa p\u00e5 lite mer&#8230;<br \/>\nHemsida: <a href=\"http:\/\/gparted.sourceforge.net\/\" target=\"_blank\">gparted<\/a>.<br \/>\n&#8217;ntfsprogs&#8217; \u00e4r tydligen redan installerat?<\/p>\n<pre style=\"border: 1px inset ; margin: 0px; padding: 6px; background: white none repeat scroll 0% 50%; overflow: auto; -moz-background-clip: -moz-initial; -moz-background-origin: -moz-initial; -moz-background-inline-policy: -moz-initial; width: 440px; text-align: left; height: 162px\" dir=\"ltr\">ntfsfix - Fix common filesystem errors and force Windows to check NTFS.\r\nmkntfs - Format a partition with an NTFS filesystem, optionally bootable.\r\nntfsinfo - Show some information about an NTFS partition or one of the files or directories within it.\r\nntfslabel - Show, or set, an NTFS partition's volume label.\r\n<strong>ntfsresize - Resize an NTFS partition without losing data.<\/strong>\r\nntfsundelete - Recover deleted files from an NTFS partition.\r\nntfscluster - Locate the owner of any given sector or cluster on an NTFS partition.\r\nntfscat - Concatenate files and print them on the standard output (without mounting the partition).\r\nntfsls - List directory contents on an NTFS filesystem (without mounting).\r\nntfscp - Overwrite files on an NTFS partition.\r\nntfsclone - Efficiently clone an NTFS filesystem or a part of it.\r\nntfsmount - Mount an NTFS partition from user-space using libntfs and FUSE.\r\nntfsdecrypt - Decrypt NTFS encrypted files.\r\nntfscmp - Compare two NTFS volumes and tell the differences.<\/pre>\n<p>&#8217;ntfsresize&#8217; \u00e4r jag ute efter. Att minska partitionen f\u00f6r Windows Vista.<\/p>\n<p>Hela h\u00e5rddisken \u00e4r p\u00e5: ca 300 GB och jag fegade mig och avsatte bara 33,8 GB till Linux Ubuntu sedan har MS Wista sin recover-partition om 8 GB ocks\u00e5. Av de totalt 292 m\u00f6jliga GB \u00e4r nu 150 GB tillg\u00e4ngliga.<\/p>\n<p>Vi f\u00e5r se om jag f\u00e5r till det.<\/p>\n<p>Nu g\u00e4ller det bara att klura ut hur man ska skriva f\u00f6r att g\u00f6ra Vistas ntfs-partition mindre, fr\u00e5n 152 till 100? G\u00e5r det?<\/p>\n<p>&#8217;ntfsresize&#8217;, var det? L\u00e4nk: <a href=\"http:\/\/manpages.ubuntu.com\/manpages\/hardy\/man8\/ntfsresize.html\" target=\"_blank\">ntfsresize<\/a>.<br \/>\nEnheten ska vara omonterad.<br \/>\nMan ska tydligen \u00e4ndra storleken p\u00e5 b\u00e5de filsystemem och partitionen. &#8217;ntfsresize&#8217; \u00e4ndrar inte storleken p\u00e5 partitionen. Till det kan man tydligen anv\u00e4nda t.ex. fdisk(8). L\u00e4nk: <a href=\"http:\/\/manpages.ubuntu.com\/manpages\/gutsy\/man8\/fdisk.html\" target=\"_blank\">fdisk(8)<\/a> eller Ubuntus partman.<\/p>\n<p>Installerade &#8217;parted&#8217; kan \u00e4ndra storlek p\u00e5 linuxpartitioner men inte ntfs.<\/p>\n<p>K\u00f6r en backup p\u00e5 &#8217;<font face=\"Courier New, Courier, monospace\">\/media\/sda2\/Users\/Nisse\/Documents<\/font>&#8217; till &#8217;<font face=\"Courier New, Courier, monospace\">\/media\/Caviar\/fr_Vista_Documents<\/font>&#8217; (en extern h\u00e5rddisk)<\/p>\n<p>&#8217;fdisk&#8217; m\u00e5ste tydligen h\u00e4mtas n\u00e5gon stans och installeras. Den fanns inte i synaptic. Eller? Den finns tydligen i tv\u00e5 varianter; &#8217;gfdisk&#8217; och &#8217;lfdisk&#8217;.<\/p>\n<p>Det verkar som om det \u00e4r &#8217;gfdisk&#8217; (gnu-fdisk) jag ska anv\u00e4nda, den kan \u00e4ndra storleken p\u00e5 partitioner. Hittade den p\u00e5 synaptic och har markerat det f\u00f6r installation. V\u00e4ntar p\u00e5 att backupen ska g\u00e5 klart.<\/p>\n<p>Illa att det inte ges ett enda exempel p\u00e5 hur man ska skriva? Men det verkar vara ett grafisk gr\u00e4nssnitt s\u00e5 det l\u00f6ser sig kanske?<\/p>\n<p>Pr\u00f6var med:<\/p>\n<pre style=\"border: 1px inset ; margin: 0px; padding: 6px; background: white none repeat scroll 0% 50%; overflow: auto; -moz-background-clip: -moz-initial; -moz-background-origin: -moz-initial; -moz-background-inline-policy: -moz-initial; width: 440px; height: 15px; text-align: left\" dir=\"ltr\">sudo umont \/media\/sda2<\/pre>\n<p>Sedan, f\u00f6r att f\u00f6rhoppningsvis f\u00e5 reda p\u00e5 hur mycket man kan krympa filsystemet.<\/p>\n<pre style=\"border: 1px inset ; margin: 0px; padding: 6px; background: white none repeat scroll 0% 50%; overflow: auto; -moz-background-clip: -moz-initial; -moz-background-origin: -moz-initial; -moz-background-inline-policy: -moz-initial; width: 440px; height: 15px; text-align: left\" dir=\"ltr\">sudo ntfsresize -i, --info \/media\/sda2<\/pre>\n<p>&#8217;invalid option &#8212; ,&#8217;?. Pr\u00f6var med:<\/p>\n<pre style=\"border: 1px inset ; margin: 0px; padding: 6px; background: white none repeat scroll 0% 50%; overflow: auto; -moz-background-clip: -moz-initial; -moz-background-origin: -moz-initial; -moz-background-inline-policy: -moz-initial; width: 440px; height: 15px; text-align: left\" dir=\"ltr\">sudo ntfsresize -i, \/media\/sda2<\/pre>\n<p>&#8217;invalid option &#8212; ,&#8217;? Pr\u00f6var med:<\/p>\n<pre style=\"border: 1px inset ; margin: 0px; padding: 6px; background: white none repeat scroll 0% 50%; overflow: auto; -moz-background-clip: -moz-initial; -moz-background-origin: -moz-initial; -moz-background-inline-policy: -moz-initial; width: 440px; height: 15px; text-align: left\" dir=\"ltr\">sudo ntfsresize -i --info \/media\/sda2<\/pre>\n<p>&#8217;ERROR(21): Opening &#8217;\/media\/sda2&#8242; as NTFS failed: \u00c4r en katalog&#8217;? Men va f-n?<br \/>\nD\u00e5 pr\u00f6var vi med:<\/p>\n<pre style=\"border: 1px inset ; margin: 0px; padding: 6px; background: white none repeat scroll 0% 50%; overflow: auto; -moz-background-clip: -moz-initial; -moz-background-origin: -moz-initial; -moz-background-inline-policy: -moz-initial; width: 440px; height: 15px; text-align: left\" dir=\"ltr\">sudo mount \/media\/sda2<\/pre>\n<p>och sedan:<\/p>\n<pre style=\"border: 1px inset ; margin: 0px; padding: 6px; background: white none repeat scroll 0% 50%; overflow: auto; -moz-background-clip: -moz-initial; -moz-background-origin: -moz-initial; -moz-background-inline-policy: -moz-initial; width: 440px; height: 15px; text-align: left\" dir=\"ltr\">sudo ntfsresize -i --info \/media\/sda2<\/pre>\n<p>Samma: &#8217;ERROR(21): Opening &#8217;\/media\/sda2&#8242; as NTFS failed: \u00c4r en katalog&#8217;?<br \/>\nPr\u00f6var en annan v\u00e4g:<\/p>\n<pre style=\"border: 1px inset ; margin: 0px; padding: 6px; background: white none repeat scroll 0% 50%; overflow: auto; -moz-background-clip: -moz-initial; -moz-background-origin: -moz-initial; -moz-background-inline-policy: -moz-initial; width: 440px; height: 15px; text-align: left\" dir=\"ltr\">sudo umount \/media\/sda2<\/pre>\n<p>Och sedan:<\/p>\n<pre style=\"border: 1px inset ; margin: 0px; padding: 6px; background: white none repeat scroll 0% 50%; overflow: auto; -moz-background-clip: -moz-initial; -moz-background-origin: -moz-initial; -moz-background-inline-policy: -moz-initial; width: 440px; height: 15px; text-align: left\" dir=\"ltr\">sudo ntfsresize -i --info \/dev\/disk\/by-label\/HDD<\/pre>\n<p>D\u00e5 fick jag f\u00f6ljande resultat:<\/p>\n<pre style=\"border: 1px inset ; margin: 0px; padding: 6px; background: white none repeat scroll 0% 50%; overflow: auto; -moz-background-clip: -moz-initial; -moz-background-origin: -moz-initial; -moz-background-inline-policy: -moz-initial; width: 440px; text-align: left; height: 117px\" dir=\"ltr\">ntfsresize v1.13.1 (libntfs 9:0:0)\r\nDevice name        : \/dev\/disk\/by-label\/HDD\r\nNTFS volume version: 3.1\r\nCluster size       : 4096 bytes\r\nCurrent volume size: 268584460800 bytes (268585 MB)\r\nCurrent device size: 268584465920 bytes (268585 MB)\r\nChecking filesystem consistency ...\r\n100.00 percent completed\r\nAccounting clusters ...\r\nSpace in use       : 122282 MB (45,5%)\r\nCollecting resizing constraints ...\r\nYou might resize at 122281238528 bytes or 122282 MB (freeing 146303 MB).\r\nPlease make a test run using both the -n and -s options before real resizing!<\/pre>\n<p>(&#8217;&#8211;info&#8217; \u00e4r tydligen on\u00f6dig)<br \/>\nAktuell storlek (ca): 269 GB<br \/>\nAnv\u00e4nt utrymme (ca): 122 GB<br \/>\nOch jag kan tydligen frig\u00f6ra (ca) 146 GB.<br \/>\nMen nu hade jag best\u00e4mt mig f\u00f6r att frig\u00f6ra 100 GB.<br \/>\nJag ska allts\u00e5 \u00e4ndra det fr\u00e5n 269 GB till 169 GB<br \/>\nS\u00e5?<\/p>\n<p>En &#8217;<em>test run using both the -n and -s options before real rezising!<\/em>&#8221;. Hur g\u00f6r jag det d\u00e5? Pr\u00f6var; sp\u00e4nnande&#8230;<\/p>\n<pre style=\"border: 1px inset ; margin: 0px; padding: 6px; background: white none repeat scroll 0% 50%; overflow: auto; -moz-background-clip: -moz-initial; -moz-background-origin: -moz-initial; -moz-background-inline-policy: -moz-initial; width: 440px; height: 15px; text-align: left\" dir=\"ltr\">sudo ntfsresize -n -s 169G \/dev\/disk\/by-label\/HDD<\/pre>\n<p>Fick f\u00f6ljande output:<\/p>\n<pre style=\"border: 1px inset ; margin: 0px; padding: 6px; background: white none repeat scroll 0% 50%; overflow: auto; -moz-background-clip: -moz-initial; -moz-background-origin: -moz-initial; -moz-background-inline-policy: -moz-initial; width: 440px; text-align: left; height: 149px\" dir=\"ltr\">ntfsresize v1.13.1 (libntfs 9:0:0)\r\nDevice name        : \/dev\/disk\/by-label\/HDD\r\nNTFS volume version: 3.1\r\nCluster size       : 4096 bytes\r\nCurrent volume size: 268584460800 bytes (268585 MB)\r\nCurrent device size: 268584465920 bytes (268585 MB)\r\nNew volume size    : 168999993856 bytes (169000 MB)\r\nChecking filesystem consistency ...\r\n100.00 percent completed\r\nAccounting clusters ...\r\nSpace in use       : 122282 MB (45,5%)\r\nCollecting resizing constraints ...\r\nNeeded relocations : 5576947 (22844 MB)\r\nSchedule chkdsk for NTFS consistency check at Windows boot time ...\r\nResetting $LogFile ... (this might take a while)\r\nRelocating needed data ...\r\n100.00 percent completed\r\nUpdating $BadClust file ...\r\nUpdating $Bitmap file ...\r\nUpdating Boot record ...\r\nThe read-only test run ended successfully.\r\n'\/dev\/disk\/by-label\/HDD'<\/pre>\n<p>S\u00e5 &#8211; d\u00e5 k\u00f6r vi:<\/p>\n<pre style=\"border: 1px inset ; margin: 0px; padding: 6px; background: white none repeat scroll 0% 50%; overflow: auto; -moz-background-clip: -moz-initial; -moz-background-origin: -moz-initial; -moz-background-inline-policy: -moz-initial; width: 440px; height: 15px; text-align: left\" dir=\"ltr\">sudo ntfsresize -s 169G \/dev\/disk\/by-label\/HDD<\/pre>\n<p>Output: &#8230; vansinnigt sp\u00e4nnande&#8230;<\/p>\n<pre style=\"border: 1px inset ; margin: 0px; padding: 6px; background: white none repeat scroll 0% 50%; overflow: auto; -moz-background-clip: -moz-initial; -moz-background-origin: -moz-initial; -moz-background-inline-policy: -moz-initial; width: 440px; text-align: left; height: 156px\" dir=\"ltr\">ntfsresize v1.13.1 (libntfs 9:0:0)\r\nDevice name        : \/dev\/disk\/by-label\/HDD\r\nNTFS volume version: 3.1\r\nCluster size       : 4096 bytes\r\nCurrent volume size: 268584460800 bytes (268585 MB)\r\nCurrent device size: 268584465920 bytes (268585 MB)\r\nNew volume size    : 168999993856 bytes (169000 MB)\r\nChecking filesystem consistency ...\r\n100.00 percent completed\r\nAccounting clusters ...\r\nSpace in use       : 122282 MB (45,5%)\r\nCollecting resizing constraints ...\r\nNeeded relocations : 5576947 (22844 MB)\r\nWARNING: Every sanity check passed and only the dangerous operations left.\r\nMake sure that important data has been backed up! Power outage or computer\r\ncrash may result major data loss!\r\n<font color=\"#cc0000\">Are you sure you want to proceed (y\/[n])?<\/font> <font color=\"#006600\"><strong>y<\/strong><\/font>\r\nSchedule chkdsk for NTFS consistency check at Windows boot time ...\r\nResetting $LogFile ... (this might take a while)\r\nRelocating needed data ...\r\n100.00 percent completed\r\nUpdating $BadClust file ...\r\nUpdating $Bitmap file ...\r\nUpdating Boot record ...\r\nSyncing device ...\r\nSuccessfully resized NTFS on device '\/dev\/disk\/by-label\/HDD'.\r\nYou can go on to shrink the device for example with Linux fdisk.\r\nIMPORTANT: When recreating the partition, make sure that you\r\n  1)  create it at the same disk sector (use sector as the unit!)\r\n  2)  create it with the same partition type (usually 7, HPFS\/NTFS)\r\n  3)  do not make it smaller than the new NTFS filesystem size\r\n  4)  set the bootable flag for the partition if it existed before\r\nOtherwise you won't be able to access NTFS or can't boot from the disk!\r\nIf you make a mistake and don't have a partition table backup then you\r\ncan recover the partition table by TestDisk or Parted's rescue mode.\r\n'\/dev\/disk\/by-label\/HDD'<\/pre>\n<p>D\u00e5 \u00e4r filsystemets storlek klar.<br \/>\nJag har f\u00e4rgmarkerat en sp\u00e4nnande paus i det hela&#8230;<br \/>\nSista delen av meddelandet inneh\u00e5ller ju en hel del information som jag inte har en susning om hur jag ska anv\u00e4nda.<br \/>\nDet blir till att gissa.<br \/>\nJag f\u00f6rs\u00f6ker v\u00e4l med gfdisk&#8230;<br \/>\n1) Skapa ny partition till samma disksektor? Jag chansar p\u00e5 att det med det menas &#8217;<font face=\"Courier New, Courier, monospace\">\/dev\/disk\/by-label\/HDD<\/font>&#8217;, eller s\u00e5 avses att jag ska anv\u00e4nda parametern: &#8217;-u&#8217;.<br \/>\nAnnars betyder ju &#8217;sektorer&#8217; n\u00e5got helt annat i h\u00e5rddisksammanhang.<br \/>\n2) Skapa partitionen med samma partitionstyp (vanligtvis 7, HPFS\/NTFS)? F\u00e5r kolla vad som h\u00e4nder med parametern: &#8217;-t&#8217;.<br \/>\n3) G\u00f6r inte partitionen mindre \u00e4n den nya storleken p\u00e5 NTFS filsystemet. Jag lovar!<br \/>\n4) S\u00e4tt bootflaggan innan du g\u00f6r n\u00e5got annat. Jaha, hur d\u00e5? F\u00e5r kolla med:<\/p>\n<pre style=\"border: 1px inset ; margin: 0px; padding: 6px; background: white none repeat scroll 0% 50%; overflow: auto; -moz-background-clip: -moz-initial; -moz-background-origin: -moz-initial; -moz-background-inline-policy: -moz-initial; width: 440px; height: 15px; text-align: left\" dir=\"ltr\">sudo gfdisk -h<\/pre>\n<p>Output:<\/p>\n<pre style=\"border: 1px inset ; margin: 0px; padding: 6px; background: white none repeat scroll 0% 50%; overflow: auto; -moz-background-clip: -moz-initial; -moz-background-origin: -moz-initial; -moz-background-inline-policy: -moz-initial; width: 440px; text-align: left; height: 123px\" dir=\"ltr\">Usage: fdisk [OPTION]... [DEVICE]\r\n\r\nOPTIONs:\r\n  -h, --help                    displays this help message\r\n  -l, --list                    list partition table(s)\r\n  -r, --raw-print               show the raw data in the partition table(s)\r\n  -s, --size                    show partition size\r\n  -L, --linux-fdisk             enable Linux fdisk compatibility mode\r\n  -G, --gnu-fdisk               disable Linux fdisk compatibility mode\r\n  -i, --interactive             where necessary, prompts for user intervention\r\n  -p, --script                  never prompts for user intervention\r\n  -u, --sector-units            use sectors instead of cylinder as a default unit\r\n  -b, --sector-size             specify the sector size in bytes\r\n  -C, --cylinders               specify the number of cylinders, actually does nothing\r\n  -H, --heads                   in lfdisk, specify the number of heads of the disk\r\n  -S, --sectors                 in lfdisk, specify the number of sectors per track\r\n  -t, --list-partition-types    displays a list of supported partition types\r\n  -v, --version                 displays the version<\/pre>\n<p>Inget om &#8217;bootflagga&#8217; d\u00e4r? D\u00e5 kikar jag tillbaka p\u00e5 &#8217;ntfsresize&#8217;. Det st\u00e5r att det \u00e4r viktigt men inte hur man g\u00f6r?<\/p>\n<p>Medan jag l\u00e4ser och funderar s\u00e5 installerar jag &#8217;gparted&#8217; via synaptic.<\/p>\n<p>Hittar inget vettigt om bootflaggan s\u00e5 jag f\u00e5r v\u00e4l chansa&#8230;<br \/>\nPr\u00f6var med:<\/p>\n<pre style=\"border: 1px inset ; margin: 0px; padding: 6px; background: white none repeat scroll 0% 50%; overflow: auto; -moz-background-clip: -moz-initial; -moz-background-origin: -moz-initial; -moz-background-inline-policy: -moz-initial; width: 440px; height: 15px; text-align: left\" dir=\"ltr\">sudo gfdisk -l \/dev\/disk<\/pre>\n<p>Det sket sig&#8230; f\u00f6rs\u00f6ker med:<\/p>\n<pre style=\"border: 1px inset ; margin: 0px; padding: 6px; background: white none repeat scroll 0% 50%; overflow: auto; -moz-background-clip: -moz-initial; -moz-background-origin: -moz-initial; -moz-background-inline-policy: -moz-initial; width: 440px; height: 15px; text-align: left\" dir=\"ltr\">sudo gfdisk -l \/dev\/disk\/by-label\/HDD<\/pre>\n<p>Det sket sig ocks\u00e5&#8230; d\u00e5 pr\u00f6var jag med:<\/p>\n<pre style=\"border: 1px inset ; margin: 0px; padding: 6px; background: white none repeat scroll 0% 50%; overflow: auto; -moz-background-clip: -moz-initial; -moz-background-origin: -moz-initial; -moz-background-inline-policy: -moz-initial; width: 440px; height: 15px; text-align: left\" dir=\"ltr\">sudo gfdisk -l \/media\/sda2<\/pre>\n<p>Inte det heller&#8230; Det verkar ha g\u00e5tt \u00e5t h-e. Felet verkar ligga i valet av &#8217;s\u00f6kv\u00e4g&#8217;: &#8217;<font face=\"Courier New, Courier, monospace\">\/dev\/disk\/by-label\/HDD<\/font>&#8217;, n\u00e4r jag k\u00f6rde &#8217;ntfsrezise&#8217;.<br \/>\nChansade och k\u00f6rde:<\/p>\n<pre style=\"border: 1px inset ; margin: 0px; padding: 6px; background: white none repeat scroll 0% 50%; overflow: auto; -moz-background-clip: -moz-initial; -moz-background-origin: -moz-initial; -moz-background-inline-policy: -moz-initial; width: 440px; height: 15px; text-align: left\" dir=\"ltr\">sudo mount \/dev\/sda2<\/pre>\n<p>Och nu har jag \u00e5tkomst till enheten och n\u00e4r jag kontrollerar s\u00e5 \u00e4r den endast ca 157 GB.<\/p>\n<p>S\u00e5 nu g\u00e4ller det att lura ut \u00e4r man \u00f6kar p\u00e5 en linux ext3 partition med 100 GB fr\u00e5n ca 34 GB?<\/p>\n<p>Sparar partitionstabellen och MBR f\u00f6r s\u00e4kerhets skull&#8230;<\/p>\n<pre style=\"border: 1px inset ; margin: 0px; padding: 6px; background: white none repeat scroll 0% 50%; overflow: auto; -moz-background-clip: -moz-initial; -moz-background-origin: -moz-initial; -moz-background-inline-policy: -moz-initial; width: 440px; height: 15px; text-align: left\" dir=\"ltr\">sudo sfdisk -d \/dev\/sda &gt; sda.pt<\/pre>\n<p>och:<\/p>\n<pre style=\"border: 1px inset ; margin: 0px; padding: 6px; background: white none repeat scroll 0% 50%; overflow: auto; -moz-background-clip: -moz-initial; -moz-background-origin: -moz-initial; -moz-background-inline-policy: -moz-initial; width: 440px; height: 15px; text-align: left\" dir=\"ltr\">sudo dd if=\/dev\/sda of=sda.mbr bs=512 count=1<\/pre>\n<p>Kollar den \u00e4ndrade partitionen igen, f\u00f6r s\u00e4kerhets skull:<\/p>\n<pre style=\"border: 1px inset ; margin: 0px; padding: 6px; background: white none repeat scroll 0% 50%; overflow: auto; -moz-background-clip: -moz-initial; -moz-background-origin: -moz-initial; -moz-background-inline-policy: -moz-initial; width: 440px; height: 15px; text-align: left\" dir=\"ltr\">sudo umount \/dev\/sda2<\/pre>\n<p>och:<\/p>\n<pre style=\"border: 1px inset ; margin: 0px; padding: 6px; background: white none repeat scroll 0% 50%; overflow: auto; -moz-background-clip: -moz-initial; -moz-background-origin: -moz-initial; -moz-background-inline-policy: -moz-initial; width: 440px; height: 15px; text-align: left\" dir=\"ltr\">sudo ntfsresize --info --force \/dev\/sda2<\/pre>\n<p>Inga fel. D\u00e5 kan jag g\u00e5 vidare.<br \/>\nF\u00f6rst;<\/p>\n<pre style=\"border: 1px inset ; margin: 0px; padding: 6px; background: white none repeat scroll 0% 50%; overflow: auto; -moz-background-clip: -moz-initial; -moz-background-origin: -moz-initial; -moz-background-inline-policy: -moz-initial; width: 440px; height: 15px; text-align: left\" dir=\"ltr\">sudo mount \/dev\/sda2<\/pre>\n<p> S\u00e5, d\u00e5 ska vi se&#8230; \u00f6ka en linux ext3 partition?<\/p>\n<p>Eftersom jag ska \u00f6ka p\u00e5 den partition som linux \u00e4r installerad p\u00e5 s\u00e5 kan jag inte g\u00f6ra det d\u00e4rifr\u00e5n.<br \/>\nJag m\u00e5ste skapa en s.k. bootCD. Jag v\u00e4ljer Knoppix. L\u00e4nk: <a href=\"http:\/\/www.knoppix.net\/\" target=\"_blank\">knoppix<\/a>.<\/p>\n<p>Nja, det verkar som om det ska g\u00e5 att ut\u00f6ka ext3-partitionen i alla fall fr\u00e5n &#8217;gparted&#8217;<\/p>\n<p>Pr\u00f6var &#8217;gparted&#8217;:<\/p>\n<pre style=\"border: 1px inset ; margin: 0px; padding: 6px; background: white none repeat scroll 0% 50%; overflow: auto; -moz-background-clip: -moz-initial; -moz-background-origin: -moz-initial; -moz-background-inline-policy: -moz-initial; width: 440px; height: 15px; text-align: left\" dir=\"ltr\">sudo gparted \/dev\/sda3<\/pre>\n<p>D\u00e5 fick jag i alla fall upp aktuell partition men &#8217;gparted&#8217; vill att datorn ska startas om&#8230; Och s\u00e5 f\u00e5r det bli d\u00e5.<\/p>\n<p>Pr\u00f6var &#8217;gparted&#8217; igen d\u00e5:<\/p>\n<pre style=\"border: 1px inset ; margin: 0px; padding: 6px; background: white none repeat scroll 0% 50%; overflow: auto; -moz-background-clip: -moz-initial; -moz-background-origin: -moz-initial; -moz-background-inline-policy: -moz-initial; width: 440px; height: 15px; text-align: left\" dir=\"ltr\">sudo gparted \/dev\/sda<\/pre>\n<p>Avmonterar: <font face=\"Courier New, Courier, monospace\">\/dev\/sda2<\/font><br \/>\nBeg\u00e4r \u00e4ndring av storleken p\u00e5 <font face=\"Courier New, Courier, monospace\">\/dev\/sda2<\/font> till 158,2 GB<br \/>\nVerkst\u00e4ller.<br \/>\nUt\u00f6ka <font face=\"Courier New, Courier, monospace\">\/dev\/sda3<\/font> med det frigjorda.<\/p>\n<p>&#8217;gparted&#8217; vill inte avmontera: <font face=\"Courier New, Courier, monospace\">\/dev\/sda3<\/font><br \/>\nInte s\u00e5 konstigt d\u00e5 det \u00e4r sj\u00e4lva linuxpartitionen. &#8217;gparted&#8217; f\u00f6resl\u00e5r att jag ska avmontera den manuellt?<\/p>\n<p>G\u00e5r det? Nej.<\/p>\n<p>S\u00e4tter i Linux Ubuntu CD och ser vad jag kan g\u00f6ra d\u00e4rifr\u00e5n.<\/p>\n<p>Linux Ubuntu startar upp fr\u00e5n CD utan n\u00e5gra problem.<br \/>\nStartar Terminalen och ger kommandot:<\/p>\n<pre style=\"border: 1px inset ; margin: 0px; padding: 6px; background: white none repeat scroll 0% 50%; overflow: auto; -moz-background-clip: -moz-initial; -moz-background-origin: -moz-initial; -moz-background-inline-policy: -moz-initial; width: 440px; height: 15px; text-align: left\" dir=\"ltr\">sudo gparted<\/pre>\n<p>Gparted startar upp.<br \/>\nAlla enheter visas snyggt och prydligt.<br \/>\nMarkerar enhet &#8217;<font face=\"Courier New, Courier, monospace\">\/dev\/sda3<\/font>&#8217;. Den del av h\u00e5rddisken som Linux ligger p\u00e5.<br \/>\nUt\u00f6kar den maximalt. Ca 90 GB mer blev det.<\/p>\n<p>Och nu (081212 08:40) startade jag om datorn, utan UbuntuCD&#8217;n i CD\/DVD-enheten. Lilte nerv\u00f6st. Men allt ser ut precis som vanligt.<\/p>\n<p>Det \u00e4r tveksamt om detta hade g\u00e5tt att utf\u00f6ra om det g\u00e4llt enbart n\u00e5got Windows OS. Jag \u00e4r mycket n\u00f6jd.<\/p>\n<p>Visst det blev en massa trixande och en hel del s\u00f6kande efter minst kr\u00e5ngliga l\u00f6sning. Men den \u00e4r billig, inte ett \u00f6re har det kostat.<\/p>\n<\/div>\n<p><!-- Slut Data_03 --><\/p>\n<p><strong>H\u00e4lsol\u00e4get<\/strong><br \/>\n<u>Morgonen<\/u>: K\u00e4ndes OK lite v\u00e4rk i br\u00f6stryggen och p\u00e5 v\u00e4nster handrygg.<br \/>\n<u>Under dagen<\/u>: Har medvetet h\u00e5llt mig v\u00e4ldigt stilla idag. Har noterat att &#8217;foppa-tofflor&#8217; inte \u00e4r halkiga. N\u00e4sta skok\u00f6p blir med &#8217;foppa&#8217;-sulor.<br \/>\n<u>Kv\u00e4llen<\/u>: Var s\u00e5 sp\u00e4nd inf\u00f6r hur det skulle g\u00e5 med datorn s\u00e5 jag gl\u00f6mde n\u00e4stan av att k\u00e4nna efter&#8230;? Det v\u00e4ste n\u00e5got v\u00e4ldigt i huvudet.<\/p>\n","protected":false},"excerpt":{"rendered":"<p>Jag m\u00e5ste g\u00e5 och l\u00e4gga mig. Detta skriver jag p\u00e5 min b\u00e4rbara PC. Den station\u00e4ra d\u00e4r jag har hela dagens inl\u00e4gg p\u00e5, h\u00e5ller f.n. p\u00e5 \u00e5 jobbar&#8230; Jag har satt ig\u00e5ng en ut\u00f6kning av det utrymme som Linux ska ha &hellip; <a href=\"https:\/\/blogg.ngn.nu\/index.php\/2008\/12\/11\/en-vilotorsdag-som-gatt-i-datans-tecken\/\">Forts\u00e4tt l\u00e4sa <span class=\"meta-nav\">&rarr;<\/span><\/a><\/p>\n","protected":false},"author":1,"featured_media":0,"comment_status":"open","ping_status":"closed","sticky":false,"template":"","format":"standard","meta":{"footnotes":""},"categories":[371,900,337,31,343,18,369],"tags":[308,284,353,325,374,314],"class_list":["post-443","post","type-post","status-publish","format-standard","hentry","category-data","category-datatek","category-linux","category-politik","category-ryggen","category-teknik","category-ubuntu","tag-e-post","tag-lakemedel","tag-mobiltelefoni","tag-thunderbird","tag-virtualbox","tag-vista"],"_links":{"self":[{"href":"https:\/\/blogg.ngn.nu\/index.php\/wp-json\/wp\/v2\/posts\/443","targetHints":{"allow":["GET"]}}],"collection":[{"href":"https:\/\/blogg.ngn.nu\/index.php\/wp-json\/wp\/v2\/posts"}],"about":[{"href":"https:\/\/blogg.ngn.nu\/index.php\/wp-json\/wp\/v2\/types\/post"}],"author":[{"embeddable":true,"href":"https:\/\/blogg.ngn.nu\/index.php\/wp-json\/wp\/v2\/users\/1"}],"replies":[{"embeddable":true,"href":"https:\/\/blogg.ngn.nu\/index.php\/wp-json\/wp\/v2\/comments?post=443"}],"version-history":[{"count":0,"href":"https:\/\/blogg.ngn.nu\/index.php\/wp-json\/wp\/v2\/posts\/443\/revisions"}],"wp:attachment":[{"href":"https:\/\/blogg.ngn.nu\/index.php\/wp-json\/wp\/v2\/media?parent=443"}],"wp:term":[{"taxonomy":"category","embeddable":true,"href":"https:\/\/blogg.ngn.nu\/index.php\/wp-json\/wp\/v2\/categories?post=443"},{"taxonomy":"post_tag","embeddable":true,"href":"https:\/\/blogg.ngn.nu\/index.php\/wp-json\/wp\/v2\/tags?post=443"}],"curies":[{"name":"wp","href":"https:\/\/api.w.org\/{rel}","templated":true}]}}