{"id":4428,"date":"2011-10-20T00:01:49","date_gmt":"2011-10-19T22:01:49","guid":{"rendered":"http:\/\/blogg.ngn.nu\/?p=4428"},"modified":"2011-10-21T17:40:16","modified_gmt":"2011-10-21T15:40:16","slug":"teneriffa-dag-23","status":"publish","type":"post","link":"https:\/\/blogg.ngn.nu\/index.php\/2011\/10\/20\/teneriffa-dag-23\/","title":{"rendered":"Gran Canaria ->Teneriffa. Dag 23"},"content":{"rendered":"<p><strong>Planerat<\/strong>:<br \/>\nMorgonpromenad &amp; -bad<br \/>\nUtforska naturen, leta GPSg&ouml;mmor eller slappa<br \/>\nKv&auml;llspromenad &amp; -bad<br \/>\n&mdash;<br \/>\n<strong>S&aring; h&auml;r blev det<\/strong>:<br \/>\nLas Palmas, Gran Canaria.<\/p>\n<p>Uppe med tuppen, som vanligt. Checkade ut och knallade bort till Armas biljettkontor. <br \/>\nFick beskrivning av nattportiern n&auml;r jag kom till hotellet ig&aring;r kv&auml;ll.<\/p>\n<p>F&auml;rjan g&aring;r 15:00!<br \/>\nBest&auml;mde mig likv&auml;l f&ouml;r att k&ouml;pa en biljett. Nyfikenheten p&aring; f&auml;rjebolaget och det l&auml;gre priset fick avg&ouml;ra. Jag hade ju inte br&aring;ttom.<\/p>\n<p>Fick veta att det skulle g&aring; en buss fr&aring;n biljettkontoret till f&auml;rjan 14:00.<br \/>\nS&aring; fram till ca 13:00 har jag t&auml;nkt roa mig med att se om jag kan hitta ett par nya foppatofflor, till vettigt pris.<\/p>\n<p>Har planterat mig p&aring; en soffa i Catalinaparken. Har precis tagit ut pengar och f&ouml;re det lyckades jag hitta ett par foppatofflor, f&ouml;r 7,3&euro;.<\/p>\n<p>Gick sedan till det stora k&ouml;pcentret som ligger vid Catalinaparken, mot hamnen. &Aring;kte upp och letade upp ett caf&eacute;. K&ouml;pte mig en kopp kaffe. <\/p>\n<p>P&aring;v&auml;g till detta k&ouml;pcenter ringde jag far och kollade l&auml;get: &quot;<span style=\"font-style: italic;\">Allt &auml;r bara bra!<\/span>&quot;, fick jag h&ouml;ra. Jag valde att inte protestera utan ber&auml;ttade om vad jag gjort och h&ouml;ll p&aring; med.<\/p>\n<p>Det sm&aring;regnade under tiden jag drack kaffet.<\/p>\n<p>Andra bes&ouml;ket till Armas v&auml;nthall. Nu fick jag tag p&aring; en tidtabell. Fick d&aring; se att det gick en f&auml;rja kl 8:00. T&auml;nk om jag hade vetat det&#8230;<\/p>\n<p>P&aring; b&aring;ten (f&auml;rjan)<br \/>\nDe hade ett mycket m&auml;rkligt system f&ouml;r transport fr&aring;n v&auml;nthall till f&auml;rjan.<br \/>\nJag satt i en v&auml;nthall. Jag f&ouml;rv&auml;ntade mig att det skulle komma en buss som jag skulle g&aring; ut till via en speciell utg&aring;ng.<br \/>\nNejd&aring;.<br \/>\nNu &auml;r jag vetgirig och vill h&aring;lla mig informerad. Tack vare det s&aring; fick jag veta tv&aring; saker;<br \/>\n1. Transferbussen gick inte 14:00 utan 14:30.<br \/>\n2. Man skulle g&aring; ut samma v&auml;g som man kom in och d&auml;r g&aring; p&aring; en inhyrd buss.<\/p>\n<p>Det var inte helt l&auml;tt att f&aring; veta hur l&aring;ng tid resan skulle ta men till slut fick jag veta att vi skulle vara framme till Santa Cruz, Teneriffa ca 18:00.<br \/>\nGjorde bed&ouml;mningen att de timmarna l&auml;mpade sig utm&auml;rkt till att f&ouml;rdriva med &ouml;l. <br \/>\nH&auml;r en bild p&aring; bar och bartender som f&ouml;rs&aring;g mig med det:<br \/>\n<img decoding=\"async\" alt=\"[Bild: Bar och bartdender p\u00e5 f\u00e4rjan fr\u00e5n Las Palmas till Santa Ceuz]\" src=\"http:\/\/ngn.nu\/Pict\/2011\/111020-DSC02383-Bar+Bartender-Ferry-Armas-GC_LP-to-T_SC-Kompr70-w350.jpg\" style=\"width: 350px; height: 263px;\" title=\"Bar och bartdender p\u00e5 f\u00e4rjan fr\u00e5n Las Palmas till Santa Ceuz\" \/><br \/>\nDen vita pilen pekar p&aring; bartendern :me:<\/p>\n<p>F&ouml;rs&ouml;kte att inte fundera p&aring; hur det skulle g&aring; med bussresa fr&aring;n Santa Cruz till Costa del Silencio.<br \/>\nMisst&auml;nker att det f&aring;r bli buss till Los Cristianos och sedan den &#39;vanliga&#39; d&auml;rifr&aring;n till Silencio.<br \/>\n[Synd att jag inte tog med mig datorn, det &auml;r gratis WiFi p&aring; f&auml;rjan&#8230;]<\/p>\n<p>Ringde och pratade lite med hustrun s&aring; nu &auml;r mobiltelefonpengarna slut&#8230;<br \/>\nF&aring;r se till att &#39;tanka&#39; den s&aring; fort jag kommer tillbaka.<\/p>\n<p>Kom av b&aring;ten men missade busscentralen. Hittade en annan och en buss (115) som gick till Costa del Silencio! <br \/>\nSt&aring;r i k&ouml; och v&auml;ntar. N&auml;r jag ska betala tycker tydligen busschauff&ouml;ren att min sedel &auml;r f&ouml;r stor s&aring; jag tvingas att skynda mig till en kiosk, k&ouml;pa en cola, f&ouml;r att f&aring; v&auml;xel och sedan tillbaka. <br \/>\nInnan jag gav mig iv&auml;g och v&auml;xlade s&aring; gav jag chauff&ouml;ren en blick med ett par stora svarta h&aring;l d&auml;r jag avkr&auml;vde ett l&ouml;fte om att han v&auml;ntar h&auml;r p&aring; mig. Med avv&auml;rjande r&ouml;relser lovade han detta. Han h&ouml;ll sitt l&ouml;fte men bussen blev 5 min f&ouml;rsenad.<br \/>\nDet som irriterade mig mest var att han satt med v&auml;xelkassan &ouml;ppen och den var smockfull&#8230;<\/p>\n<p>Nu b&ouml;rjade jag fundera p&aring; om mitt rum &auml;r i det skick som jag l&auml;mnade det &#8211; inte genoms&ouml;kt av tjuvar allts&aring;.<\/p>\n<p>Strax innan &#39;min&#39; h&aring;llplats s&aring; k&ouml;rde busschauff&ouml;ren fel och kom lite vilse. Mina nerver&#8230;!<\/p>\n<p>&#39;Min&#39; mataff&auml;r var &ouml;ppen s&aring; jag kunde k&ouml;pa lite frukostyoghurt.<\/p>\n<p>Strax f&ouml;re nio p&aring; kv&auml;llen &auml;r jag &#39;hemma&#39; och allt &auml;r or&ouml;rt &#8211; phu!<\/p>\n<p>Tankade mobilen.<\/p>\n<p><span style=\"font-weight: bold;\">H&auml;lsol&auml;get<\/span>:<br \/>\nBorta bra men hemma b&auml;st. Knepigt n&auml;r hemma blir det som egentligen &auml;r borta&#8230;<br \/>\nDet &auml;r ju tur att jag har k&auml;pparna med mig s&aring; att jag kan h&aring;lla balansen. Har inte med alkohol att g&ouml;ra! <small>(Tog sista &ouml;len f&ouml;r 18:00)<\/small>.<br \/>\n<span style=\"font-size: 10px;\">[03-08-005-025]<\/span><\/p>\n","protected":false},"excerpt":{"rendered":"<p>Planerat: Morgonpromenad &amp; -bad Utforska naturen, leta GPSg&ouml;mmor eller slappa Kv&auml;llspromenad &amp; -bad &mdash; S&aring; h&auml;r blev det: Las Palmas, Gran Canaria. Uppe med tuppen, som vanligt. Checkade ut och knallade bort till Armas biljettkontor. Fick beskrivning av nattportiern n&auml;r &hellip; <a href=\"https:\/\/blogg.ngn.nu\/index.php\/2011\/10\/20\/teneriffa-dag-23\/\">Forts\u00e4tt l\u00e4sa <span class=\"meta-nav\">&rarr;<\/span><\/a><\/p>\n","protected":false},"author":1,"featured_media":0,"comment_status":"open","ping_status":"closed","sticky":false,"template":"","format":"standard","meta":{"footnotes":""},"categories":[359],"tags":[728,656],"class_list":["post-4428","post","type-post","status-publish","format-standard","hentry","category-resa","tag-buss","tag-farja"],"_links":{"self":[{"href":"https:\/\/blogg.ngn.nu\/index.php\/wp-json\/wp\/v2\/posts\/4428","targetHints":{"allow":["GET"]}}],"collection":[{"href":"https:\/\/blogg.ngn.nu\/index.php\/wp-json\/wp\/v2\/posts"}],"about":[{"href":"https:\/\/blogg.ngn.nu\/index.php\/wp-json\/wp\/v2\/types\/post"}],"author":[{"embeddable":true,"href":"https:\/\/blogg.ngn.nu\/index.php\/wp-json\/wp\/v2\/users\/1"}],"replies":[{"embeddable":true,"href":"https:\/\/blogg.ngn.nu\/index.php\/wp-json\/wp\/v2\/comments?post=4428"}],"version-history":[{"count":5,"href":"https:\/\/blogg.ngn.nu\/index.php\/wp-json\/wp\/v2\/posts\/4428\/revisions"}],"predecessor-version":[{"id":4665,"href":"https:\/\/blogg.ngn.nu\/index.php\/wp-json\/wp\/v2\/posts\/4428\/revisions\/4665"}],"wp:attachment":[{"href":"https:\/\/blogg.ngn.nu\/index.php\/wp-json\/wp\/v2\/media?parent=4428"}],"wp:term":[{"taxonomy":"category","embeddable":true,"href":"https:\/\/blogg.ngn.nu\/index.php\/wp-json\/wp\/v2\/categories?post=4428"},{"taxonomy":"post_tag","embeddable":true,"href":"https:\/\/blogg.ngn.nu\/index.php\/wp-json\/wp\/v2\/tags?post=4428"}],"curies":[{"name":"wp","href":"https:\/\/api.w.org\/{rel}","templated":true}]}}