{"id":434,"date":"2008-12-02T20:43:00","date_gmt":"2008-12-02T19:43:00","guid":{"rendered":"http:\/\/blogg.ngn.nu\/index.php\/2008\/12\/02\/en-trott-tisdag\/"},"modified":"2008-12-03T11:06:55","modified_gmt":"2008-12-03T10:06:55","slug":"en-trott-tisdag","status":"publish","type":"post","link":"https:\/\/blogg.ngn.nu\/index.php\/2008\/12\/02\/en-trott-tisdag\/","title":{"rendered":"En tr\u00f6tt Tisdag"},"content":{"rendered":"<p>s\u00f6mn ua.<\/p>\n<p><strong>Bild<\/strong><br \/>\nFixade till bilden p\u00e5 Magnus Carlsson, d\u00e4r han sitter och signerar CD, den <a href=\"http:\/\/bilder.ngn.nu\/index.php\/2008\/11\/30\/kandis\/\" target=\"_blank\">30\/11-08 \u00d6verby K\u00f6pcentrum etage-huset<\/a>. Tyv\u00e4rr misslyckades jag med att snyggt f\u00e5 bort ett st\u00f6rande ljusf\u00e4lt bakom huvudet. Orkar inte varken ta reda p\u00e5 eller klura ut hur det kan g\u00f6ras snyggare.<\/p>\n<p><strong>Husl\u00e4kare<\/strong><br \/>\nJa, s\u00e5 hette det v\u00e4l ett tag. Vet faktiskt inte om det fortfarande \u00e4r ett &#8217;r\u00e4tt&#8217; begrepp inom dagens prim\u00e4rv\u00e5rd?<\/p>\n<p>Oavsett det s\u00e5 har jag nu f\u00e5tt besked att jag f\u00e5r &#8217;f\u00f6lja med&#8217; min v\u00e5rdcentralsdoktor n\u00e4r denne ska flytta sin g\u00e4rning till annan v\u00e5rdcentral, p\u00e5 annan ort.<\/p>\n<p>Och det k\u00e4nns mycket tryggt. Denne doktor \u00e4r  en av f\u00e5 personer, inom h\u00e4lso- och sjukv\u00e5rd inklusive v\u00e5rdrelaterade myndigheter, som k\u00e4nner mig fr\u00e5n b\u00f6rjan.<\/p>\n<p>Det \u00e4r mycket v\u00e4rt att slippa dra hela sjukhistorien en g\u00e5ng till. Eller rentav flera g\u00e5nger d\u00e5 &#8217;min&#8217; nuvarande v\u00e5rdcentral ska t\u00e4cka upp &#8217;tappet&#8217; (det \u00e4r 4-5st som valt att flytta p\u00e5 sig) med s.k. staffettdoktorer (fr\u00e5n n\u00e5got bemanningsf\u00f6retag).<\/p>\n<p><strong>Sjukhusbes\u00f6k<\/strong><br \/>\nMor k\u00e4mpar p\u00e5. Tyckte nog att det var lite b\u00e4ttre. Far var med. H\u00e4mtade honom.<\/p>\n<p>Efter bes\u00f6ket k\u00e4kade vi korv och mos i lasarettscaf\u00e9t. Mums, men inget min mage gillar. Men va f-n&#8230;!<\/p>\n<p>Sedan blev det en tur till k\u00f6pcentrumet f\u00f6r att inhandla lite falukorv och snus (till far) och mj\u00f6lk till oss.<\/p>\n<p><strong>Hemma igen<\/strong><br \/>\nTr\u00f6tt vilade.<\/p>\n<p><strong>Data<\/strong>-GNYu-Wiki<br \/>\nPysslar med det s\u00e5 fort det blir tid och ork :me:<\/p>\n<p><strong>H\u00e4lsol\u00e4get<\/strong><br \/>\n<u>Morgonen<\/u>: Tr\u00f6g och seg. Anm\u00e4rkningsv\u00e4rt mer ont i armarna?<br \/>\n<u>Under dagen<\/u>: Varit tr\u00f6tt hela dagen.<br \/>\n<u>Kv\u00e4llen<\/u>: Lite piggare nu \u00e5t kv\u00e4llningen. Men v\u00e4rken sitter i.<\/p>\n","protected":false},"excerpt":{"rendered":"<p>s\u00f6mn ua. Bild Fixade till bilden p\u00e5 Magnus Carlsson, d\u00e4r han sitter och signerar CD, den 30\/11-08 \u00d6verby K\u00f6pcentrum etage-huset. Tyv\u00e4rr misslyckades jag med att snyggt f\u00e5 bort ett st\u00f6rande ljusf\u00e4lt bakom huvudet. Orkar inte varken ta reda p\u00e5 eller &hellip; <a href=\"https:\/\/blogg.ngn.nu\/index.php\/2008\/12\/02\/en-trott-tisdag\/\">Forts\u00e4tt l\u00e4sa <span class=\"meta-nav\">&rarr;<\/span><\/a><\/p>\n","protected":false},"author":1,"featured_media":0,"comment_status":"open","ping_status":"closed","sticky":false,"template":"","format":"standard","meta":{"footnotes":""},"categories":[444,343,219,544],"tags":[117,521,212],"class_list":["post-434","post","type-post","status-publish","format-standard","hentry","category-bilder","category-ryggen","category-trott","category-wiki","tag-gnyu","tag-kandisar","tag-vark"],"_links":{"self":[{"href":"https:\/\/blogg.ngn.nu\/index.php\/wp-json\/wp\/v2\/posts\/434","targetHints":{"allow":["GET"]}}],"collection":[{"href":"https:\/\/blogg.ngn.nu\/index.php\/wp-json\/wp\/v2\/posts"}],"about":[{"href":"https:\/\/blogg.ngn.nu\/index.php\/wp-json\/wp\/v2\/types\/post"}],"author":[{"embeddable":true,"href":"https:\/\/blogg.ngn.nu\/index.php\/wp-json\/wp\/v2\/users\/1"}],"replies":[{"embeddable":true,"href":"https:\/\/blogg.ngn.nu\/index.php\/wp-json\/wp\/v2\/comments?post=434"}],"version-history":[{"count":0,"href":"https:\/\/blogg.ngn.nu\/index.php\/wp-json\/wp\/v2\/posts\/434\/revisions"}],"wp:attachment":[{"href":"https:\/\/blogg.ngn.nu\/index.php\/wp-json\/wp\/v2\/media?parent=434"}],"wp:term":[{"taxonomy":"category","embeddable":true,"href":"https:\/\/blogg.ngn.nu\/index.php\/wp-json\/wp\/v2\/categories?post=434"},{"taxonomy":"post_tag","embeddable":true,"href":"https:\/\/blogg.ngn.nu\/index.php\/wp-json\/wp\/v2\/tags?post=434"}],"curies":[{"name":"wp","href":"https:\/\/api.w.org\/{rel}","templated":true}]}}