{"id":408,"date":"2008-11-06T20:20:31","date_gmt":"2008-11-06T19:20:31","guid":{"rendered":"http:\/\/blogg.ngn.nu\/index.php\/2008\/11\/06\/lite-seg-torsdag\/"},"modified":"2008-11-06T20:20:31","modified_gmt":"2008-11-06T19:20:31","slug":"lite-seg-torsdag","status":"publish","type":"post","link":"https:\/\/blogg.ngn.nu\/index.php\/2008\/11\/06\/lite-seg-torsdag\/","title":{"rendered":"Lite seg Torsdag"},"content":{"rendered":"<p>s\u00f6mn OK<\/p>\n<p><strong>Data<\/strong>-Projekt-Hemligt<br \/>\nPillar vidare med detta. M\u00e4rker att jag prioriterar bort det jag beh\u00f6ver g\u00f6ra med mina bilder&#8230;<br \/>\nDet \u00e4r v\u00e4l s\u00e5 det \u00e4r. Jag orkar bara en sak i taget.<\/p>\n<p><strong>Promenad<\/strong><br \/>\nV\u00e4ntade in hustrun. Hon jobbar halv dag p\u00e5 torsdagar. Vi gick min vanliga runda. K\u00e4ndes ganska bra. Lite l\u00e4ttare n\u00e4r en har s\u00e4llskap.<\/p>\n<p><strong>Magen<\/strong><br \/>\nHar helt slutat med Inolaxol och just idag har magen fungerat utm\u00e4rkt&#8230;<br \/>\nMen det g\u00e4ller att h\u00e5lla i dieten.<\/p>\n<p><strong>En tanke<\/strong><br \/>\nN\u00e4r jag h\u00f6ll p\u00e5 med att plocka ur diskmaskinen s\u00e5 sm\u00e5h\u00f6gg det lite grann i l\u00e4ndryggen. Jag slogs d\u00e5 av en tanke.<\/p>\n<p>I mitt fall handlar det om &#8217;n\u00e4r&#8217; jag f\u00e5r ett ordentligt kl\u00e4m i l\u00e4ndryggen, br\u00f6stryggen eller nackryggen. Inte &#8217;om&#8217;, utan &#8217;n\u00e4r&#8217;.<br \/>\nJag g\u00e5r och v\u00e4ntar p\u00e5 det&#8230;?<\/p>\n<p>Inte j\u00e4mt \u00e5 st\u00e4ndigt, men det finns d\u00e4r st\u00e4ndigt n\u00e4rvarande. Och jag jobbar f\u00f6r fullt f\u00f6r att det inte ska ske eller att jag kan skuta det framf\u00f6r mig.<\/p>\n<p>Men idag slog mig tanken&#8230;<\/p>\n<p><strong>H\u00e4lsol\u00e4get<\/strong><br \/>\n<u>Morgonen<\/u>: Startar stelt och l\u00e4ttar under f\u00f6rmiddagen.<br \/>\n<u>Under dagen<\/u>: Har h\u00e5llit mig i stillhet. F\u00f6rutom promenaden. L\u00e4ndryggen sm\u00e5kr\u00e5nglar.<br \/>\n<u>Kv\u00e4llen<\/u>: <a href=\"file:\/\/\/home\/nisse\/Dokument\/Blogg\/blogg.ngn.nu\/*\" title=\"V\u00e4ser Som Fan I Huvudet\">VSFIH<\/a> som vanligt.<\/p>\n","protected":false},"excerpt":{"rendered":"<p>s\u00f6mn OK Data-Projekt-Hemligt Pillar vidare med detta. M\u00e4rker att jag prioriterar bort det jag beh\u00f6ver g\u00f6ra med mina bilder&#8230; Det \u00e4r v\u00e4l s\u00e5 det \u00e4r. Jag orkar bara en sak i taget. Promenad V\u00e4ntade in hustrun. Hon jobbar halv dag &hellip; <a href=\"https:\/\/blogg.ngn.nu\/index.php\/2008\/11\/06\/lite-seg-torsdag\/\">Forts\u00e4tt l\u00e4sa <span class=\"meta-nav\">&rarr;<\/span><\/a><\/p>\n","protected":false},"author":1,"featured_media":0,"comment_status":"open","ping_status":"closed","sticky":false,"template":"","format":"standard","meta":{"footnotes":""},"categories":[371,343,222,4],"tags":[243,212],"class_list":["post-408","post","type-post","status-publish","format-standard","hentry","category-data","category-ryggen","category-tinnitus","category-vardag","tag-promenad","tag-vark"],"_links":{"self":[{"href":"https:\/\/blogg.ngn.nu\/index.php\/wp-json\/wp\/v2\/posts\/408","targetHints":{"allow":["GET"]}}],"collection":[{"href":"https:\/\/blogg.ngn.nu\/index.php\/wp-json\/wp\/v2\/posts"}],"about":[{"href":"https:\/\/blogg.ngn.nu\/index.php\/wp-json\/wp\/v2\/types\/post"}],"author":[{"embeddable":true,"href":"https:\/\/blogg.ngn.nu\/index.php\/wp-json\/wp\/v2\/users\/1"}],"replies":[{"embeddable":true,"href":"https:\/\/blogg.ngn.nu\/index.php\/wp-json\/wp\/v2\/comments?post=408"}],"version-history":[{"count":0,"href":"https:\/\/blogg.ngn.nu\/index.php\/wp-json\/wp\/v2\/posts\/408\/revisions"}],"wp:attachment":[{"href":"https:\/\/blogg.ngn.nu\/index.php\/wp-json\/wp\/v2\/media?parent=408"}],"wp:term":[{"taxonomy":"category","embeddable":true,"href":"https:\/\/blogg.ngn.nu\/index.php\/wp-json\/wp\/v2\/categories?post=408"},{"taxonomy":"post_tag","embeddable":true,"href":"https:\/\/blogg.ngn.nu\/index.php\/wp-json\/wp\/v2\/tags?post=408"}],"curies":[{"name":"wp","href":"https:\/\/api.w.org\/{rel}","templated":true}]}}