{"id":391,"date":"2008-10-20T20:51:51","date_gmt":"2008-10-20T18:51:51","guid":{"rendered":"http:\/\/blogg.ngn.nu\/index.php\/2008\/10\/20\/seg-mandag-4\/"},"modified":"2008-10-21T16:27:34","modified_gmt":"2008-10-21T14:27:34","slug":"seg-mandag-4","status":"publish","type":"post","link":"https:\/\/blogg.ngn.nu\/index.php\/2008\/10\/20\/seg-mandag-4\/","title":{"rendered":"Seg M\u00e5ndag"},"content":{"rendered":"<p>s\u00f6mn OK. Men n\u00e4r jag gick och lade mig s\u00e5 skakade alla benmuskler som fanns.<\/p>\n<p><span style=\"font-weight: bold\">Morgonblaskan<\/span><br \/>\nL\u00e4ste igenom de blad jag missat. I fredagens <font color=\"#ff0000\"><strong>ttela<\/strong><\/font> hade n\u00e5gon svarat p\u00e5 min <a href=\"https:\/\/blogg.ngn.nu\/index.php\/2008\/10\/13\/tidig-mandag\/#MinInsandare\" target=\"_blank\">ins\u00e4ndare 15\/10<\/a>.<br \/>\nSom lyder: <a onclick=\"expand(this.id+'_081020_201054', this);\" style=\"background-color: #ffffcc; cursor: pointer\" id=\"Insandare\">[Visa mer&#8230;]<\/a><\/p>\n<div id=\"Insandare_081020_201054\" style=\"display: none\">\n<p>&#8221;<big><big style=\"font-weight: bold\"><big><span style=\"font-family: sans-serif\">Vad betyder ordet<br \/>\n\u201csjuk\u201d egentligen?<\/span><\/big><\/big><\/big><\/p>\n<p><span style=\"font-family: sans-serif; font-weight: bold\">Svar till Nils-Gunnar Nordlund (15 oktober):<\/span><br \/>\nKollade upp i samtliga till f\u00f6rfogande svenska faktab\u00f6cker vad ordet \u201csjuk\u201d innebar. D\u00f6m om min f\u00f6rv\u00e5ning n\u00e4r det inte gick att hitta en vettig f\u00f6rklaring i knappt n\u00e5gon av dessa b\u00f6cker.<br \/>\nHur ska d\u00e5 politiker ha en aning om vad orden \u201csjuk\u201d och \u201csjukdom\u201d \u00e4r och inneb\u00e4r? N\u00e4r man f\u00f6ljaktligen \u00e4r okunnig om ordets betydelse kan man inte heller hantera detta i sin ut\u00f6vning s\u00e5som folkvald eller tj\u00e4nsteman.<br \/>\nL\u00e4karna och \u00f6vrig sjukv\u00e5rdspersonal f\u00f6rv\u00e4ntas, genom sin profession, veta och ha kunskap att kunna hantera det uppkomna tillst\u00e5nd som kallas sjukdom.<br \/>\nEn person kan sjukskrivas av l\u00e4kare. Dessa har med ledning av erfarenhet och kunskap om orsaken till sjukdomens uppkomst och eventuell n\u00f6dv\u00e4ndig l\u00e4kningstid tills personen i fr\u00e5ga kan f\u00f6rv\u00e4ntas vara frisk.<br \/>\nMed nedsatt h\u00e4lsotillst\u00e5nd \u00e4r man f\u00f6rhindrad till 100 procent.<\/p>\n<div style=\"text-align: right\"><span style=\"font-family: sans-serif\">UDO HOFFMANN ORT. ING. CPO<\/span>&#8221;<\/div>\n<p> Jag vet inte riktigt hur jag ska tolka det d\u00e4r?<\/p>\n<p>I Bonniers Svenska Ordbok, ISBN: 91-34-50983-6, st\u00e5r f\u00f6ljande:<br \/>\n&#8221;<span style=\"font-weight: bold\">sjuk<\/span> inte frisk; skum, misst\u00e4nkt: en <span style=\"font-style: italic\">s. historia<\/span>; makaber: <span style=\"font-style: italic\">s. humor; vara s. p\u00e5<\/span> (el. <span style=\"font-style: italic\">efter<\/span>) <span style=\"font-style: italic\">ngt<\/span> l\u00e4ngta starkt efter || <span style=\"font-style: italic\">-t<\/span>; <span style=\"font-style: italic\">-are<\/span> <span style=\"font-weight: bold\">sjuka<\/span> sjukdom, ofta i sammans. o. i namn p\u00e5 vissa sjukdomar: <span style=\"font-style: italic\">danssjuka<\/span>, <span style=\"font-style: italic\">p\u00e5ssjuka<\/span>, <span style=\"font-style: italic\">sockersjuka<\/span>, <span style=\"font-style: italic\">engelska<\/span>, <span style=\"font-style: italic\">spanska sjukan<\/span>: (bildl.) <span style=\"font-style: italic\">titelsjuka<\/span> || &#8211;<span style=\"font-style: italic\">n<\/span>: <span style=\"font-style: italic\">sjukor<\/span> &#8221;<\/p>\n<p>Det borde v\u00e4l r\u00e4cka f\u00f6r folkvalda politiker och tj\u00e4nstem\u00e4n.<\/p>\n<p>Och ins\u00e4ndaren h\u00e4r ovan som \u00e4r addreserad till mig, h\u00e5ller den med mig? Eller vill den p\u00e5tala n\u00e5got f\u00f6r mig, som jag missat? Uttrycker personen att min ins\u00e4ndare var &#8217;bra&#8217;?<\/p>\n<p>Jag tror att den \u00e4r till min fav\u00f6r.<\/p>\n<\/div>\n<p><!-- Slut Insandare --><\/p>\n<p><span style=\"font-weight: bold\">Skannern<\/span><br \/>\nOch Linux samt VirtualBox har jag brottats med idag.<\/p>\n<p>Det g\u00e5r inte s\u00e5 bra.<\/p>\n<p>I VirtualBox har jag installerat Windows 2000 pro SP3.<\/p>\n<p>Och vad jag nu tror mig ha kommit fram till s\u00e5 \u00e4r det W2K och dess (icke)support f\u00f6r USB 2.0 som kan vara &#8217;boven&#8217; i dramat.<\/p>\n<p>Det verkar som om servicepack 4 (SP4) f\u00f6r W2K har support f\u00f6r USB 2.0.<\/p>\n<p>Men nu har jag inte en susning om dels var jag f\u00e5r tag p\u00e5 den servicepacken och dels hur jag ska f\u00e5 den installerad i VirtualBox. Det blir att l\u00e4sa sig till det d\u00e4r.<\/p>\n<p><span style=\"font-weight: bold\">Nu s\u00e5!<\/span><br \/>\nJag kom p\u00e5 hur jag skulle g\u00f6ra f\u00f6r att f\u00e5 skannern (Canon CanoScan 8800F) att fungera. Det hela h\u00e4ngde p\u00e5 att jag hade Windows 2000 Pro SP3 installerat i VirtualBox.<br \/>\nOch den har ingen USB 2.0 support.<\/p>\n<p>Jag hittade en SP4 (Service Pack) och installerade den s\u00e5 nu funkar skannern.<\/p>\n<p>Via Linux Ubuntu 7.10 och Sun xVM VirtualBox 2.0.2.<\/p>\n<p>Fast just VirtualBox 2.0.2 gillar jag inte, den h\u00e4nger sig n\u00e4r den ska avsluta &#8217;g\u00e4sten&#8217; W2K, i mitt fall.<br \/>\n<small>[not: Jag &#8217;nedgraderade&#8217; den till 2.0.0 s\u00e5 nu funkar det b\u00e4ttre.]<\/small><\/p>\n<p><span style=\"font-weight: bold\">Bildfixande<\/span><br \/>\nHar publicerat bilder p\u00e5 <a href=\"http:\/\/bilder.ngn.nu\/index.php\/2008\/10\/18\/hund-pepe\/\" target=\"_blank\">PePe 18\/10-08<\/a> och redigerat inl\u00e4gget <a href=\"https:\/\/blogg.ngn.nu\/index.php\/2008\/10\/18\/gavlelordag\/\" target=\"_blank\">G\u00e4vleL\u00f6rdag 18\/10-08<\/a>.<\/p>\n<p><span style=\"font-weight: bold\">H\u00e4lsol\u00e4get<\/span><br \/>\n<span style=\"text-decoration: underline\">Morgonen<\/span>: K\u00e4ndes OK. Inga direkt \u00f6kade besv\u00e4r.<br \/>\n<span style=\"text-decoration: underline\">Under dagen<\/span>: Har h\u00e5llit mig i stillhet.<br \/>\n<span style=\"text-decoration: underline\">Kv\u00e4llen<\/span>: V\u00e4ser i huvudet, v\u00e4rker i h\u00e4nderna annars OK.<\/p>\n","protected":false},"excerpt":{"rendered":"<p>s\u00f6mn OK. Men n\u00e4r jag gick och lade mig s\u00e5 skakade alla benmuskler som fanns. Morgonblaskan L\u00e4ste igenom de blad jag missat. I fredagens ttela hade n\u00e5gon svarat p\u00e5 min ins\u00e4ndare 15\/10. Som lyder: [Visa mer&#8230;] &#8221;Vad betyder ordet \u201csjuk\u201d &hellip; <a href=\"https:\/\/blogg.ngn.nu\/index.php\/2008\/10\/20\/seg-mandag-4\/\">Forts\u00e4tt l\u00e4sa <span class=\"meta-nav\">&rarr;<\/span><\/a><\/p>\n","protected":false},"author":1,"featured_media":0,"comment_status":"open","ping_status":"closed","sticky":false,"template":"","format":"standard","meta":{"footnotes":""},"categories":[444,31,343,369],"tags":[538,536,374,539],"class_list":["post-391","post","type-post","status-publish","format-standard","hentry","category-bilder","category-politik","category-ryggen","category-ubuntu","tag-pepe","tag-skanner","tag-virtualbox","tag-w2k"],"_links":{"self":[{"href":"https:\/\/blogg.ngn.nu\/index.php\/wp-json\/wp\/v2\/posts\/391","targetHints":{"allow":["GET"]}}],"collection":[{"href":"https:\/\/blogg.ngn.nu\/index.php\/wp-json\/wp\/v2\/posts"}],"about":[{"href":"https:\/\/blogg.ngn.nu\/index.php\/wp-json\/wp\/v2\/types\/post"}],"author":[{"embeddable":true,"href":"https:\/\/blogg.ngn.nu\/index.php\/wp-json\/wp\/v2\/users\/1"}],"replies":[{"embeddable":true,"href":"https:\/\/blogg.ngn.nu\/index.php\/wp-json\/wp\/v2\/comments?post=391"}],"version-history":[{"count":0,"href":"https:\/\/blogg.ngn.nu\/index.php\/wp-json\/wp\/v2\/posts\/391\/revisions"}],"wp:attachment":[{"href":"https:\/\/blogg.ngn.nu\/index.php\/wp-json\/wp\/v2\/media?parent=391"}],"wp:term":[{"taxonomy":"category","embeddable":true,"href":"https:\/\/blogg.ngn.nu\/index.php\/wp-json\/wp\/v2\/categories?post=391"},{"taxonomy":"post_tag","embeddable":true,"href":"https:\/\/blogg.ngn.nu\/index.php\/wp-json\/wp\/v2\/tags?post=391"}],"curies":[{"name":"wp","href":"https:\/\/api.w.org\/{rel}","templated":true}]}}