{"id":386,"date":"2008-10-15T09:17:57","date_gmt":"2008-10-15T07:17:57","guid":{"rendered":"http:\/\/blogg.ngn.nu\/index.php\/2008\/10\/15\/blog-action-day-2008\/"},"modified":"2008-10-15T09:21:32","modified_gmt":"2008-10-15T07:21:32","slug":"blog-action-day-2008","status":"publish","type":"post","link":"https:\/\/blogg.ngn.nu\/index.php\/2008\/10\/15\/blog-action-day-2008\/","title":{"rendered":"Blog Action Day 2008"},"content":{"rendered":"<p>[english]<span style=\"font-weight: bold\">Poverty<\/span><br \/>\nIn Sweden we probably have another definition on poverty compare with them that really don&#8217;t have nothing.<\/p>\n<p>In Sweden it shall not be possible to be real poor.<\/p>\n<p><span style=\"text-decoration: underline\">What do I then mean with poor?<\/span><br \/>\nYou hawe no means att all.<br \/>\nYou hawe no job.<br \/>\nNone economic subsidy.<br \/>\nNo place to live, not even a roof over Your head.<br \/>\nAnd &#8211; a thought paus &#8211; it is not a self choice.<\/p>\n<p>You are completly dependence of alms and charity.<br \/>\nYou live in a land ther the community \/ government \/ or corresponding do not care in them which is poor. These have to blame them self.<\/p>\n<p><span style=\"text-decoration: underline\">Who is poor?<\/span><br \/>\nI become a little bit thoughtful when high politician express that they certainly have theirs roots as poor labour child?<br \/>\nThese must mean that they have no access to the welfare that more well-to-do have.<br \/>\nBecause:<br \/>\nThese have a roof ower their head.<br \/>\nThese have enough food for the day.<br \/>\nIt probably was a possibility to income work, even if it was small. And just the expression &#8217;labour child&#8217; made me think that at last one of the parents hade a job. And if nobody in the family have job, they have some small alms within the frame of government responsibillity or some trade union.<\/p>\n<p>One that have been poor, he said, is a Swede named Johan Sta\u00ebl von Holstein, among other things he is a chronical for the Swedish free everyday newsletter &#8217;metro&#8217;. I beleve that Johan Sta\u00ebl von Holstein not really understand what really poverty is.<\/p>\n<p><span style=\"text-decoration: underline\">What can we do about the poverty &#8211; in the world?<\/span><br \/>\nHuman being starve to dead.<br \/>\nHuman being use as slaves.<\/p>\n<p><span style=\"text-decoration: underline\">Can You and Me do anything?<\/span><br \/>\nYes, we can! We can act on the basis of our safe base. If we not can contribute financial we can agitae, arouse public opinion.<\/p>\n<p>We can also think a little bit extra when it is time for political election. What or which political party want to either care at or increase our aid to human being who die or suffer in theirs poverty.<\/p>\n<p>In the break rooms it is time to not be quiet.<\/p>\n<p>In the internet rooms via blogs and comments e.g. You can agitate to decrease the poverty in the world.<\/p>\n<p><span style=\"text-decoration: underline\">Is it possible to completely get rid of the poverty?<\/span><br \/>\nOf course! But there is strong economic interest that work against. The world leading well-to-do (the rich) will not that all people on the planet will have a job. Some unemployed quantity is good, will some mean.<\/p>\n<p>In the same way, will this well-to-do discuss, against the poverty; If all people in the world would have human welfare, so will theirs profit decrease. And such a horrible thing may not, of course, happen?<\/p>\n<p>The biggest threat, against increased or conserve poverty, is therefore the well-to-do (the rich). It is against these we shall agitate. It is these we will drag out in the light.<\/p>\n<p>These well-to-do shall be forced to state there standpoint: I want to continue to be well-to-do (rich) at the price of that the poor people die.[\/english]<br \/>\n[swedish]<span style=\"font-weight: bold\">Fattigdom<\/span><br \/>\nVi svenskar har sannolikt en annan definition p\u00e5 fattigdom \u00e4n vad de har som inte har n\u00e5got.<\/p>\n<p>I sverige ska det inte vara m\u00f6jligt att vara \u00e4kta fattig.<\/p>\n<p><span style=\"text-decoration: underline\">Vad menar jag d\u00e5 med fattig?<\/span><br \/>\nDu har inga tillg\u00e5ngar alls.<br \/>\nDu har inget jobb.<br \/>\nIngen ekonomisk ers\u00e4ttning.<br \/>\nIngen bostad, inte ens tak \u00f6ver huvudet.<br \/>\nOch &#8211; en tankepaus &#8211; den \u00e4r inte sj\u00e4lvvald.<\/p>\n<p>Du \u00e4r helt beroende av allmosor och v\u00e4lg\u00f6renhet.<br \/>\nDu lever i ett land d\u00e4r samh\u00e4llet \/ staten \/ eller motsvarande skiter i de som \u00e4r fattiga. De f\u00e5r skylla sig sj\u00e4lva.<\/p>\n<p><span style=\"text-decoration: underline\">Vem \u00e4r fattig?<\/span><br \/>\nJag blir lite fundersam n\u00e4r h\u00f6ga politiker uttrycker att de minsan har sina r\u00f6tter som fattiga arbetarbarn?<br \/>\nDe m\u00e5ste mena att de inte hade tillg\u00e5ng till den v\u00e4rlf\u00e4rd som mer v\u00e4lb\u00e4rgade hade.<br \/>\nF\u00f6r:<br \/>\nDe hade tak \u00f6ver huvudet.<br \/>\nDe hade mat f\u00f6r dagen.<br \/>\nDet fanns m\u00f6jligheter till inkomstbringade syssels\u00e4ttningen, \u00e4ven om den var liten. Och just ben\u00e4mningen &#8217;arbetarbarn&#8217; f\u00e5r mig att t\u00e4nka att nog minst en f\u00f6r\u00e4ldrarna hade jobb.<br \/>\nOm ingen i familjen hade jobb s\u00e5 hade de sannoligt n\u00e5gon liten ers\u00e4ttning inom ramen f\u00f6r samh\u00e4llsansvaret eller via n\u00e5got fackf\u00f6rbund.<\/p>\n<p>En som varit fattig, s\u00e4ger han, \u00e4r Johan Sta\u00ebl von Holstein, bl.a. kr\u00f6nik\u00f6r f\u00f6r Metro. Jag tror att Johan Sta\u00ebl von Holstein inte riktigt f\u00f6rst\u00e5tt vad fattigdom \u00e4r f\u00f6r n\u00e5got.<\/p>\n<p><u>Vad kan vi g\u00f6ra \u00e5t fattigdomen &#8211; i v\u00e4rlden?<\/u><br \/>\nM\u00e4nniskor sv\u00e4lter ihj\u00e4l.<br \/>\nM\u00e4nniskor utnyttjas som slavar.<\/p>\n<p><span style=\"text-decoration: underline\">Kan du och jag g\u00f6ra n\u00e5got?<\/span><br \/>\nJa, det kan vi. Vi kan agera utifr\u00e5n v\u00e5r trygga plattform. Kan vi inte ekonomiskt bidra s\u00e5 kan vi agitera.<\/p>\n<p>Vi kan ocks\u00e5 fundera lite extra n\u00e4r det \u00e4r dags f\u00f6r politikerval. Vilket eller vilka parti vill antingen m\u00e5na om eller \u00f6ka v\u00e5rt bist\u00e5nd till m\u00e4nniskor som d\u00f6r av eller lider i sin fattigdom.<\/p>\n<p>I fikarummet \u00e4r det dags att inte bara tiga still.<\/p>\n<p>I &#8217;internetrummet&#8217; via bloggar och kommentarer t.ex. kan du agitera f\u00f6r att minska v\u00e4rldens fattigdom.<\/p>\n<p><span style=\"text-decoration: underline\">G\u00e5r fattigdomen att f\u00e5 bort helt?<\/span><br \/>\nSj\u00e4lvklart! Men vi har starka ekonomiska intressen som arbetar mot. V\u00e4rldens ledande besuttna vill inte att alla ska f\u00e5 jobb. En liten arbetsl\u00f6shet \u00e4r bra, vill n\u00e5gra mena.<\/p>\n<p>P\u00e5 samma vis, diskuterar dessa besuttna, gentemot fattigdom. Om alla skulle f\u00e5 human v\u00e4lf\u00e4rd, s\u00e5 skulle deras vinster rasa. Och n\u00e5got s\u00e5dant hemskt f\u00e5r ju inte h\u00e4nda?<\/p>\n<p>Det st\u00f6rsta hotet, f\u00f6r \u00f6kad eller bevarad fattigdom, \u00e4r allts\u00e5 de besuttna. Det \u00e4r dessa vi ska agitera mot. Det \u00e4r dessa vi ska sl\u00e4pa fram i ljuset.<\/p>\n<p>De ska tvingas att uttala sin st\u00e5ndpunkt: Jag vill forts\u00e4tta vara besutten till priset av att de fattiga d\u00f6r.[\/swedish]<br \/>\n<a href=\"http:\/\/blogactionday.org\/\"><img decoding=\"async\" src=\"http:\/\/blogactionday.org\/img\/d55a40ed6ada65337b746803a2d3341fe1e6f6bd.jpg\" border=\"0\" \/><\/a><\/p>\n","protected":false},"excerpt":{"rendered":"<p>[english]Poverty In Sweden we probably have another definition on poverty compare with them that really don&#8217;t have nothing. In Sweden it shall not be possible to be real poor. What do I then mean with poor? You hawe no means &hellip; <a href=\"https:\/\/blogg.ngn.nu\/index.php\/2008\/10\/15\/blog-action-day-2008\/\">Forts\u00e4tt l\u00e4sa <span class=\"meta-nav\">&rarr;<\/span><\/a><\/p>\n","protected":false},"author":1,"featured_media":0,"comment_status":"open","ping_status":"closed","sticky":false,"template":"","format":"standard","meta":{"footnotes":""},"categories":[31,178],"tags":[537],"class_list":["post-386","post","type-post","status-publish","format-standard","hentry","category-politik","category-tankvart","tag-blog-action-day"],"_links":{"self":[{"href":"https:\/\/blogg.ngn.nu\/index.php\/wp-json\/wp\/v2\/posts\/386","targetHints":{"allow":["GET"]}}],"collection":[{"href":"https:\/\/blogg.ngn.nu\/index.php\/wp-json\/wp\/v2\/posts"}],"about":[{"href":"https:\/\/blogg.ngn.nu\/index.php\/wp-json\/wp\/v2\/types\/post"}],"author":[{"embeddable":true,"href":"https:\/\/blogg.ngn.nu\/index.php\/wp-json\/wp\/v2\/users\/1"}],"replies":[{"embeddable":true,"href":"https:\/\/blogg.ngn.nu\/index.php\/wp-json\/wp\/v2\/comments?post=386"}],"version-history":[{"count":0,"href":"https:\/\/blogg.ngn.nu\/index.php\/wp-json\/wp\/v2\/posts\/386\/revisions"}],"wp:attachment":[{"href":"https:\/\/blogg.ngn.nu\/index.php\/wp-json\/wp\/v2\/media?parent=386"}],"wp:term":[{"taxonomy":"category","embeddable":true,"href":"https:\/\/blogg.ngn.nu\/index.php\/wp-json\/wp\/v2\/categories?post=386"},{"taxonomy":"post_tag","embeddable":true,"href":"https:\/\/blogg.ngn.nu\/index.php\/wp-json\/wp\/v2\/tags?post=386"}],"curies":[{"name":"wp","href":"https:\/\/api.w.org\/{rel}","templated":true}]}}