{"id":38,"date":"2007-11-02T13:35:00","date_gmt":"2007-11-02T12:35:00","guid":{"rendered":"http:\/\/blogg.ngn.nu\/2007\/11\/02\/2007-11-02-ibland-klappar-det-till\/"},"modified":"2008-05-08T07:42:09","modified_gmt":"2008-05-08T06:42:09","slug":"2007-11-02-ibland-klappar-det-till","status":"publish","type":"post","link":"https:\/\/blogg.ngn.nu\/index.php\/2007\/11\/02\/2007-11-02-ibland-klappar-det-till\/","title":{"rendered":"2007-11-02. Ibland klappar det till."},"content":{"rendered":"<p>Var p\u00e5 jobbet. Jag hade idag ansvaret f\u00f6r v\u00e5r s.k. fredagsfika. Inget att f\u00f6rh\u00e4va sig \u00f6ver, normalt, f\u00f6r mig var det tydligen v\u00e4ldigt anstr\u00e4ngande. N\u00e4r jag var klar och satt vid min dator (jag \u00e4r IT-samordnare) s\u00e5 liksom det bara blev stopp ca kl 11:00. Men jag hade f\u00f6resatt mig att jobba till 12:00 s\u00e5 jag pressade mig.<\/p>\n<p>N\u00e4r jag sedan gick till bilen var det som om allt gick i slow motion. Kraften i benen avtog, armarna v\u00e4rkte. L\u00e4ndryggen v\u00e4rkte och s\u00e5 fick jag ont i en &#8221;fl\u00e4ck&#8221; mitt i stora stj\u00e4rtmuskeln (gluteus maximus) p\u00e5 h\u00f6gra sidan. Nacken v\u00e4rkte, k\u00e4ndes som om andas jag f\u00f6r h\u00e4ftigt s\u00e5 f\u00e5r jag en s.k. nacksp\u00e4rr. Musklerna p\u00e5 \u00f6vre delen av ryggen v\u00e4rkte. K\u00e4kmuskulaturen i k\u00e4kvinklarna v\u00e4rkte?<br \/>\nV\u00e4rk p\u00e5 h\u00f6ger handrygg. Kn\u00e4na v\u00e4rker. Och s\u00e5 d\u00e5 en n\u00e4st intill f\u00f6rlamande tr\u00f6tthet.<\/p>\n<p>N\u00e4r jag kom till bilen fick jag fram mina l\u00e4kemedel (Alvedon &amp; Brufen). Det blev 1g Alvedon och 800mg Brufen. Sedan fick jag v\u00e4nta tills det lugnade ned sig. Satt och vilade i bilen.<\/p>\n<p>K\u00f6rde hem packade ur bilen. Plockade iordning. \u00c5t mat. Nu k\u00e4nns det lite b\u00e4ttre. Ska strax g\u00e5 och l\u00e4gga mig och vila fram till klockan 15:00.<\/p>\n<p>Hustrun ska h\u00e4mtas p\u00e5 jobbet 16:00.<\/p>\n","protected":false},"excerpt":{"rendered":"<p>Var p\u00e5 jobbet. Jag hade idag ansvaret f\u00f6r v\u00e5r s.k. fredagsfika. Inget att f\u00f6rh\u00e4va sig \u00f6ver, normalt, f\u00f6r mig var det tydligen v\u00e4ldigt anstr\u00e4ngande. N\u00e4r jag var klar och satt vid min dator (jag \u00e4r IT-samordnare) s\u00e5 liksom det bara &hellip; <a href=\"https:\/\/blogg.ngn.nu\/index.php\/2007\/11\/02\/2007-11-02-ibland-klappar-det-till\/\">Forts\u00e4tt l\u00e4sa <span class=\"meta-nav\">&rarr;<\/span><\/a><\/p>\n","protected":false},"author":1,"featured_media":0,"comment_status":"open","ping_status":"closed","sticky":false,"template":"","format":"standard","meta":{"footnotes":""},"categories":[100,99,219],"tags":[279,284,250,212],"class_list":["post-38","post","type-post","status-publish","format-standard","hentry","category-css","category-sjukdom","category-trott","tag-kraftlos","tag-lakemedel","tag-nacksparr","tag-vark"],"_links":{"self":[{"href":"https:\/\/blogg.ngn.nu\/index.php\/wp-json\/wp\/v2\/posts\/38","targetHints":{"allow":["GET"]}}],"collection":[{"href":"https:\/\/blogg.ngn.nu\/index.php\/wp-json\/wp\/v2\/posts"}],"about":[{"href":"https:\/\/blogg.ngn.nu\/index.php\/wp-json\/wp\/v2\/types\/post"}],"author":[{"embeddable":true,"href":"https:\/\/blogg.ngn.nu\/index.php\/wp-json\/wp\/v2\/users\/1"}],"replies":[{"embeddable":true,"href":"https:\/\/blogg.ngn.nu\/index.php\/wp-json\/wp\/v2\/comments?post=38"}],"version-history":[{"count":0,"href":"https:\/\/blogg.ngn.nu\/index.php\/wp-json\/wp\/v2\/posts\/38\/revisions"}],"wp:attachment":[{"href":"https:\/\/blogg.ngn.nu\/index.php\/wp-json\/wp\/v2\/media?parent=38"}],"wp:term":[{"taxonomy":"category","embeddable":true,"href":"https:\/\/blogg.ngn.nu\/index.php\/wp-json\/wp\/v2\/categories?post=38"},{"taxonomy":"post_tag","embeddable":true,"href":"https:\/\/blogg.ngn.nu\/index.php\/wp-json\/wp\/v2\/tags?post=38"}],"curies":[{"name":"wp","href":"https:\/\/api.w.org\/{rel}","templated":true}]}}