{"id":368,"date":"2008-09-28T21:02:59","date_gmt":"2008-09-28T19:02:59","guid":{"rendered":"http:\/\/blogg.ngn.nu\/index.php\/2008\/09\/28\/mabrasondag\/"},"modified":"2009-06-08T15:06:38","modified_gmt":"2009-06-08T13:06:38","slug":"mabrasondag","status":"publish","type":"post","link":"https:\/\/blogg.ngn.nu\/index.php\/2008\/09\/28\/mabrasondag\/","title":{"rendered":"M\u00e5BraS\u00f6ndag"},"content":{"rendered":"<p>S\u00f6mn, helt OK. Tog hj\u00e4lp av 10mg Stesolid.<\/p>\n<p><span style=\"font-weight: bold\">Bloggfel<\/span><br \/>\nNi som med fanatiskt intresse f\u00f6ljer min &#8217;tekniska&#8217; diskussion om bloggutveckling, programmering etc kan ju forts\u00e4tta med det:<br \/>\n<a onclick=\"expand(this.id+'_080928_210945', this);\" style=\"background-color: #ffffcc; cursor: pointer\" id=\"Bloggfel\">[Visa mer&#8230;]<\/a><\/p>\n<div id=\"Bloggfel_080928_210945\" style=\"display: none\">\n<p>Det b\u00f6rjade ju h\u00e4nda mysko saker p\u00e5 den ena av mina bloggar (bilder.ngn.nu) f\u00f6r ett tags sedan. Bl.a. kunde jag inte kommentera en kommentar i samband med kommentaren(?).<\/p>\n<p>Och fredags \u00e4gnade jag en hel del tid \u00e5t att f\u00f6rs\u00f6ka klura ut vad problemet var. Idag fortsatte jag.<\/p>\n<p>Jag har en plugin, p\u00e5 bilder.ngn.nu som jag inte har p\u00e5 blogg.ngn.nu. &#8217;Collapsing Categories&#8217; en Javacript-baserad plugin som &#8217;samlar&#8217; kategorier p\u00e5 s\u00e5 vis att man kan expandera (\u00f6ppna) \/ reducera (st\u00e4nga) en rubrik eller underrubrik.<\/p>\n<p>Hade en tanke om att den kanske var minneskr\u00e4vande eller st\u00f6rde p\u00e5 n\u00e5got vis. S\u00e5 jag inaktiverade den.<br \/>\n&gt;&gt;&gt;: Hj\u00e4lpte inte.<\/p>\n<p>Packade lite i t\u00e4nket. Felmeddelande FireFox felkonsol gav var att JavaScript-funktionen movecfm() inte var definierad, i bilder.ngn.nu. Men den blev definierad i blogg.ngn.nu.<\/p>\n<p>B\u00f6rjade systematiskt att j\u00e4mf\u00f6ra r\u00e4ttigheter p\u00e5 kataloger och filer mellan blogg.ngn.nu och bilder.ngn.nu.<\/p>\n<p>Och fann f\u00f6ljande (alla andra r\u00e4ttigheter var lika):<br \/>\n<span style=\"font-family: Courier New,Courier,monospace\"> \/public_html\/blogg\/wp-content\/plugins\/: drwxr-xr-x<\/span><br style=\"font-family: Courier New,Courier,monospace\" \/><span style=\"font-family: Courier New,Courier,monospace\">\/public_html\/bilder\/wp-content\/plugins\/: drwxr&#8211;r&#8211;<\/span><\/p>\n<p>Och s\u00e5 ska det inte se ut. Jag \u00e4ndrade det till samma som f\u00f6r &#8217;blogg&#8217;.<\/p>\n<p>Uppt\u00e4ckte en annan skillnad:<br \/>\n<span style=\"font-family: Courier New,Courier,monospace\"> \/public_html\/blogg\/wp-content\/plugins\/wp-thread-comment\/<\/span><br style=\"font-family: Courier New,Courier,monospace\" \/><span style=\"font-family: Courier New,Courier,monospace\">\/public_html\/bilder\/wp-content\/plugins\/wordpress-thread-comment\/<\/span><br style=\"font-family: Courier New,Courier,monospace\" \/><br \/>\nEnligt f\u00f6rfattaren av denna plugin s\u00e5 ska katalognamnet \u00e4ndras fr\u00e5n &#8217;<span style=\"font-family: Courier New,Courier,monospace\">wordpress-thread-comment<\/span>&#8217; till &#8217;<span style=\"font-family: Courier New,Courier,monospace\">wp-thread-comment<\/span>&#8217;.<\/p>\n<p>Fixade det ocks\u00e5. Och se nu fungerar allt som jag vill.<\/p>\n<p>Helt klart en miss fr\u00e5n min sida att inte \u00e4ndra katalognamnet. Men det kan inte haft n\u00e5gon avg\u00f6rande betydelse, f\u00f6r det fungerade ju i flera m\u00e5nader. Det var ju f\u00f6rst nu under de senaste dagarna som det b\u00f6rjade kr\u00e5ngla.<\/p>\n<p>Huvudfelet l\u00e5g allts\u00e5 i de \u00e4ndrade r\u00e4ttigheterna f\u00f6r katalogen:<br \/>\n<span style=\"font-family: Courier New,Courier,monospace\">\/public_html\/bilder\/wp-content\/plugins\/<\/span><br \/>\nOch det kan jag inte bli klok p\u00e5 hur det gick till?<\/p>\n<p>Jag har inte varit inne och pillat p\u00e5 r\u00e4ttigheterna f\u00f6r den katalogen.<\/p>\n<\/div>\n<p><!-- Slut Bloggfel --><\/p>\n<p><span style=\"font-weight: bold\">Djur &amp; Natur<\/span><br \/>\nSolen skiner, det lockar. Jag tar \u00e5 drar ut till Onsj\u00f6k\u00e4rret, med kameran. Det kan ju finnas n\u00e5gon sen orm kvar?<\/p>\n<p>Hittade inte en enda. Antingen ville de inte visa sig eller s\u00e5 har de redan b\u00f6rjat dra sig till sina \u00f6vervintringsplatser. Det kan ju ocks\u00e5 vara s\u00e5 att jag var ut en v\u00e4ldigt begr\u00e4nsad tid.<\/p>\n<p>Jag hittade en fluga och tv\u00e5 spindlar. Flugan blev det inga bra bilder p\u00e5.<br \/>\nSpindlar<br \/>\n<a href=\"http:\/\/bilder.ngn.nu\/index.php\/2008\/09\/28\/spindlar-4\/\" target=\"_blank\"><img loading=\"lazy\" decoding=\"async\" src=\"http:\/\/ngn.nu\/Bilder3\/080928_DSC04824+4828_Spindel_Kompr50_w150.JPG\" alt=\"[Bild: Kvadratspindel (Arenus quadratus Araneidae)]\" height=\"102\" width=\"150\" \/><\/a><\/p>\n<p><span style=\"font-weight: bold\">Utanf\u00f6rskap<\/span><br \/>\nHar g\u00e5tt \u00e5 klurat p\u00e5 det d\u00e4r ett tag. Jag har ju h\u00f6rt det d\u00e4r begreppet f\u00f6rut, genom \u00e5ren. Inom socialtj\u00e4nsten, psykiatrin, skolan och s\u00e5 har politiker pratat om det.<br \/>\n(Varning! En massa ord.) <a onclick=\"expand(this.id+'_080928_210929', this);\" style=\"background-color: #ffffcc; cursor: pointer\" id=\"Utanforskap\">[Visa mer&#8230;]<\/a><\/p>\n<div id=\"Utanforskap_080928_210929\" style=\"display: none\">\n<p>Och till en b\u00f6rjan fattade jag det som att n\u00e4r politiker pratade om utanf\u00f6rskap s\u00e5 menade de som var arbetsl\u00f6sa.<\/p>\n<p>Innan 1\/7-08 k\u00e4nde jag mig inte ett dugg utanf\u00f6r. Efter den 1\/7-08 f\u00f6rstod jag att jag tillh\u00f6rde en grupp, som var utanf\u00f6r. Jag blev i utanf\u00f6rskap.<\/p>\n<p>Det var synd. F\u00f6r jag k\u00e4nde mig trygg, innan. Trygg i att ha f\u00f6rm\u00e5nen att ta del av det svenska trygghetssystemet.<\/p>\n<p>Hur kan man bli utanf\u00f6r fr\u00e5n den ena dagen till den andra utan att n\u00e5got konkret egentligen har intr\u00e4ffat? Fr\u00e5n trygghet till utanf\u00f6r?<\/p>\n<p><span style=\"font-weight: bold\">Vad \u00e4r utanf\u00f6rskap?<\/span><br \/>\nDet enklaste s\u00e4ttet att definiera n\u00e5got \u00e4r att ta fram dess motsats. I detta fallet \u00e4r motsatsen till utanf\u00f6r, innanf\u00f6r.<\/p>\n<p>Man \u00e4r allts\u00e5 utanf\u00f6r n\u00e5got n\u00e4r man inte \u00e4r innanf\u00f6r.<\/p>\n<p>Vad \u00e4r innanf\u00f6rskap? Hur vet man n\u00e4r man \u00e4r &#8217;inne&#8217;?<\/p>\n<p><span style=\"font-weight: bold\">Ett f\u00f6rs\u00f6k att f\u00f6rklara utanf\u00f6rskap utifr\u00e5n ett ideologiskt syns\u00e4tt<\/span><br \/>\nEtt annat s\u00e4tt att f\u00f6rs\u00f6ka f\u00e5 ordning p\u00e5 vad som egentligen \u00e4r &#8217;utanf\u00f6r&#8217; och &#8217;innanf\u00f6r&#8217; \u00e4r att studera ideologier.<\/p>\n<p>Hur ser respektive; socialism, liberalism och kapitalism (samt nissisismen) p\u00e5 begreppet utanf\u00f6rskap?<\/p>\n<p>Nu \u00e4r jag ju ingen expert p\u00e5 de d\u00e4r ideologierna (f\u00f6rutom nissisismen) men jag har l\u00e4st p\u00e5 om dem och skapat mig en uppfattning. S\u00e5 det \u00e4r den jag redovisar. Det passerar allts\u00e5 genom mitt tolkningsfilter.<\/p>\n<p><span style=\"text-decoration: underline\">Socialism<\/span><br \/>\nJag kan allts\u00e5 t\u00e4nka mig att n\u00e4r socialisten funderar p\u00e5 vem som \u00e4r utanf\u00f6r s\u00e5 kommer de nog att t\u00e4nka p\u00e5 dem som inte \u00e4r med i n\u00e5got socialt sammanhang. B\u00e5de p\u00e5 samh\u00e4llelig niv\u00e5 och individ- samt gruppniv\u00e5.<\/p>\n<p><span style=\"text-decoration: underline\">Liberalism<\/span><br \/>\nN\u00e4r liberalen funderar s\u00e5 blir nog resultatet att det m\u00e5ste vara de som ingen t\u00e4nker p\u00e5 eller som inte har n\u00e5gon som t\u00e4nker p\u00e5 dem och s\u00e5 de som frivilligt valt att st\u00e4lla sig utanf\u00f6r.<\/p>\n<p><span style=\"text-decoration: underline\">Kapitalism<\/span><br \/>\nDen sanne kapitalisten beh\u00f6ver nog inte fundera s\u00e5 v\u00e4rst mycket. Den som inte \u00e4r med att f\u00f6rvalta eller generera kapital, \u00e4r utanf\u00f6r.<\/p>\n<p>(<span style=\"text-decoration: underline\">Nissisismen<\/span><br \/>\nNissisismen anser att all utanf\u00f6rskap \u00e4r ofrivillig och \u00e4r ett specifikt uttryck f\u00f6r ett samh\u00e4lleligt misslyckande som egentligen aldrig ska intr\u00e4ffa.)<\/p>\n<p>Med tanke p\u00e5 hur f\u00f6rvirrande den politiska ideologin numer \u00e4r. Det \u00e4r ju varken det ena eller det andra. S\u00e5 \u00e4r det ingen framkomlig v\u00e4g att titta p\u00e5 ideologier f\u00f6r att f\u00f6rst\u00e5 f\u00f6rekomsten av utanf\u00f6rskap.<\/p>\n<p><span style=\"font-weight: bold\">\u00c4r det marknadens eller politikernas fel?<\/span><br \/>\nNumer \u00e4r det marknadskrafterna som styr. Inte styrkan bakom ett parti, ideologin. Det man tror p\u00e5.<\/p>\n<p>Politikerns fr\u00e4msta m\u00e5l \u00e4r allts\u00e5 att h\u00e5lla sig v\u00e4l med marknadskrafterna. Vad h\u00e4nder d\u00e5 med begreppet &#8217;utanf\u00f6rskap&#8217;? Och vad \u00e4r &#8217;utanf\u00f6r&#8217; respektive &#8217;innanf\u00f6r&#8217;?<\/p>\n<p>Personligen tror jag att det blir till n\u00e5got som hamnar p\u00e5 det personliga planet att definiera. Upp till var och en, med andra ord.<\/p>\n<p>Det f\u00e5r som effekt att politiker ofta inte pratar om samma sak &#8211; fast de tror att de g\u00f6r det. M\u00e5nga politiker har inte en aning om vad de talar om, n\u00e5gon g\u00e5ng.<\/p>\n<p>Av vilken anledning valdes just begreppet &#8217;utanf\u00f6rskap&#8217;? Ja, det marknadsf\u00f6rdes ju faktiskt. Pr\u00e4ntades in.<\/p>\n<p>Jag tror att det har med politikers f\u00f6rm\u00e5ga att dumf\u00f6rklara &#8217;massan&#8217;. F\u00f6r att att inte f\u00f6rvirra massan s\u00e5 v\u00e4ljs ett enkelt ord som alla kan f\u00f6rst\u00e5. Ingen vill ju vara utanf\u00f6r, eller hur?<\/p>\n<p>Men hur kom n\u00e5gon p\u00e5 iden att f\u00e5lla in gruppen sjukpension\u00e4rer i utanf\u00f6rskapet? Och dessutom sopa med alla som \u00e4r sjuka.<\/p>\n<p><span style=\"font-weight: bold\">Vad \u00e4r sjuk?<\/span><br \/>\nDet blir allts\u00e5 fel att vara sjuk. Framf\u00f6r allt n\u00e5gon l\u00e4ngre period. L\u00e5ngtidssjuk f\u00e5r en politiker att rysa av obehag.<\/p>\n<p>\u00c4r det fel att vara sjuk? Sj\u00e4lvklart! Motsatsen till sjuk \u00e4r frisk. Alla vill vara friska, str\u00e4var efter att vara frisk. Det \u00e4r en drift, ett behov.<\/p>\n<p>\u00c4r det normalt att vilja vara sjuk? Sj\u00e4lvklart inte! Om nu n\u00e5gon frivilligt och medvetet vill vara sjuk s\u00e5 f\u00e5r ju det anses som sjukt i sig, eller hur?<\/p>\n<p><span style=\"font-weight: bold\">Fuskare<\/span><br \/>\nD\u00e4remot, l\u00e4r det finnas personer som kallar sig sjuka men inte \u00e4r det. De ljuger. De ljuger f\u00f6r att slippa ta ansvar. De har taskig moral. Utnyttja och utnyttjas \u00e4r en livsstil f\u00f6r den h\u00e4r typen av individer &#8211; om de nu finns?<\/p>\n<p>Finns det eller har det funnits personer som egentligen \u00e4r fullt friska och lyckats lura till sig en identitet som l\u00e5ngtidssjuk? T.ex. som sjukpension\u00e4r? Vilket jag v\u00e4ljer att kalla det. Idag de som har sjukers\u00e4ttning.<\/p>\n<p>Hur m\u00e5nga \u00e4r de?<\/p>\n<p>Var det dem som politikerna var ute efter? Kanske, men mest ocks\u00e5.<\/p>\n<p><span style=\"font-weight: bold\">Inte \u00e5lderspension\u00e4r &#8211; vad \u00e4r man d\u00e5?<\/span><br \/>\nGrundpelaren i nuvarande l\u00e4ge \u00e4r att det \u00e4r fel att vara l\u00e5ngtidssjuk. Det ska inte g\u00e5 att vara sjukpension\u00e4r. Antingen ska du vara d\u00f6ende eller s\u00e5 skall du vara helt arbetsof\u00f6rm\u00f6gen.<\/p>\n<p>Att vara helt arbetsof\u00f6rm\u00f6gen v\u00e4ljer politikerna att kalla f\u00f6rtidspension\u00e4r. Blanda inte ihop det med avtalspension. \u00c4ven om de ocks\u00e5 \u00e4r ett slags f\u00f6rtidspension\u00e4rer.<\/p>\n<p>I juridisk mening finns inte den ben\u00e4mningen. Enligt lagen (b\u00e5de ny och gammal) \u00e4r det i s\u00e5 fall en person som kommer att f\u00e5 sjukers\u00e4ttning tills vidare. Sjukpension\u00e4r allts\u00e5.<\/p>\n<p><span style=\"font-weight: bold\">Kalender?<\/span><br \/>\nJag funderar p\u00e5 om det finns en liten agenda och en stor. I den stora agendan \u00e4r skapandet av begreppet &#8217;utanf\u00f6rskap&#8217; bara ett litet steg.<\/p>\n<p>Vad skulle d\u00e5 den stora agendan vara? Vad \u00e4r m\u00e5let?<\/p>\n<p>Faktiskt tror jag att det finns en mellanagenda ocks\u00e5. Och i den, n\u00e4r det g\u00e4ller halta lytta och sjuka s\u00e5 ska statliga F\u00f6rs\u00e4kringskassan bort och ers\u00e4ttas med privata initiativ. De stora f\u00f6rs\u00e4kringsbolagen allts\u00e5. Skandia, Folksam m.fl. vilka samtliga har ett humanistiskt och fint syns\u00e4tt och g\u00e5r att lita p\u00e5 i alla v\u00e4der, eller hur?<\/p>\n<p>Ett delm\u00e5l i den stora agendan \u00e4r allts\u00e5 att privatisera allt utom politikerna sj\u00e4lva. De ska givetvis forts\u00e4ttningsvis f\u00f6rs\u00f6rjas av staten -&gt; skattebetalarna -&gt; folket.<\/p>\n<p>Jag f\u00f6rst\u00e5r inte denna \u00f6vertro, p\u00e5 att marknaden, kapitalismen har en inneboende god kraft? Det m\u00e5ste den ha, s\u00e4ger kapitalisten, annars skulle den inte vara s\u00e5 stark och framg\u00e5ngsrik.<\/p>\n<p>\u00c4r det inte bara att erk\u00e4nna rakt av. Den som \u00e4r rik vill bli rikare. Det handlar om makt.<\/p>\n<p><span style=\"font-weight: bold\">Vad h\u00e4nder sedan?<\/span><br \/>\nN\u00e4sta angrepp i termer av utanf\u00f6rskap tror jag kommer att ske mot offentliga sektorn.<\/p>\n<p>Det gjordes ett tappert f\u00f6rs\u00f6k f\u00f6r n\u00e5gra (m\u00e5nga) \u00e5r sedan. Borgerliga politiker ville d\u00e5 diskutera den n\u00e4rande respektive den t\u00e4rande sektorn. Den n\u00e4rande var d\u00e5 den direkt producerande och den t\u00e4rande var rakt av den offentliga sektorn.<\/p>\n<p>Nedmonteringen b\u00f6rjade och h\u00e5ller p\u00e5 \u00e4n. Medlemskapet i EU satte extra fart och innebar att svenska politiker f\u00f6rlorade makten. Ja faktiskt.<\/p>\n<p>I och f\u00f6r sig r\u00e4tt s\u00e5 sk\u00f6nt att inte k\u00e4nna sig s\u00e5 ensam i utanf\u00f6rskapet. Det vore v\u00e4l fint om vi blev n\u00e5gra miljoner till. Vi \u00e4r ju nu bara runt halvmiljonen nu. (arbetsl\u00f6sa or\u00e4knade)<\/p>\n<p><span style=\"font-weight: bold\">Inne eller ute?<\/span><br \/>\nJag vill nog h\u00e4vda att jag inte alls \u00e4r i utanf\u00f6rskap. Jag \u00e4r b\u00e5de med och inne i en massa verksamheter och sammanhang.<\/p>\n<p>Det \u00e4r bara det att jag \u00e4r f\u00f6r sjuk f\u00f6r att klara av att arbeta &#8211; och d\u00e4rf\u00f6r \u00e4r jag satt i utanf\u00f6rskap.<\/p>\n<p>\u00c4r inte det i skamligaste laget? Sparka p\u00e5 den som redan ligger. Sl\u00e5 undan benen p\u00e5 den som redan st\u00e5r ostadigt. Fy sk\u00e4ms!<\/p>\n<p><span style=\"font-weight: bold\">Arbete<\/span><br \/>\nKom jag d\u00e5 os\u00f6kt att t\u00e4nka p\u00e5. Vad \u00e4r arbete?<\/p>\n<p>Har ni t\u00e4nkt p\u00e5 att det finns arbetare och tj\u00e4nstem\u00e4n? \u00c4r inte tj\u00e4nstem\u00e4n arbetare? Sj\u00e4lvklart, fast \u00e4nd\u00e5 inte riktigt. En riktig arbetare \u00e4r den som tar i med sin egen kropp. En som \u00e4r p\u00e5 &#8217;golvet&#8217;.<\/p>\n<p>[N\u00e4r jag arbetade som s.k. mentalsk\u00f6tare p\u00e5 psykogeriatriska (\u00e4ldre med psykiska problem) v\u00e5rdavdelningar s\u00e5 slet jag s\u00e5 svetten lackade. Men, eftersom jag var anst\u00e4lld i offentligheten och avl\u00f6nad via skattepengar s\u00e5 ans\u00e5g inte fabriksgossarna (ja, det var &#8217;grabbar&#8217; det handlade om, p\u00e5 den tiden) att jag var &#8217;producerande&#8217;. Och d\u00e4rmed var allts\u00e5 inte mitt arbete ett &#8217;riktigt&#8217; arbete &#8211; sicken idioti!]<\/p>\n<p>Tj\u00e4nstem\u00e4nnen finns bara f\u00f6r att de ostyriga (grov)arbetarna inte \u00e4r tillr\u00e4ckligt beg\u00e5vade f\u00f6r att fatta att de m\u00e5ste styras och kontrolleras. Skarpt tillspetsat men likv\u00e4l n\u00e4ra sanningen, tror jag.<\/p>\n<p>\u00d6ver tj\u00e4nstem\u00e4nnen kommer &#8217;\u00e4garna&#8217;. De som ser till att det blir av. De med riskkapital och &#8217;r\u00e4tt&#8217; kunskap. Utan dem skulle allt falla osv.<\/p>\n<p>Men hall\u00e5! \u00c4r inte detta ganska f\u00f6rlegat. Visst resonerar jag typ 30-tal? B\u00e5de ja och nej men mest ja.<\/p>\n<p>Problemet \u00e4r kanske att marknaden \/ kapitalismen \u00e4r konservativ? Vad vet jag?<\/p>\n<p><span style=\"font-weight: bold\">Framg\u00e5ng?<\/span><br \/>\nDet l\u00e4r vara s\u00e5 att Sverige \u00e4r ett av v\u00e4rldens fr\u00e4msta l\u00e4nder n\u00e4r det g\u00e4ller produktion av tj\u00e4nster. Smaka p\u00e5 det &#8217;tj\u00e4nster&#8217;. Inte arbete eller arbetare, utan tj\u00e4nster.<\/p>\n<p>Det finns t.o.m. n\u00e5got numer som kallas f\u00f6r tj\u00e4nstesektorn. \u00c4r den n\u00e4rande eller t\u00e4rande?<\/p>\n<p>Marknaden \u00e4r \u00f6vertygad om att den \u00e4r n\u00e4rande. Jag \u00e4r mer tveksam jag vilka \u00e4r det som g\u00f6r &#8217;klipp&#8217; och bl\u00e5ser folk p\u00e5 en massa pengar d\u00e4r gr\u00e4nsen till kriminalitet \u00e4r h\u00e5rfin. Som jag ser det. Det verkar inte alls n\u00e4rande i min uppfattningsv\u00e4rld.<\/p>\n<p>[Jag l\u00e4mnade min tro p\u00e5 socialdemokratin n\u00e4r jag f\u00f6rstod att n\u00e4r de pratade om arbetare menade de tj\u00e4nstem\u00e4n (och d\u00e4rmed tj\u00e4nstesektorn).]<\/p>\n<p>Troligtvis beror det p\u00e5 att det finns fler tj\u00e4nstem\u00e4n (administrat\u00f6rer, konsulter, konsulenter och enskilda n\u00e4ringsidkare och entrepen\u00f6rer) \u00e4n vad det finns (riktiga) arbetare. Och att sverige fortfarande \u00e4r en stor kunskapsproducent. \u00c4r det s\u00e5?<\/p>\n<p>Ja, jag tror d\u00e5 i alla fall att det \u00e4r s\u00e5. All ekonomisk och politisk diskussion pekar p\u00e5 det.<\/p>\n<p><span style=\"font-weight: bold\">Sysselsatt<\/span><br \/>\nJag s\u00e5g helst att vi generaliserade och b\u00f6rjade prata om syssels\u00e4ttning, rakt av, i st\u00e4llet. Och en syssels\u00e4ttning kan vara mer eller mindre inkomstbringande.<\/p>\n<p>Det betyder: Jag \u00e4r idag fullt sysselsatt med att intala min sjuka kropp att k\u00e4nna sig frisk. Och d\u00e4rmed s\u00e5 borde jag rimligtvis inte vara i utanf\u00f6rskap.<\/p>\n<p>D\u00e4r kn\u00f6t jag v\u00e4l ihop den s\u00e4cken p\u00e5 ett tjusigt vis?<\/p>\n<\/div>\n<p><!-- Slut Utanforskap --><\/p>\n<p><span style=\"font-weight: bold\">Bes\u00f6k<\/span><br \/>\nSonen kom och h\u00e4lsade p\u00e5 och mat fick han ocks\u00e5. H\u00e5ll \u00f6gonen p\u00e5 &#8217;ars-spes&#8217;. Det kan bli n\u00e5got. Mer yppar jag inte.<\/p>\n<p><span style=\"font-weight: bold\">Varmvattenjympan<\/span><br \/>\nM\u00e4rkligt, men det gick j\u00e4ttebra. T\u00e4nkte att det nog g\u00e5r \u00e5t pipan i och med att jag \u00f6veranstr\u00e4ngde mig ig\u00e5r. Det v\u00e4rkte till som f-n i v\u00e4nster ben men jag valde att strunta i det och bara g\u00f6ra just den r\u00f6relsen lite f\u00f6rsiktigare och d\u00e5 sl\u00e4ppte det. Bara \u00e5 tacka \u00e5 ta emot.<\/p>\n<p><span style=\"font-weight: bold\">H\u00e4lsol\u00e4get<\/span><br \/>\nJust nu tjuter det som f-n i huvudet men jag \u00e4r mycket n\u00f6jd med dagen som helhet. Har bara beh\u00f6vt vila en g\u00e5ng. K\u00e4nns bra.<\/p>\n","protected":false},"excerpt":{"rendered":"<p>S\u00f6mn, helt OK. Tog hj\u00e4lp av 10mg Stesolid. Bloggfel Ni som med fanatiskt intresse f\u00f6ljer min &#8217;tekniska&#8217; diskussion om bloggutveckling, programmering etc kan ju forts\u00e4tta med det: [Visa mer&#8230;] Det b\u00f6rjade ju h\u00e4nda mysko saker p\u00e5 den ena av mina &hellip; <a href=\"https:\/\/blogg.ngn.nu\/index.php\/2008\/09\/28\/mabrasondag\/\">Forts\u00e4tt l\u00e4sa <span class=\"meta-nav\">&rarr;<\/span><\/a><\/p>\n","protected":false},"author":1,"featured_media":0,"comment_status":"open","ping_status":"closed","sticky":false,"template":"","format":"standard","meta":{"footnotes":""},"categories":[444,899,338,391,31,343],"tags":[291,286,234,355,212,298],"class_list":["post-368","post","type-post","status-publish","format-standard","hentry","category-bilder","category-bloggutv","category-djur","category-forsakringskassan","category-politik","category-ryggen","tag-jympa","tag-marknaden","tag-sjukersattning","tag-spindel","tag-vark","tag-wordpress"],"_links":{"self":[{"href":"https:\/\/blogg.ngn.nu\/index.php\/wp-json\/wp\/v2\/posts\/368","targetHints":{"allow":["GET"]}}],"collection":[{"href":"https:\/\/blogg.ngn.nu\/index.php\/wp-json\/wp\/v2\/posts"}],"about":[{"href":"https:\/\/blogg.ngn.nu\/index.php\/wp-json\/wp\/v2\/types\/post"}],"author":[{"embeddable":true,"href":"https:\/\/blogg.ngn.nu\/index.php\/wp-json\/wp\/v2\/users\/1"}],"replies":[{"embeddable":true,"href":"https:\/\/blogg.ngn.nu\/index.php\/wp-json\/wp\/v2\/comments?post=368"}],"version-history":[{"count":0,"href":"https:\/\/blogg.ngn.nu\/index.php\/wp-json\/wp\/v2\/posts\/368\/revisions"}],"wp:attachment":[{"href":"https:\/\/blogg.ngn.nu\/index.php\/wp-json\/wp\/v2\/media?parent=368"}],"wp:term":[{"taxonomy":"category","embeddable":true,"href":"https:\/\/blogg.ngn.nu\/index.php\/wp-json\/wp\/v2\/categories?post=368"},{"taxonomy":"post_tag","embeddable":true,"href":"https:\/\/blogg.ngn.nu\/index.php\/wp-json\/wp\/v2\/tags?post=368"}],"curies":[{"name":"wp","href":"https:\/\/api.w.org\/{rel}","templated":true}]}}