{"id":367,"date":"2008-09-27T21:54:12","date_gmt":"2008-09-27T19:54:12","guid":{"rendered":"http:\/\/blogg.ngn.nu\/index.php\/2008\/09\/27\/masslordag\/"},"modified":"2009-06-08T15:07:37","modified_gmt":"2009-06-08T13:07:37","slug":"masslordag","status":"publish","type":"post","link":"https:\/\/blogg.ngn.nu\/index.php\/2008\/09\/27\/masslordag\/","title":{"rendered":"M\u00e4ssL\u00f6rdag"},"content":{"rendered":"<p>S\u00f6mn, lite oroligt. Berodde s\u00e4kert p\u00e5 omedvetna funderingar om hur resan till GBG och Bok&amp;Biblioteksm\u00e4ssan skulle g\u00e5.<\/p>\n<p><span style=\"font-weight: bold\">Bok&amp;Biblioteksm\u00e4ssan<\/span><br \/>\nEfter att vi k\u00f6rt igenom ett P-hus. \u00c5kte vi \u00f6ver till Lisebergssidan, d\u00e4r hittade vi parkering, till mer \u00e4n halva priset&#8230;<\/p>\n<p>Jag hade tagit med mig en s.k., dramaten. Shoppingv\u00e4ska p\u00e5 hjul. Och innan vi gav oss iv\u00e4g dopade jag mig med en koffeintablett.<\/p>\n<p>Jag packade ocks\u00e5 med 4 burkar (2 gick \u00e5t) med energidryck och mina mediciner.<\/p>\n<p>Extra kl\u00e4der var med, ifall jag skulle b\u00f6rja svettas &#8211; oh\u00e4mmat&#8230;<\/p>\n<p>Vi b\u00f6rjade med fika och lade upp lite planer. Hustrun &#8217;bokade&#8217; in massor &#8211; inte jag inte. H\u00e4r tar vi det som det kommer.<\/p>\n<p>Jag strosade runt, i en serpentinslinga och klarade av att avverka hela m\u00e4ssan &#8211; under dagen. Lite besv\u00e4rligt var det med tr\u00e4ngseln och alla m\u00e4nniskor som inte s\u00e5g min v\u00e4ska, p\u00e5 hjul. De snubblade och fastnade, ja, ja&#8230;<\/p>\n<p>Jag njuter av att f\u00e5 vandra runt och suga in mediaatmosf\u00e4ren. Inte en bok k\u00f6pte jag. D\u00e4remot k\u00f6pte jag en CD, av Carl-Einar H\u00e4ckner. Den heter &#8221;Or\u00e4ttvisor&#8221;.<br \/>\n<a href=\"http:\/\/bilder.ngn.nu\/index.php\/2008\/09\/27\/carl-einar-hackner\/\" target=\"_blank\"><img loading=\"lazy\" decoding=\"async\" src=\"http:\/\/ngn.nu\/Bilder3\/080927_DSC02334_Hackner_MassanGBG_w150.JPG\" alt=\"[Bild: Carl-Einar H\u00e4ckner (Homo sapiens)]\" height=\"149\" width=\"150\" \/><\/a><br \/>\nJag hittade Carl-Einar n\u00e4r jag kom vandrandes, i sakta mak, f\u00f6rbi monter B05:60 (Sveriges Tidskrifter). Visste ni att Carl-Einar figurerar som kr\u00f6nik\u00f6r? I flera medier, faktiskt; Metallarbetaren, G\u00f6teborgs-Posten och Dagens Arbete.<\/p>\n<p>Bert Karlsson s\u00e5g jag ocks\u00e5. Och Jan Guillou, i monter: B07:40 (F\u00f6rfattarf\u00f6rbundet).<br \/>\n<a href=\"http:\/\/bilder.ngn.nu\/index.php\/2008\/09\/27\/kandisar\/#Guillou\" target=\"_blank\"><img loading=\"lazy\" decoding=\"async\" src=\"http:\/\/ngn.nu\/Bilder3\/080927_DSC02337_Guillou_Massan_w150.JPG\" alt=\"[Bild: Jan Guillou (Homo sapiens)]\" height=\"121\" width=\"150\" \/><\/a><br \/>\nHan skulle prata om sin nya bok &#8221;Men inte om det g\u00e4ller din dotter&#8221;. Men jag h\u00f6r bara orerande, just d\u00e5, om politik och politiker. Och, JG \u00e4r ingen bloggv\u00e4n&#8230;<\/p>\n<p>Lasse \u00c5berg s\u00e5g jag och hustrun precis n\u00e4r vi kom. Och sedan hittade jag honom i monter: A01:42 (Kartago F\u00f6rlag)<br \/>\n<a href=\"http:\/\/bilder.ngn.nu\/index.php\/2008\/09\/27\/kandisar\/#Aberg\" target=\"_blank\"><img loading=\"lazy\" decoding=\"async\" src=\"http:\/\/ngn.nu\/Bilder3\/080927_DSC02339_Aberg_Ola_Massan_w150.JPG\" alt=\"[Bild: Lasse \u00c5berg (Homo sapiens) &amp; Ola Skog\u00e4ng (Homo sapiens)]\" height=\"114\" width=\"150\" \/><\/a><br \/>\nD\u00e4r satt han och signerade sin bok &#8221;Souvenirer &#8211; en inblick i den exotiska formv\u00e4rld som flyger under esteternas radar. &#8217;en samling smakl\u00f6sa souvenirer'&#8221; tillsammans med Ola Skog\u00e4ng som signerade sin &#8221;Theo &#8211; Mumiens blod&#8221;.<\/p>\n<p>Och precis n\u00e4r jag m\u00f6tt Mark Levengood s\u00e5 st\u00f6tte han ihop med Ulrika Davidsson.<br \/>\n<a href=\"http:\/\/bilder.ngn.nu\/index.php\/2008\/09\/27\/kandisar\/#Levengood\" target=\"_blank\"><img loading=\"lazy\" decoding=\"async\" src=\"http:\/\/ngn.nu\/Bilder3\/080927_DSC02340_Levengood_Davidsson_w150.JPG\" alt=\"[Bild: Mark Levengood (Homo sapiens) &amp; Ulrika Davidsson (Homo sapiens)]\" height=\"137\" width=\"150\" \/><\/a><\/p>\n<p> Ni som \u00e4r uppm\u00e4rksamma har s\u00e4kert noterat att jag avidentifierat personer, i bild, som inte tillh\u00f6r kategorin &#8217;k\u00e4ndisar&#8217;. Det ska man g\u00f6ra enligt PUL (PersonUppgiftsLagen).<\/p>\n<p>I och f\u00f6r sig \u00e4r det OK att fotografera &#8217;folksamlingar&#8217; utan att inh\u00e4mta samtycke. Men h\u00e4r kommer det liksom n\u00e4rmre s\u00e5 jag valde &#8217;skydda&#8217; icke k\u00e4nda individer.<\/p>\n<p>Och d\u00e4rmed vill jag framf\u00f6r en urs\u00e4kt till alla k\u00e4ndisar som jag m\u00f6tt och inte sett eller k\u00e4nt igen, sorry.<\/p>\n<p>Det jag letade efter, var en bok om svenska spindlar &#8211; hittade ingen.<\/p>\n<p>Det jag mest fick med fr\u00e5n m\u00e4ssan var nog inspiration &#8211; det f\u00e5r nog bli en bok. Id\u00e9er \u00e4r det ju gott om. Problemet \u00e4r orken.<\/p>\n<p><span style=\"font-weight: bold\">H\u00e4lsol\u00e4get<\/span><br \/>\nMed tanke p\u00e5 dagens \u00e4ventyr s\u00e5 \u00e4r jag imponerad av att jag inte stupade direkt i s\u00e4ng. Men jag \u00e4r v\u00e4l speedad&#8230;<\/p>\n","protected":false},"excerpt":{"rendered":"<p>S\u00f6mn, lite oroligt. Berodde s\u00e4kert p\u00e5 omedvetna funderingar om hur resan till GBG och Bok&amp;Biblioteksm\u00e4ssan skulle g\u00e5. Bok&amp;Biblioteksm\u00e4ssan Efter att vi k\u00f6rt igenom ett P-hus. \u00c5kte vi \u00f6ver till Lisebergssidan, d\u00e4r hittade vi parkering, till mer \u00e4n halva priset&#8230; Jag &hellip; <a href=\"https:\/\/blogg.ngn.nu\/index.php\/2008\/09\/27\/masslordag\/\">Forts\u00e4tt l\u00e4sa <span class=\"meta-nav\">&rarr;<\/span><\/a><\/p>\n","protected":false},"author":1,"featured_media":0,"comment_status":"open","ping_status":"closed","sticky":false,"template":"","format":"standard","meta":{"footnotes":""},"categories":[444,343,383],"tags":[520,521],"class_list":["post-367","post","type-post","status-publish","format-standard","hentry","category-bilder","category-ryggen","category-utflykt","tag-bokmassa","tag-kandisar"],"_links":{"self":[{"href":"https:\/\/blogg.ngn.nu\/index.php\/wp-json\/wp\/v2\/posts\/367","targetHints":{"allow":["GET"]}}],"collection":[{"href":"https:\/\/blogg.ngn.nu\/index.php\/wp-json\/wp\/v2\/posts"}],"about":[{"href":"https:\/\/blogg.ngn.nu\/index.php\/wp-json\/wp\/v2\/types\/post"}],"author":[{"embeddable":true,"href":"https:\/\/blogg.ngn.nu\/index.php\/wp-json\/wp\/v2\/users\/1"}],"replies":[{"embeddable":true,"href":"https:\/\/blogg.ngn.nu\/index.php\/wp-json\/wp\/v2\/comments?post=367"}],"version-history":[{"count":0,"href":"https:\/\/blogg.ngn.nu\/index.php\/wp-json\/wp\/v2\/posts\/367\/revisions"}],"wp:attachment":[{"href":"https:\/\/blogg.ngn.nu\/index.php\/wp-json\/wp\/v2\/media?parent=367"}],"wp:term":[{"taxonomy":"category","embeddable":true,"href":"https:\/\/blogg.ngn.nu\/index.php\/wp-json\/wp\/v2\/categories?post=367"},{"taxonomy":"post_tag","embeddable":true,"href":"https:\/\/blogg.ngn.nu\/index.php\/wp-json\/wp\/v2\/tags?post=367"}],"curies":[{"name":"wp","href":"https:\/\/api.w.org\/{rel}","templated":true}]}}