{"id":366,"date":"2008-09-26T20:26:39","date_gmt":"2008-09-26T18:26:39","guid":{"rendered":"http:\/\/blogg.ngn.nu\/index.php\/2008\/09\/26\/handelserik-fredag\/"},"modified":"2008-09-26T20:26:39","modified_gmt":"2008-09-26T18:26:39","slug":"handelserik-fredag","status":"publish","type":"post","link":"https:\/\/blogg.ngn.nu\/index.php\/2008\/09\/26\/handelserik-fredag\/","title":{"rendered":"H\u00e4ndelserik Fredag"},"content":{"rendered":"<p>S\u00f6mn<\/p>\n<p><span style=\"font-weight: bold\">Bildfixande<\/span><br \/>\nI g\u00e5r kv\u00e4ll gjorde jag det sista p\u00e5 bilderna fr\u00e5n den <a href=\"http:\/\/bilder.ngn.nu\/index.php\/2008\/09\/20\/\" target=\"_blank\">20 september 2008<\/a>. Publicerade.<br \/>\nOch idag uppdaterades ocks\u00e5 inl\u00e4gget <a href=\"https:\/\/blogg.ngn.nu\/index.php\/2008\/09\/20\/festlordag-2\/\">FestL\u00f6rdag 20\/9-08<\/a>.<\/p>\n<p><span style=\"font-weight: bold\">Bloggfel<\/span><br \/>\nDet har smugit sig in n\u00e5got mysko fel i bloggen; bilder.ngn.nu?<br \/>\n<a onclick=\"expand(this.id+'_080926_200912', this);\" style=\"background-color: #ffffcc; cursor: pointer\" id=\"RUBRIK\">[Visa mer&#8230;]<\/a><\/p>\n<div id=\"RUBRIK_080926_200912\" style=\"display: none\">\n<p>N\u00e4r jag vill svara p\u00e5 en kommentar s\u00e5 kan jag ju (och andra) normalt klicka p\u00e5 en liten kommentarl\u00e4nk under respektive kommentar. S\u00e5 kommentaren liksom hamnar &#8217;r\u00e4tt&#8217;.<\/p>\n<p>Nu har den d\u00e4r funktionen best\u00e4mt sig f\u00f6r att l\u00e4gga av, i bilder.ngn.nu. Men den fungerar i blogg.ngn.nu?<\/p>\n<p>(Det ska g\u00e5 att kommentera p\u00e5 vanligt vis i bilder.ngn.nu)<\/p>\n<p>Jag misst\u00e4nker att det kan ha n\u00e5got med mina \u00e4ndringar av hur webbl\u00e4saren FireFox anv\u00e4nder minnet.<\/p>\n<p>I bilder.ngn.nu har jag en plugin som fixar s\u00e5 att kategorier samlas snyggt.<br \/>\nDen funktionen har jag inte i blogg.ngn.nu. D\u00e4r \u00e4r det l\u00f6st p\u00e5 ett annat s\u00e4tt.<\/p>\n<p>S\u00e5 det blir att detektivarbeta lite&#8230;<\/p>\n<p>1. Pr\u00f6var p\u00e5 en annan dator som inte har FireFox utan Internet Explorer.<br \/>\n&gt;&gt;&gt;: Icke. Samma fel i IE. Allts\u00e5 ligger problemet n\u00e5gon annan stans, attans!<\/p>\n<p>2. Det hela fungerade den 21 september 2008. N\u00e5got har allts\u00e5 &#8217;h\u00e4nt&#8217; sedan dess? Det enda jag gjort \u00e4r att l\u00e4gga till en s.k. plugin f\u00f6r att &#8217;g\u00f6mma&#8217; s.k. EXIF-data.<br \/>\nPr\u00f6var med att inaktivera den.<br \/>\n&gt;&gt;&gt;: Hj\u00e4lpte inte.<\/p>\n<p>3. \u00d6ppnar man FireFox s.k. Felkonsol, rensar den och sedan klickar p\u00e5: &#8221;Kommentar[er] till NN&#8221; s\u00e5 ser jag att i bilder.ngn.nu &#8217;flaggar&#8217; felkonsolen f\u00f6r att en JavaScripts-funktion: movecfm() inte \u00e4r s.k definierad. Det blir den i blogg.ngn.nu. Och det \u00e4r just den funktionen som m\u00f6jligg\u00f6r faciliteten att kunna skriva kommentarsberoende kommentarer (hierarkiska).<\/p>\n<p>S\u00e5, vad kommer det sig att denna definiering fungerar i bilder.ngn.nu fr\u00e5n den ena dagen och inte nu? Samtidigt som den fungerar felfritt i blogg.ngn.nu?<\/p>\n<p>I bilder.ngn.nu anv\u00e4nder jag WP version 2.5.1 och blogg.ngn.nu WP version 2.3.3. Men s\u00e5 har det varit \u00e4nda sedan jag startade bilder.ngn.nu.<\/p>\n<p>4. Noterar att det flaggas f\u00f6r en uppdatering av &#8217;WordPress Thread Comment&#8221;. Fr\u00e5n version 1.3 till 1.4.8.1. Jag samlar mod och satsar p\u00e5 en automatisk uppgradering.<br \/>\n&gt;&gt;&gt;: Hj\u00e4lpte inte ett skit. Och s\u00e5 &#8217;raderades&#8217; en del av mina gamla inst\u00e4llningar.<\/p>\n<p>5. D\u00e5 \u00e5terst\u00e5r att fiska i om det kan ha blivit n\u00e5got lurt med filr\u00e4ttigheter p\u00e5 serverniv\u00e5. Har aktuell fil, den som inneh\u00e5ller funktionen movecfm() samma r\u00e4ttigheter i b\u00e4gge bloggarna.<br \/>\nI bilder.ngn.nu: katalog: bilder\/wp-content\/plugins\/wordpress-thread-comment: drwxr-xr-x<br \/>\nI blogg.ngn.nu:  katalog: bilder\/wp-content\/plugins\/wordpress-thread-comment: drwxr-xr-x<\/p>\n<p>I bilder.ngn.nu: fil: \/wordpress-thread-comment\/wp-thread-comment.js.php:  -rw-r&#8211;r&#8211;<br \/>\nI blogg.ngn.nu:  fil: \/wordpress-thread-comment\/wp-thread-comment.js: -rw-r&#8211;r&#8211;<\/p>\n<p>H\u00e4r \u00e4r ju n\u00e5got lurt? Visserligen \u00e4r filr\u00e4ttigheterna samma men det \u00e4r bytt teknik p\u00e5 hur funktionen movecfm() defineras. I den f\u00f6rra versionen (1.3) skedde det genom att via ett s.k filanrop med ett JavaScript i.<\/p>\n<p>Nu \u00e4r det \u00e4ndrat till att filen anropas som en JavaScript-fil men via en php-fil? Och detta g\u00f6rs inom den s.k. kommentar-formen?<\/p>\n<p>Kollade igen, p\u00e5 en annan dator, med IE. Och \u00e4ven d\u00e4r fungera det inte i bilder.ngn.nu.<\/p>\n<p>Nu b\u00f6rjar det bli r\u00f6rigt. Jag l\u00e5ter den h\u00e4r utredningen vila lite&#8230;<\/p>\n<\/div>\n<p><!-- Slut RUBRIK --><\/p>\n<p><span style=\"font-weight: bold\">Sjukgymnastiken<\/span><br \/>\nFungerar riktigt bra. I alla fall f\u00f6r l\u00e4ndryggen. I nackregionen, ja eller i hela \u00f6vre delen av kroppen h\u00e4nder inget. Eventuellt s\u00e4mre.<\/p>\n<p><span style=\"font-weight: bold\">Bokm\u00e4ssa<\/span><br \/>\nDet \u00e4r bokm\u00e4ssa i GBG nu, fr\u00e5n torsdag till s\u00f6ndag. Jag t\u00e4nker \u00e5ka dit, i morgon l\u00f6rdag. Nu f\u00f6rs\u00f6ker jag hitta en \u00f6vernattning (till s\u00f6ndagen) f\u00f6r tv\u00e5 personer, till rimligt pris. J\u00f6sses! Inte det l\u00e4ttaste.<\/p>\n<p>Det blir till att konferera med hustrun, nu p\u00e5 eftermiddagen, n\u00e4r hon kommit fr\u00e5n jobbet.<\/p>\n<p><span style=\"text-decoration: underline\">Diskussionsresultat<\/span>: Det blir ett dagsbes\u00f6k.<\/p>\n<p><span style=\"font-weight: bold\">GNYu<\/span><br \/>\nV\u00e5r fina sammanslutning <span style=\"font-weight: bold\">GNYu<\/span> (<span style=\"font-weight: bold\">G<\/span>n\u00e4llspikarnas <span style=\"font-weight: bold\">N<\/span>ordiska <span style=\"font-weight: bold\">Y<\/span>ammer <span style=\"font-weight: bold\">u<\/span>nion) har f\u00e5tt till\u00f6kning. <span style=\"font-weight: bold\">Gn\u00e4llspik<\/span> <a href=\"http:\/\/www.ammie035.st\/\" target=\"_blank\">Ammie035<\/a> h\u00e4lsas v\u00e4lkommen!<\/p>\n<p><span style=\"font-weight: bold\">H\u00e4lsol\u00e4get<\/span><br \/>\nF\u00f6rb\u00e4ttringen av l\u00e4ndryggen verkar ske p\u00e5 bekostnad av resten av kroppen&#8230;<\/p>\n","protected":false},"excerpt":{"rendered":"<p>S\u00f6mn Bildfixande I g\u00e5r kv\u00e4ll gjorde jag det sista p\u00e5 bilderna fr\u00e5n den 20 september 2008. Publicerade. Och idag uppdaterades ocks\u00e5 inl\u00e4gget FestL\u00f6rdag 20\/9-08. Bloggfel Det har smugit sig in n\u00e5got mysko fel i bloggen; bilder.ngn.nu? [Visa mer&#8230;] N\u00e4r jag &hellip; <a href=\"https:\/\/blogg.ngn.nu\/index.php\/2008\/09\/26\/handelserik-fredag\/\">Forts\u00e4tt l\u00e4sa <span class=\"meta-nav\">&rarr;<\/span><\/a><\/p>\n","protected":false},"author":1,"featured_media":0,"comment_status":"open","ping_status":"closed","sticky":false,"template":"","format":"standard","meta":{"footnotes":""},"categories":[444,899,343,424],"tags":[117,298],"class_list":["post-366","post","type-post","status-publish","format-standard","hentry","category-bilder","category-bloggutv","category-ryggen","category-sjukgymnastik","tag-gnyu","tag-wordpress"],"_links":{"self":[{"href":"https:\/\/blogg.ngn.nu\/index.php\/wp-json\/wp\/v2\/posts\/366","targetHints":{"allow":["GET"]}}],"collection":[{"href":"https:\/\/blogg.ngn.nu\/index.php\/wp-json\/wp\/v2\/posts"}],"about":[{"href":"https:\/\/blogg.ngn.nu\/index.php\/wp-json\/wp\/v2\/types\/post"}],"author":[{"embeddable":true,"href":"https:\/\/blogg.ngn.nu\/index.php\/wp-json\/wp\/v2\/users\/1"}],"replies":[{"embeddable":true,"href":"https:\/\/blogg.ngn.nu\/index.php\/wp-json\/wp\/v2\/comments?post=366"}],"version-history":[{"count":0,"href":"https:\/\/blogg.ngn.nu\/index.php\/wp-json\/wp\/v2\/posts\/366\/revisions"}],"wp:attachment":[{"href":"https:\/\/blogg.ngn.nu\/index.php\/wp-json\/wp\/v2\/media?parent=366"}],"wp:term":[{"taxonomy":"category","embeddable":true,"href":"https:\/\/blogg.ngn.nu\/index.php\/wp-json\/wp\/v2\/categories?post=366"},{"taxonomy":"post_tag","embeddable":true,"href":"https:\/\/blogg.ngn.nu\/index.php\/wp-json\/wp\/v2\/tags?post=366"}],"curies":[{"name":"wp","href":"https:\/\/api.w.org\/{rel}","templated":true}]}}