{"id":356,"date":"2008-09-16T22:28:15","date_gmt":"2008-09-16T20:28:15","guid":{"rendered":"http:\/\/blogg.ngn.nu\/index.php\/2008\/09\/16\/blandad-tisdag\/"},"modified":"2009-06-08T15:12:09","modified_gmt":"2009-06-08T13:12:09","slug":"blandad-tisdag","status":"publish","type":"post","link":"https:\/\/blogg.ngn.nu\/index.php\/2008\/09\/16\/blandad-tisdag\/","title":{"rendered":"Blandad Tisdag"},"content":{"rendered":"<p>S\u00f6mn ua.<\/p>\n<p><span style=\"font-weight: bold\">Politiker och F\u00f6rtidspension<\/span><br \/>\nDen grupp politikerna avser n\u00e4r de felaktigt anv\u00e4nder begreppet &#8221;F\u00f6rtidspension&#8221; \u00e4r l\u00e5ngtidssjuka.<\/p>\n<p>Dessa l\u00e5ngtidssjuka f\u00e5r antingen sjukers\u00e4ttning eller sjukpenning.<br \/>\n<a onclick=\"expand(this.id+'_080916_220932', this);\" style=\"background-color: #ffffcc; cursor: pointer\" id=\"Politik_FP\">[Visa mer&#8230;]<\/a><\/p>\n<div id=\"Politik_FP_080916_220932\" style=\"display: none\">\n<p>Den 1\/7-08 beslutade politiken bl.a. att den tidsbegr\u00e4nsade sjukers\u00e4ttningen ska f\u00f6rsvinna, men finnas kvar i en \u00f6verg\u00e5ngsperiod, som mest fram till 2010.<\/p>\n<p>Kvar blir sjukers\u00e4ttning tills vidare. Den som f\u00e5r det och har anst\u00e4llning f\u00e5r ett upps\u00e4gningsbesked, snabbt som attan.<\/p>\n<p>Innan det kallades sjukers\u00e4ttning, hette det sjukbidrag.<\/p>\n<p>Oavsett vad det kallas och kallades s\u00e5 blir man sjukpension\u00e4r.<\/p>\n<p>Man kan ocks\u00e5 f\u00e5 s.k. avtalspension vid t.ex. f\u00f6retagsnedl\u00e4ggningar.<\/p>\n<p>N\u00e4r politiken s\u00e4ger &#8221;F\u00f6rtidspension&#8221; \u00e4r det allts\u00e5 os\u00e4kert vad det \u00e4r de egentligen avser. Och jag tror att det \u00e4r en medveten strategi, sjukpension\u00e4rer l\u00e5ter s\u00e5 &#8221;sjukt&#8221; och d\u00e5 blir det sv\u00e5rare att tala om \u00e5terg\u00e5ng till arbete och rehabilitering.<\/p>\n<p>En sak \u00e4r dock klar och som tydligen \u00e4r obekv\u00e4m att orera om och det \u00e4r; vad kommer det sig att en sjukpension\u00e4r (l\u00e5ngtidssjuk) blivit s\u00e5 sjuk s\u00e5 den inte kan jobba helte eller delvis?<\/p>\n<p>Hur m\u00e5nga av dessa 70000-550000 m\u00e4nniskor k\u00f6rde slut p\u00e5 sig i arbetslivet just f\u00f6r att detta arbetsliv kr\u00e4vde det, via (eviga) omorganisationer och s.k. effektiviseringar.<\/p>\n<p>Begreppet &#8221;utbr\u00e4ndhet&#8221; blev vardagsmat. N\u00e4r h\u00e4nde det?<\/p>\n<p>Att t.ex. en rygg slits ut, vems fel \u00e4r det? Den enskilde? Ett cyniskt kr\u00e4vande arbetsliv? Eller vad?<\/p>\n<p>Hur m\u00e5nga av de 70000-550000 \u00e4r skador och olyckor?<\/p>\n<p>Hur m\u00e5nga av de 70000-550000 \u00e4r det som har sv\u00e5ra och mycket livsbegr\u00e4nsande sjukdomar som t.ex. MS (Multipel Skleros), Fibromyalgi, Njursvikt, Hj\u00e4rtsvikt etc.<\/p>\n<p>Vet politiken det? Vill de veta det?<\/p>\n<p>Hur m\u00e5nga blir det kvar som &#8221;tvingats ut i utanf\u00f6rskap&#8221;? Av vem? Av vad?<\/p>\n<p>\u00c4r Svenskt N\u00e4ringsliv en doldis bland orsakerna till de flesta &#8221;F\u00f6rtidpension\u00e4rerna&#8221;?<br \/>\nDet \u00e4r min \u00f6vertygelse tills motsatsen \u00e4r bevisad.<\/p>\n<p>Alla politiker, oavsett parti, b\u00e4r skulden till den effektiviserings- och omorganisationshysteri som startades, f\u00f6r m\u00e5nga \u00e5r sedan, i samband med v\u00e5rt medlemskap till EU. Och det p\u00e5g\u00e5r i lavinfart.<\/p>\n<p>Och fr\u00e4msta anledningen \u00e4r; att det ska sparas pengar. Och jag anser att det sker p\u00e5 bekostnad av m\u00e4nniskors h\u00e4lsa.<\/p>\n<p>Hur rehabiliterar vi bort det?<\/p>\n<p>Svensk nuvarande politik, oavsett partif\u00e4rg, bidrar till \u00f6kad klasskillnad (fattig blir rellativt fattigare och rik, rikare).<br \/>\nSamt \u00f6kad segregation. Det \u00e4r en stor skam hur Sverige behandlar flyktingar.<\/p>\n<\/div>\n<p><!-- Slut Politik_FP --><\/p>\n<p><span style=\"font-weight: bold\">Fr\u00e5gor till Anita Brod\u00e9n (fp)<\/span><br \/>\nSkickade ett meddelande till henne med anledning av en debatttext som hon skrivit under i ttela 080916.<br \/>\n<a onclick=\"expand(this.id+'_080916_220925', this);\" style=\"background-color: #ffffcc; cursor: pointer\" id=\"Politik_AB\">[Visa mer&#8230;]<\/a><\/p>\n<div id=\"Politik_AB_080916_220925\" style=\"display: none\">\n<p>Hej Anita,<\/p>\n<p>Jag representerar en av de d\u00e4r 550000 i &#8221;utanf\u00f6rskap&#8221;.<\/p>\n<p>Jag skulle vilja veta hur du\/ni definierar &#8221;F\u00f6rtidspension&#8221;.<\/p>\n<p>Sedan skulle jag vilja veta hur m\u00e5nga av de 550000 som har arbetsrelaterade skador och sjukdomar.<\/p>\n<p>Kan du f\u00f6rklara f\u00f6r mig hur borttagandet av, hel eller delvis, tidsbegr\u00e4nsad sjukers\u00e4ttning (som m\u00f6jligg\u00f6r f\u00f6r den sjuke att ha sin anst\u00e4llning kvar) ses som en f\u00f6rb\u00e4ttring?<\/p>\n<p>Samt, du skriver: &#8221;Att ers\u00e4ttningsniv\u00e5n dessutom endast l\u00e5g p\u00e5 64 procent blev ytterligare en sten p\u00e5 b\u00f6rda.&#8221; I samband med den formuleringen; Vad ligger ers\u00e4ttningsniv\u00e5n p\u00e5 vid nuvarande sjukers\u00e4ttning tills vidare? Som kommer att vara kvar.<br \/>\nOch vad menar Ni att alternativet \u00e4r?<\/p>\n<p>Till slut skulle jag vilja veta vad er mening med &#8221;rehabilitering&#8221; egentligen inneb\u00e4r, konkret.<\/p>\n<p>V\u00e4nligen<\/p>\n<p>Nils-Gunnar Nordlund<\/p>\n<\/div>\n<p><!-- Slut Politik_AB --><\/p>\n<p><span style=\"font-weight: bold\">Rapport till FK<\/span><br \/>\n<a onclick=\"expand(this.id+'_080916_220904', this);\" style=\"background-color: #ffffcc; cursor: pointer\" id=\"Rapport_FK\">[Visa mer&#8230;]<\/a><\/p>\n<div id=\"Rapport_FK_080916_220904\" style=\"display: none\">\n<p>Hej NN,<\/p>\n<p>h\u00e4r kommer en liten rapport.<\/p>\n<p><span style=\"font-weight: bold\">L\u00e4karbes\u00f6k:<\/span><br \/>\nDr NN 14:00 15\/9-08, \u00e4r nu avklarat. Dr skickar ett medicinskt underlag till dig.<\/p>\n<p><span style=\"font-weight: bold\">Nuvarande aktiviteter:<\/span><br \/>\nRegelbundna bes\u00f6k till kurator NN.<br \/>\nRegelbunden tr\u00e4ning hos distriktsjukgymnastiken, VBG, 2ggr\/v. Nu \u00e4r det bara Pilatesliknande stabiliserings\u00f6vningar f\u00f6r de muskler som sitter n\u00e4rmast l\u00e4ndryggen. (G\u00f6r jag annat, mer anstr\u00e4ngande, g\u00e5r muskler och diskar s\u00f6nder).<br \/>\nHar b\u00f6rjat (14\/9-08) som s.k. v\u00e4rd p\u00e5 Friskis&amp;Svettis Varmvattenjympa i Distrikssjukgymnastikens Rehabbad s\u00f6nd 18:00.<br \/>\nPromenerar och cyklar n\u00e4r kropp, v\u00e4der och vind till\u00e5ter det.<\/p>\n<p><span style=\"font-weight: bold\">Fr\u00e5ga:<\/span><br \/>\nHar FK n\u00e5gon m\u00f6jlighet att p\u00e5verka s\u00e5 att jag kan bli medicinskt frisk?<\/p>\n<p>V\u00e4nligen<\/p>\n<p>Nils-Gunnar Nordlund<br \/>\nYYMMDD-XXXX<\/p>\n<p>PS<br \/>\nHoppas att ni finner arbetsro trotts omorganisation och nya regler.<br \/>\nDS<\/p>\n<\/div>\n<p><!-- Slut Rapport_FK --><\/p>\n<p><span style=\"font-weight: bold\">Sm\u00e4rta som f\u00f6rsvinner<\/span><br \/>\nVisst \u00e4r det konstigt. Jag bet mig, tre g\u00e5nger, p\u00e5 samma st\u00e4lle, p\u00e5 insidan av underl\u00e4ppen, f\u00f6rra l\u00f6rdagen.<\/p>\n<p>Och jag hade j\u00e4tteont och det tog tid innan det l\u00e4kte och jag ojjade mig \u00f6ver att ska detta aldrig l\u00e4ka.<\/p>\n<p>Nu k\u00e4nner jag inget. Och det gjorde jag troligen inte ig\u00e5r heller. Och det \u00e4r l\u00f6gn att komma p\u00e5 precis n\u00e4r det slutade k\u00e4nnas.<\/p>\n<p>D\u00e4remot att komma ih\u00e5g n\u00e4r det b\u00f6rjade &#8211; inga problem.<\/p>\n<p>Detta \u00e4r en del av dynamiken i det jag kallar sm\u00e4rtminnet.<\/p>\n<p><span style=\"font-weight: bold\">Djur &amp; Hem<\/span><br \/>\nFick se en svart fl\u00e4ck mellan f\u00f6nsterrutorna i ett av k\u00f6ksf\u00f6nstret.<br \/>\nDet var en s\u00e5dan h\u00e4r:<br \/>\n<a href=\"http:\/\/bilder.ngn.nu\/index.php\/2008\/09\/16\/nyckelpiga-4\/\" target=\"_blank\"><img loading=\"lazy\" decoding=\"async\" src=\"http:\/\/ngn.nu\/Bilder3\/080916_DSC04619_Nyckelpiga_Kompr60_w150.JPG\" alt=\"2-prickig nyckelpiga (Adalia bipunctata Coccinellidae)\" height=\"114\" width=\"150\" \/><\/a><\/p>\n<p><span style=\"font-weight: bold\">Dietist<\/span> och IBS<br \/>\nFick svar, fr\u00e5n en dietist, p\u00e5 Sahlgrenska Astma- och Allergimottagning, om det d\u00e4r papperet jag fick fr\u00e5n V\u00e5rdcentralsdoktorn. Det var bara ett papper men dietisten skickade likv\u00e4l med ytterligare tv\u00e5 dokument. H\u00e4r nedan kan ni l\u00e4sa alla tre, om IBS (Irritable Bowel Syndrome):<br \/>\n<strong> Generella kostr\u00e5d vid IBS (Irritable Bowel Syndrome)<\/strong>:<br \/>\n<a onclick=\"expand(this.id+'_080916_220909', this);\" style=\"background-color: #ffffcc; cursor: pointer\" id=\"IBS_01\">[Visa mer&#8230;]<\/a><\/p>\n<div id=\"IBS_01_080916_220909\" style=\"display: none\">\n<p>Sahlgrenska Universitetssjukhuset                2008-06-25<br \/>\nAstma- och Allergimottagningen<br \/>\nDietistverksamheten<\/p>\n<p><span style=\"font-weight: bold\"><br \/>\nGenerella kostr\u00e5d vid IBS (Irritable Bowel Syndrome)<\/span><\/p>\n<p> Vid IBS kan det vara s\u00e5 att tarmen r\u00f6r sig f\u00f6r fort eller f\u00f6r l\u00e5ngsamt och p\u00e5 s\u00e5 s\u00e4tt orsakar diarr\u00e9 eller f\u00f6rstoppning. Tarmen kan ocks\u00e5 vara k\u00e4nsligare f\u00f6r vissa processer som sker n\u00e4r maten kommer ner i tarmen, t ex den j\u00e4sningsprocess som sker n\u00e4r kolhydrater kommer ner i tjocktarmen. Besv\u00e4ren vid IBS kan variera mycket b\u00e5de i sv\u00e5righetsgrad och i typ av besv\u00e4r. Samma person kan ha olika besv\u00e4r vid olika tidpunkter. Kosten har ibland viss betydelse vid dessa besv\u00e4r. Du b\u00f6r t\u00e4nka p\u00e5 f\u00f6ljande saker:<\/p>\n<p><span style=\"font-weight: bold\">\u00c4t regelbundet<\/span> t ex frukost, lunch och middag samt 2-3 mellanm\u00e5l. Det b\u00f6r inte g\u00e5 f\u00f6r l\u00e5ngt mellan m\u00e5ltiderna s\u00e5 att du blir j\u00e4ttehungrig och \u00e4ter mycket p\u00e5 en g\u00e5ng. Regelbundenhet och lagom portioner ger en j\u00e4mnare belastning p\u00e5 tarmen. F\u00f6r att kunna genomf\u00f6ra detta kr\u00e4vs det vanligtvis att man planerar sin math\u00e5llning.<\/p>\n<p><span style=\"font-weight: bold\">\u00c4t i lugn och ro<\/span> och ta dig tid att <span style=\"font-weight: bold\">tugga ordentligt<\/span>. Annars ger du tarmen on\u00f6digt mycket jobb med att bearbeta f\u00f6dan.<\/p>\n<p><span style=\"font-weight: bold\">Vid problem med gaser b\u00f6r du t\u00e4nka p\u00e5:<\/span><br \/>\n-att tugga med st\u00e4ngd mun (t\u00e4nk p\u00e5 att om du pratar n\u00e4r du \u00e4ter sv\u00e4ljer du mycket luft).<br \/>\n-att undvika kolsyrade drycker och att tugga tuggummi.<br \/>\n-att undvika s\u00f6tningsmedel i t ex sockerfritt godis, tuggummi och light-saft.<br \/>\n-att undvika gasbildande livsmedel: framf\u00f6r allt l\u00f6k men \u00e4ven k\u00e5l, b\u00f6nor, \u00e4rtor, linser, paprika, plommon samt skal p\u00e5 gurka, \u00e4pple och p\u00e4ron.<\/p>\n<p><span style=\"font-weight: bold\">Var f\u00f6rsiktig med fett, starka kryddor, kaffe och alkohol<\/span><br \/>\nEn del patienter med IBS upplever \u00f6kade besv\u00e4r av fet mat, starkt kryddad mat, kaffe (bl a stimulerar kaffe tarmens r\u00f6relser), koffein och alkohol.<\/p>\n<p><span style=\"font-weight: bold\">Fibberrik mat \u00e4r inte alltid gynnsam<\/span> Om du \u00e4r f\u00f6rstoppad kan \u00f6kad m\u00e4ngd fibrer i kosten hj\u00e4lpa, men om du har problem med diarr\u00e9 kan f\u00f6r mycket fibrer f\u00f6rv\u00e4rra dina besv\u00e4r!<br \/>\n<span style=\"text-decoration: underline\">Vid f\u00f6rstoppning:<\/span> \u00d6ka intaget av grovt br\u00f6d, grova flingor, rotsaker och gr\u00f6nsaker. Men gl\u00f6m inte att samtidigt \u00f6ka intaget av v\u00e4tska! Annars blir det torrt i tarmen och f\u00f6rstoppningen kan bli v\u00e4rre. L\u00e4gg g\u00e4rna n\u00e5gra katrinplommon eller 1-2 msk linfr\u00f6 eller psylliumfr\u00f6 i bl\u00f6t \u00f6ver natten och ta det sedan i samband med frukosten. G\u00f6r detta dagligen. Vid behov b\u00e5de morgon och kv\u00e4ll.<br \/>\n<span style=\"text-decoration: underline\">Vid diarr\u00e9:<\/span> Var m\u00e5ttlig med grovt br\u00f6d och grova flingor. Koka rotfrukter och gr\u00f6nsaker, det tolereras oftast b\u00e4ttre \u00e4n r\u00e5a gr\u00f6nsaker. Ibland g\u00e5r det b\u00e4ttre om man mixar de kokta gr\u00f6nsakerna. B\u00e4r brukar g\u00e5 b\u00e4ttre \u00e4n frukt. H\u00e5rdost, te, mogna bananer, bl\u00e5b\u00e4r, pasta och rismj\u00f6l kan verka stoppande. <span style=\"font-weight: bold\">Tips:<\/span> prova att \u00e4ta \u00bd-1 dl bl\u00e5b\u00e4r p\u00e5 morgonen, eller att ta 1-3 tsk Husk\/Fiberhusk utr\u00f6rt i lite vatten\/juice\/yoghurt. G\u00f6r detta 1-2 g\u00e5nger per dag.<\/p>\n<p><span style=\"font-weight: bold\">V\u00e4tska \u00e4r viktigt!<\/span><br \/>\n<span style=\"text-decoration: underline\">Vid f\u00f6rstoppning<\/span> \u00e4r v\u00e4tska viktigt f\u00f6r att tarminneh\u00e5llet inte skall bli f\u00f6r torrt: 3 liter\/dygn!<br \/>\n<span style=\"text-decoration: underline\">Vid diarr\u00e9<\/span> \u00e4r det viktigt att ers\u00e4tta den v\u00e4tska man f\u00f6rlorar, t\u00e4nk p\u00e5 att dricka mycket vatten eller eventuellt v\u00e4tskeers\u00e4ttning som finns att k\u00f6pa p\u00e5 Apoteket.<\/p>\n<p><span style=\"font-weight: bold\">Om du r\u00f6ker eller snusar b\u00f6r du \u00f6verv\u00e4ga att sluta f\u00f6r magens skull!<\/span><\/p>\n<\/div>\n<p><!-- Slut IBS_01 --><\/p>\n<p><strong>Faktorer att fundera p\u00e5 n\u00e4r man har IBS<\/strong>:<br \/>\n<a onclick=\"expand(this.id+'_080916_220904', this);\" style=\"background-color: #ffffcc; cursor: pointer\" id=\"IBS_02\">[Visa mer&#8230;]<\/a><\/p>\n<div id=\"IBS_02_080916_220904\" style=\"display: none\">\n<p>Sahlgrenska Universitetssjukhuset        2008-01-23<br \/>\nAstma- och Allergimottagningen<br \/>\nDietistverksamheten<\/p>\n<p> <span style=\"font-weight: bold\">Faktorer att fundera p\u00e5 n\u00e4r man har IBS<\/span><\/p>\n<p> <span style=\"font-weight: bold\">Generella kostr\u00e5d vid IBS<\/span><br \/>\nSe separat <span style=\"text-decoration: line-through\">stencil<\/span> dokument<\/p>\n<p><span style=\"font-weight: bold\">Regelbundna toalettvanor<\/span><br \/>\nDet \u00e4r viktigt att g\u00e5 p\u00e5 toaletten n\u00e4r man beh\u00f6ver och att man tar god tid p\u00e5 sig. Att h\u00e5lla sig kan ge magsm\u00e4rtor och p\u00e5 sikt kan det eventuellt leda till problem med tarmt\u00f6mningen.<\/p>\n<p><span style=\"font-weight: bold\">Stress<\/span><br \/>\nF\u00f6rs\u00f6k identifiera stressfaktorer \u2013 om m\u00f6jligt minska stressen eller eliminera stressfaktorerna.<br \/>\nMotion minskar stressk\u00e4nsligheten och \u00e4r bra mot f\u00f6rstoppning.<br \/>\nBra s\u00f6mn leder ocks\u00e5 till minskad stressk\u00e4nslighet \u2013 vid s\u00f6mnproblem kan man f\u00e5 tips och r\u00e5d p\u00e5 Internet, bl.a. p\u00e5 Sjukv\u00e5rdsr\u00e5dgivningens hemsida: <a href=\"http:\/\/www.sjukvardsradgivningen.se\/artikel.asp?CategoryID=21097\" target=\"_blank\">www.sjukvardsradgivningen.se\/artikel.asp?CategoryID=21097<\/a><br \/>\nAvslappnings\u00f6vningar, massage, tai chi, qi gong, stresshantering mm. kan ocks\u00e5 vara bra hj\u00e4lpmedel.<\/p>\n<p><span style=\"font-weight: bold\"> Psykisk h\u00e4lsa<\/span><br \/>\nFundera \u00f6ver om det finns orosmoment i tillvaron, om m\u00f6jligt f\u00f6rs\u00f6k f\u00f6r\u00e4ndra situationerna som skapar oro.<br \/>\nIbland kan det vara bra med en professionell samtalskontakt, t.ex. kurator eller psykolog.<\/p>\n<p><span style=\"font-weight: bold\"> Receptfria l\u00e4kemedel fr\u00e5n Apoteket mot t.ex.<\/span><br \/>\nF\u00f6rstoppning<br \/>\nHalsbr\u00e4nna<br \/>\nGasbesv\u00e4r<br \/>\nDiarr\u00e9<\/p>\n<p><span style=\"font-weight: bold\"> Var f\u00f6rsiktigt med l\u00e4kemedel som kan irritera magslemhinnan, t.ex.<\/span><br \/>\nAcetylsalicylsyra (bl.a. Magnecyl, Treo)<br \/>\nIbuprofen (bl.a. Ipren, Ibumetin, Alindrin)<\/p>\n<p><span style=\"font-weight: bold\">Tobak<\/span><br \/>\nCigaretter och snus kan p\u00e5verka magen och tarmarna p\u00e5 ett negativt s\u00e4tt, \u00f6verv\u00e4g att sluta! Det finns hj\u00e4lp att f\u00e5, h\u00f6r med din v\u00e5rdcentral om de har tobaksavv\u00e4njning.<\/p>\n<p><span style=\"font-weight: bold\">Probiotika<\/span><br \/>\nSe separat <span style=\"text-decoration: line-through\">stencil<\/span> dokument<\/p>\n<\/div>\n<p><!-- Slut IBS_02 --><\/p>\n<p><strong>PROBIOTIKA<\/strong>:<br \/>\n<a onclick=\"expand(this.id+'_080916_220935', this);\" style=\"background-color: #ffffcc; cursor: pointer\" id=\"IBS_03\">[Visa mer&#8230;]<\/a><\/p>\n<div id=\"IBS_03_080916_220935\" style=\"display: none\">\n<p>Sahlgrenska Universitetssjukhuset                2007-10-01<br \/>\nAstma- och Allergimottagningen<br \/>\nDietistverksamheten<\/p>\n<p><span style=\"font-weight: bold\">PROBIOTIKA<\/span><\/p>\n<p>Probiotika \u00e4r en produkt inneh\u00e5llande mj\u00f6lksyrabakterier som g\u00f6r nytta i tarmen. Dessa bakterier kan ibland hj\u00e4lpa till att normalisera en obalanserad tarmflora.<\/p>\n<p>En obalanserad tarmflora kan man f\u00e5 av stress, processade livsmedel, l\u00e4kemedel mm. Symtomen \u00e4r ofta diarr\u00e9, buller och k\u00f6rningar, gaser, samt buksm\u00e4rta p g a att gaserna sp\u00e4nner ut tjocktarmen.<\/p>\n<p>Det finns en m\u00e4ngd olika bakterier i probiotiska produkter och det \u00e4r olika v\u00e4l dokumenterat vilken effekt de har. En del m\u00e4nniskor kan m\u00e5 b\u00e4ttre i sin mage och tarm av att tillf\u00f6ra goda bakterier regelbundet f\u00f6r att h\u00e5lla magen lugn. Det kan ta flera m\u00e5nader (ibland \u00e5r!) att normalisera en obalanserad tarmflora. Prova g\u00e4rna olika sorter!<\/p>\n<p><span style=\"font-weight: bold\">Rekommendation<\/span>:<br \/>\n<span style=\"text-decoration: underline\">En kur med probiotika<\/span> inneb\u00e4r intag av probiotika i tablett\/kapselform: dosering enligt<br \/>\nf\u00f6rpackningen i minst 3 m\u00e5nader.<\/p>\n<p><span style=\"font-weight: bold\">I f\u00f6rsta hand rekommenderas probiotika i magsaftsresistent kapsel f\u00f6r annars d\u00f6r <\/span><br style=\"font-weight: bold\" \/> <span style=\"font-weight: bold\">merparten av bakterierna i mags\u00e4ckens sura milj\u00f6.<\/span><\/p>\n<p> F\u00f6r den som inte har s\u00e5 stora besv\u00e4r kan det r\u00e4cka att anv\u00e4nda probiotiska produkter. H\u00e4r nedan ser du n\u00e5gra olika f\u00f6rslag. OBS! Bakterierna d\u00f6r av syre, vilket inneb\u00e4r att det finns gott om bakterier i en ny\u00f6ppnad f\u00f6rpackning, men inga levande bakterier kvar n\u00e4sta dag! Satsa d\u00e4rf\u00f6r hellre p\u00e5 shots av olika slag!<\/p>\n<hr \/>\n<p> <span style=\"font-weight: bold\">Exempel p\u00e5 mj\u00f6lkprodukter med bra bakterier:<\/span><br \/>\n-Cultura filmj\u00f6lk och yoghurt med <span style=\"font-style: italic\">Lactobacillus casei F19<\/span><br \/>\n-Verum h\u00e4lsofil med <span style=\"font-style: italic\">Lactococcus lactis L1A<\/span><br \/>\n-Danone Actimel med <span style=\"font-style: italic\">Lactobacillus casei Immunitass<\/span><\/p>\n<hr \/>\n<p><span style=\"font-weight: bold\">Exempel p\u00e5 mj\u00f6lkfria alternativ med bra bakterier:<\/span><br \/>\n-Cultura fruktsoppa (nyponsoppa och bl\u00e5b\u00e4rssoppa) <span style=\"font-style: italic\">Lactobacillus casei F19<\/span><br \/>\n-Proviva fruktdryck eller Proviva shot med <span style=\"font-style: italic\">Lactobacillus Plantarum 299v<\/span>. Studier har visat viss effekt p\u00e5 buksvullnad och gaser. (OBS! Proviva Active inneh\u00e5ller mj\u00f6lk)<\/p>\n<hr \/>\n<p><span style=\"font-weight: bold\">Exempel p\u00e5 probiotika i kapsel (magsaftsresistent):<\/span><br \/>\nBifolac <span style=\"font-style: italic\">Lactobacillus rhamnosus, Bifidobacterium longum<\/span>    (Apoteket)<\/p>\n<hr \/>\n<p>Observera att all probiotika inledningsvis kan ge lite besv\u00e4r med t ex gaser. Det brukar minska successivt.<\/p>\n<\/div>\n<p><!-- Slut IBS_03 --><\/p>\n<p><span style=\"font-weight: bold\">Svampjakt<\/span><br \/>\nHustrun tog med mig upp p\u00e5 Hunneberg. D\u00e4r letade vi upp n\u00e5gra Kantareller och f\u00e5ngade dem. Det blev tv\u00e5 sm\u00e5 p\u00e5sar. N\u00e5gon hade varit p\u00e5 samma plats n\u00e5gon dag innan&#8230;<\/p>\n<p><span style=\"font-weight: bold\">Djur &amp; Natur<\/span> &#8211; p\u00e5 Hunneberg<br \/>\nMest hade jag att g\u00f6ra med hjortflugor. Hur m\u00e5nga som helst! J\u00e4kligt irriterande. Men jag hittade lite annat ocks\u00e5, \u00e4ven om os\u00e4kerhetsfaktorn \u00e4r stor.<br \/>\nLarv<br \/>\n<a href=\"http:\/\/bilder.ngn.nu\/index.php\/2008\/09\/16\/larv\/\" target=\"_blank\"><img loading=\"lazy\" decoding=\"async\" src=\"http:\/\/ngn.nu\/Bilder3\/080916_DSC04628_Larv_Kompr94_w150.JPG\" alt=\"Larv Hagtornsfj\u00e4ril (Aporia crataegi)\" height=\"106\" width=\"150\" \/><\/a><\/p>\n<p>Spindel<br \/>\n<a href=\"http:\/\/bilder.ngn.nu\/index.php\/2008\/09\/16\/spindel-10\/\" target=\"_blank\"><img loading=\"lazy\" decoding=\"async\" src=\"http:\/\/ngn.nu\/Bilder3\/080916_DSC04624_Spindel_Kompr94_w150.JPG\" alt=\"?Spindel?\" height=\"108\" width=\"150\" \/><\/a><\/p>\n<p><span style=\"font-weight: bold\">Mor&amp;Far<\/span><br \/>\nVi tog den v\u00e4gen hem. Hj\u00e4lpte dem lite med n\u00e5gra grejer.<\/p>\n<p><span style=\"font-weight: bold\">H\u00e4lsol\u00e4get<\/span><br \/>\nV\u00e4rken i h\u00f6ger arm och ben samt l\u00e4ndrygg \u00f6kar.<\/p>\n<p>Och just nu; V\u00e4ser det som f-n i huvudet s\u00e5 nu \u00e4r det b\u00e4dden som g\u00e4ller.<\/p>\n","protected":false},"excerpt":{"rendered":"<p>S\u00f6mn ua. Politiker och F\u00f6rtidspension Den grupp politikerna avser n\u00e4r de felaktigt anv\u00e4nder begreppet &#8221;F\u00f6rtidspension&#8221; \u00e4r l\u00e5ngtidssjuka. Dessa l\u00e5ngtidssjuka f\u00e5r antingen sjukers\u00e4ttning eller sjukpenning. [Visa mer&#8230;] Den 1\/7-08 beslutade politiken bl.a. att den tidsbegr\u00e4nsade sjukers\u00e4ttningen ska f\u00f6rsvinna, men finnas kvar &hellip; <a href=\"https:\/\/blogg.ngn.nu\/index.php\/2008\/09\/16\/blandad-tisdag\/\">Forts\u00e4tt l\u00e4sa <span class=\"meta-nav\">&rarr;<\/span><\/a><\/p>\n","protected":false},"author":1,"featured_media":0,"comment_status":"open","ping_status":"closed","sticky":false,"template":"","format":"standard","meta":{"footnotes":""},"categories":[444,338,391,31,343,383],"tags":[510,411,355,212],"class_list":["post-356","post","type-post","status-publish","format-standard","hentry","category-bilder","category-djur","category-forsakringskassan","category-politik","category-ryggen","category-utflykt","tag-larv","tag-nyckelpiga","tag-spindel","tag-vark"],"_links":{"self":[{"href":"https:\/\/blogg.ngn.nu\/index.php\/wp-json\/wp\/v2\/posts\/356","targetHints":{"allow":["GET"]}}],"collection":[{"href":"https:\/\/blogg.ngn.nu\/index.php\/wp-json\/wp\/v2\/posts"}],"about":[{"href":"https:\/\/blogg.ngn.nu\/index.php\/wp-json\/wp\/v2\/types\/post"}],"author":[{"embeddable":true,"href":"https:\/\/blogg.ngn.nu\/index.php\/wp-json\/wp\/v2\/users\/1"}],"replies":[{"embeddable":true,"href":"https:\/\/blogg.ngn.nu\/index.php\/wp-json\/wp\/v2\/comments?post=356"}],"version-history":[{"count":0,"href":"https:\/\/blogg.ngn.nu\/index.php\/wp-json\/wp\/v2\/posts\/356\/revisions"}],"wp:attachment":[{"href":"https:\/\/blogg.ngn.nu\/index.php\/wp-json\/wp\/v2\/media?parent=356"}],"wp:term":[{"taxonomy":"category","embeddable":true,"href":"https:\/\/blogg.ngn.nu\/index.php\/wp-json\/wp\/v2\/categories?post=356"},{"taxonomy":"post_tag","embeddable":true,"href":"https:\/\/blogg.ngn.nu\/index.php\/wp-json\/wp\/v2\/tags?post=356"}],"curies":[{"name":"wp","href":"https:\/\/api.w.org\/{rel}","templated":true}]}}