{"id":33,"date":"2007-10-28T17:21:00","date_gmt":"2007-10-28T16:21:00","guid":{"rendered":"http:\/\/blogg.ngn.nu\/2007\/10\/28\/min-sjukhistoria-2004-2a-upplagan\/"},"modified":"2009-05-25T20:40:04","modified_gmt":"2009-05-25T18:40:04","slug":"min-sjukhistoria-2004-2a-upplagan","status":"publish","type":"post","link":"https:\/\/blogg.ngn.nu\/index.php\/2007\/10\/28\/min-sjukhistoria-2004-2a-upplagan\/","title":{"rendered":"Min sjukhistoria 2004 (2:a upplagan)"},"content":{"rendered":"<p> <big><strong><a href=\"https:\/\/blogg.ngn.nu\/index.php\/2007\/10\/24\/min-sjukhistoria-2001-2a-upplagan\/\" title=\"Sjukhistorian 2001\">2001<\/a> <a href=\"https:\/\/blogg.ngn.nu\/index.php\/2007\/10\/28\/min-sjukhistoria-2002-2a-upplagan\/\" title=\"Sjukhistorian 2002\">2002<\/a> <a href=\"https:\/\/blogg.ngn.nu\/index.php\/2007\/10\/28\/min-sjukhistoria-2003-2a-upplagan\/\" title=\"Sjukhistorian 2003\">2003<\/a> 2004 <a href=\"https:\/\/blogg.ngn.nu\/index.php\/2007\/10\/28\/min-sjukhistoria-2005-2a-upplagan\/\" title=\"Sjukhistorian 2005\">2005<\/a> <a href=\"https:\/\/blogg.ngn.nu\/index.php\/2007\/10\/28\/min-sjukhistoria-2006-2a-upplagan\/\" title=\"Sjukhistorian 2006\">2006<\/a><\/strong><\/big><\/p>\n<p>I mitten p\u00e5 januari k\u00f6pte vi (jag) en hund, en l\u00e5ngh\u00e5rig Collietik, tref\u00e4rgad. Hon fick namnet Tessie. Jag ville ha henne mest f\u00f6r att jag hade s\u00e5 mycket tankar som var inriktade p\u00e5 det sjuka. Jag var ofta vr\u00e5ng, arg och l\u00e4ttirriterad. Mina besv\u00e4r upptog mitt liv mer och mer. Jag t\u00e4nkte att ett s\u00e4tt att bryta det d\u00e4r \u00e4r att tvingas fokusera p\u00e5 n\u00e5got annat. Och hustrun var med p\u00e5 noterna.<\/p>\n<p>I b\u00f6rjan p\u00e5 2004 var jag och fick fotograferat hela ryggraden. Nedre delen s\u00e5g snygg och ren ut. \u00d6vre delen som vid f\u00f6rra r\u00f6ntgen. N\u00e5gra m\u00e5nader efter sl\u00e4tr\u00f6ntgen digitaliserade de min halsrygg. En s.k. Magnetr\u00f6ntgen. Den visade att min ryggrad och en del ryggradsnerver var ganska s\u00e5 rej\u00e4lt tilltryckta, av s.k. osteofyter. Fast det stod det inte p\u00e5 utl\u00e5tandet. R\u00f6ntgenl\u00e4karen som tolkat magnetr\u00f6ntgen kunde tydligen inte se skillnad p\u00e5 osteofyter och diskbr\u00e5ck (f\u00f6rstod jag senare).<br \/>\nJag tycket det i alla fall var v\u00e4ldigt sk\u00f6nt att f\u00e5 se den d\u00e4r magnetr\u00f6ntgen. Nu s\u00e5g jag ju vad det berodde p\u00e5 att jag var s\u00e5 d\u00e5lig.<\/p>\n<p>Kallduschen kommer i april 2004. D\u00e5 tr\u00e4ffar jag samma ortoped\u00f6verl\u00e4kares som i december 2001, d\u00e5 sa han att det var inget att g\u00f6ra, det tar 3-5 \u00e5r innan det g\u00e5r \u00f6ver och s\u00e5 sa han en andra massa dumheter. Ja t.ex. att nackbesv\u00e4r och tinnitus har inget samband med varandra, det \u00e4r ju tv\u00e5 olika organ \u2013 sa han. S\u00e5 jag hade inget st\u00f6rre f\u00f6rtroende f\u00f6r den h\u00e4r s.k. doktorn och inga stora f\u00f6rv\u00e4ntningar heller.<\/p>\n<p>Men fanskapet s\u00e4ger att det man hittat p\u00e5 r\u00f6ntgen och p\u00e5 magnetr\u00f6ntgen sannolikt inte kan orsaka de besv\u00e4r jag har och att han inte kan hj\u00e4lpa mig. \u201dJag \u00e4r bara en halv doktor\u201d, sa han. Han sa ocks\u00e5: \u201dDoktorerna p\u00e5 Ryhov och Sahlgrenska kan inte hj\u00e4lpa dig heller, vi gick samma utbildning, jag kan lika mycket som de.\u201d. Och sedan ville han inte skriva specialistremiss till neurolog. Det skulle bli billigare f\u00f6r mig om jag fixade det via min v\u00e5rdcentralsdoktor. Och jag min dumme gick med p\u00e5 det\u2026 t\u00e4nkte inte just d\u00e5 p\u00e5 att jag hade frikort \u2013 det hade ju inte kostat n\u00e5got extra.<br \/>\nDen obildade inkompetente doktor st\u00e4llde till \u00e4nnu mera dj\u00e4vulskap, han skrev ett remissvar till min v\u00e5rdcentralsdoktor d\u00e4r han tydligt menar att de besv\u00e4r jag har, inte kan f\u00f6rklaras med de fynd som gjorts. Det d\u00e4r remissvaret f\u00f6ljde sedan med n\u00e4r jag s\u00f6kte hj\u00e4lp hos andra specialister. Och inom l\u00e4karskr\u00e5et \u00e4r de ruggigt kollegiala. Man g\u00e5r inte emot en kollega i f\u00f6rsta taget.<\/p>\n<p>Jag var efter det alldeles matt och n\u00e4stan apatiskt. Pendlade mellan ilska och ledsen. Jag var hemsk att leva tillsammans med, hustrun hade det inte l\u00e4tt.<\/p>\n<p>Jag vet inte var jag fick krafter fr\u00e5n men n\u00e5got m\u00e5ste ju g\u00f6ras. Jag gav mig inte. Jag fick min v\u00e5rdcentralsdoktor att skriva remisser till neurologer p\u00e5 N\u00c4L, Sahlgrenska och till K\u00e4rnsjukhuset i Sk\u00f6vde. Och till neuroortopeden p\u00e5 Ryhov i J\u00f6nk\u00f6ping.<\/p>\n<p>I maj 2004 kom n\u00e4sta kalldusch. Socialdemokraterna f\u00f6rde ju en lysande borgerlig politik p\u00e5 den tiden. S\u00e5 F\u00f6rs\u00e4kringskassan var p\u00e5 frammarsch. Jag tv\u00e5ngskonverterades fr\u00e5n Sjukpenning till s.k. sjukers\u00e4ttning (f.d. sjukpension) . Detta f\u00f6r att man skulle spara pengar och att politikerna (sossarna) best\u00e4mt att sjukskrivningarna skulle halveras. FK klappade sig p\u00e5 br\u00f6stet och basunerade ut att man minsann klarat m\u00e5let. Det de inte talade om var att sjukers\u00e4ttningen (antalet sjukpension\u00e4rer) rasat i h\u00f6jden. Jag tappade ytterligare 1000 SEK netto per m\u00e5nad (\u201df\u00f6rlusten\u201d var nu uppe i ca 3000 SEK per m\u00e5nad). Och p\u00e5 n\u00e5got konstigt j-a v\u00e4nster fick de mig att k\u00e4nna mig som en bidragsfuskare.<\/p>\n<p>Ganska omg\u00e5ende fick jag veta att v\u00e4ntetiden till Neurologen p\u00e5 N\u00c4L var ca 192 veckor. S\u00e5 de skickade helt sonika tillbaka remissen till mig, inte till min v\u00e5rdcentralsdoktor? Efter ny kontakt med v\u00e5rdcentralen s\u00e5 skickades en neurologremiss till Sahlgrenska i G\u00f6teborg.<\/p>\n<p>I b\u00f6rjan p\u00e5 h\u00f6sten 2004 b\u00f6rjade jag undra vad som h\u00e4nt med remissen till Neurologen p\u00e5 Sahlgrenska. Efter mycket telefonerande och letande visade det sig att n\u00e5gon l\u00e4karvikarie eller liknande skickat remissen till Neurologen p\u00e5 N\u00c4L. Och d\u00e4r fanns den inte?<\/p>\n<p>Visste inte om jag skulle gr\u00e5ta eller bryta ihop eller \u00e5ka och sl\u00e5 n\u00e5gon p\u00e5 k\u00e4ften. Eftersom jag \u00e4r n\u00e4st intill pacifist s\u00e5 tog jag kontakt med patientn\u00e4mnden och gjorde en anm\u00e4lan. D\u00e4r h\u00e4nde inget.<\/p>\n<p>Nu skickade vi remissen till Neurologen p\u00e5 K\u00e4rnsjukhuset i Sk\u00f6vde. Sj\u00e4lv tog jag kontakt med Ryggkirurgiska i Str\u00e4ngn\u00e4s. Och s\u00e5 en remiss till Neuroortopeden Ryhof i J\u00f6nk\u00f6ping.<\/p>\n<p>Nu hade jag f\u00e5tt problem med att g\u00e5. Orkade inte eller det tog liksom stopp. Skitjobbigt. Och alla besv\u00e4r, v\u00e4rk m.m. var v\u00e4rre.<\/p>\n<p>Som gr\u00e4dde p\u00e5 moset meddelade Neuroortopeden Ryhov att de kunde inte ta emot mig eftersom v\u00e5r region, V\u00e4stra G\u00f6talandsregionen tagit ett beslut (politiskt) om att man inte ska betala operationer och behandlingar utf\u00f6rda p\u00e5 Neuroortopeden Ryhov p\u00e5 patienter fr\u00e5n VG-regionen. Jag var en s\u00e5dan.<\/p>\n<p>Jag funderade ett tag s\u00e5 ringde jag till en avdelningssekreterare p\u00e5 Neuroortopeden Ryhov och bad henne l\u00e4gga fram min ans\u00f6kan p\u00e5 doktorns bord med en undran om jag inte kunde f\u00e5 en second opinion, \u00e5tminstone. Jag ville ha en r\u00e5dgivning. Det skulle kanske g\u00e5. Sa hon.<\/p>\n<p>Jag f\u00e5r senare besked om att jag f\u00e5tt en telefontid 041201. Efter samtalet med kirurg p\u00e5 neuroortopediska i J\u00f6nk\u00f6ping s\u00e5 k\u00e4nde jag en l\u00e4ttnad. I andra \u00e4ndan av telefonluren hade jag en m\u00e4nniska, en doktor som faktiskt sa att visst f\u00f6rklarar r\u00f6ntgenfynden mina besv\u00e4r. Jag n\u00e4stan gr\u00e4t av lycka. Jag var bekr\u00e4ftad. Men in i det sista st\u00e4llde remissvaret fr\u00e5n ortoped\u00f6verl\u00e4karen p\u00e5 N\u00c4L till problem. Men n\u00e4r jag ordagrant f\u00f6rmedlade vad den doktorn sagt s\u00e5 togs ingen notis om det remissvaret. Telefonkirurgen s\u00e5g ju sj\u00e4lv p\u00e5 pl\u00e5tarna hur det s\u00e5g ut. Dessutom fick jag d\u00e5 ocks\u00e5 bekr\u00e4ftat att r\u00f6ntgenl\u00e4karens remissvar p\u00e5 min MR ocks\u00e5 inneh\u00f6ll en del felaktiga tolkningar.<\/p>\n<p>Remissvaret fr\u00e5n telefondoktorn i sin helhet:<br \/>\n\u201d<em>Patienten har kontaktat mottagningen och bokats in p\u00e5 en telefontid med anledning av ovanst\u00e5ende remiss, d\u00e4r nackbesv\u00e4r med rizopati C6 h\u00f6ger sedan 2001 beskrivs. Han ber\u00e4ttar att han nu blivit s\u00e4mre och dels f\u00e5tt symtom \u00e4ven fr\u00e5n v\u00e4nster arm, men \u00e4ven noterat en svaghet i benen vid promenader. MRT av halsryggen 2004-03-17 N\u00c4L visar cervikal spinal stenos i niv\u00e5erna C4\/5 och C5\/6, d\u00e4r det \u00e4r tr\u00e4ngst i nedre niv\u00e5n. Stenosen i denna niv\u00e5 C5\/6 \u00e4r av den grad att den v\u00e4l kan ge en cervikal rizopati liksom cervikal myelopati. Neurologisk bed\u00f6mning \u00e4r tydligen planerad i hemlandstinget, men oklart var den blir med tanke p\u00e5 v\u00e4ntetiderna. Rekommenderar att utredning hos neurolog eller nackkirurg sker efter prioritering med tanke p\u00e5 m\u00f6jligheterna av en cervikal myelopati. Patienten \u00e4r informerad att han enligt aktuella beskeden fr\u00e5n V\u00e4stra G\u00f6taland ej kan f\u00e5 remiss till oss f\u00f6r kirurgi h\u00e4r utan man h\u00e4nvisar till Sahlgrenska sjukhuset.<\/em>\u201d<\/p>\n<p>Ovanst\u00e5ende text inneh\u00e5ller massor med \u201df\u00f6rl\u00f6sande\u201d information, f\u00f6r mig, bl.a.:<br \/>\n1. Jag fick en diagnos: Cervikal Spinal Stenos<br \/>\n2. Jag rekommenderas nackkirurgi med prioritet, p\u00e5 Sahlgrenska.<br \/>\n3. Det \u00e4r en ordentlig k\u00e4nga till ortoped\u00f6verl\u00e4karen p\u00e5 N\u00c4L.<\/p>\n<p>Det h\u00e4r \u00e5ret pr\u00e4glas ocks\u00e5 av andra behandlingsbakslag. Bass\u00e4ngtr\u00e4ning i sjukgymnastikens regi fick jag sluta med p.g.a. att v\u00e4rken i underarmarna blev allt f\u00f6r sv\u00e5r. Akupunktur &amp; s.k. TENS fick jag under l\u00e5ng tid. Det hade god effekt p\u00e5 mina sp\u00e4nda muskel men behandlingen frigjorde andra besv\u00e4r, den perifera (ut mot h\u00e4nder &amp; f\u00f6tter) v\u00e4rken \u00f6kade. Och alla l\u00e4kemedel jag tog skapade sv\u00e5ra magproblem.<\/p>\n<p>L\u00e4s mer om min sjukhistoria p\u00e5: <a href=\"http:\/\/sjukhistoria.ngn.nu\/2004.htm\" target=\"_blank\">Det hela b\u00f6rjade h\u00f6sten 2001. \u00c5r 2004<\/a><\/p>\n","protected":false},"excerpt":{"rendered":"<p>2001 2002 2003 2004 2005 2006 I mitten p\u00e5 januari k\u00f6pte vi (jag) en hund, en l\u00e5ngh\u00e5rig Collietik, tref\u00e4rgad. Hon fick namnet Tessie. Jag ville ha henne mest f\u00f6r att jag hade s\u00e5 mycket tankar som var inriktade p\u00e5 det &hellip; <a href=\"https:\/\/blogg.ngn.nu\/index.php\/2007\/10\/28\/min-sjukhistoria-2004-2a-upplagan\/\">Forts\u00e4tt l\u00e4sa <span class=\"meta-nav\">&rarr;<\/span><\/a><\/p>\n","protected":false},"author":1,"featured_media":0,"comment_status":"open","ping_status":"closed","sticky":false,"template":"","format":"standard","meta":{"footnotes":""},"categories":[100,99,170,222],"tags":[33,45,285,245,237,234,232,212],"class_list":["post-33","post","type-post","status-publish","format-standard","hentry","category-css","category-sjukdom","category-sjukdomshistoria2","category-tinnitus","tag-diskbrack","tag-magnetrontgen","tag-magproblem","tag-osteofyter","tag-ryggmargsnerver","tag-sjukersattning","tag-sjukpenning","tag-vark"],"_links":{"self":[{"href":"https:\/\/blogg.ngn.nu\/index.php\/wp-json\/wp\/v2\/posts\/33","targetHints":{"allow":["GET"]}}],"collection":[{"href":"https:\/\/blogg.ngn.nu\/index.php\/wp-json\/wp\/v2\/posts"}],"about":[{"href":"https:\/\/blogg.ngn.nu\/index.php\/wp-json\/wp\/v2\/types\/post"}],"author":[{"embeddable":true,"href":"https:\/\/blogg.ngn.nu\/index.php\/wp-json\/wp\/v2\/users\/1"}],"replies":[{"embeddable":true,"href":"https:\/\/blogg.ngn.nu\/index.php\/wp-json\/wp\/v2\/comments?post=33"}],"version-history":[{"count":0,"href":"https:\/\/blogg.ngn.nu\/index.php\/wp-json\/wp\/v2\/posts\/33\/revisions"}],"wp:attachment":[{"href":"https:\/\/blogg.ngn.nu\/index.php\/wp-json\/wp\/v2\/media?parent=33"}],"wp:term":[{"taxonomy":"category","embeddable":true,"href":"https:\/\/blogg.ngn.nu\/index.php\/wp-json\/wp\/v2\/categories?post=33"},{"taxonomy":"post_tag","embeddable":true,"href":"https:\/\/blogg.ngn.nu\/index.php\/wp-json\/wp\/v2\/tags?post=33"}],"curies":[{"name":"wp","href":"https:\/\/api.w.org\/{rel}","templated":true}]}}