{"id":30,"date":"2007-10-24T07:25:00","date_gmt":"2007-10-24T06:25:00","guid":{"rendered":"http:\/\/blogg.ngn.nu\/2007\/10\/24\/min-sjukhistoria-2001-2a-upplagan\/"},"modified":"2009-05-25T20:41:21","modified_gmt":"2009-05-25T18:41:21","slug":"min-sjukhistoria-2001-2a-upplagan","status":"publish","type":"post","link":"https:\/\/blogg.ngn.nu\/index.php\/2007\/10\/24\/min-sjukhistoria-2001-2a-upplagan\/","title":{"rendered":"Min sjukhistoria 2001 (2:a upplagan)"},"content":{"rendered":"<p> <big><strong>2001 <a href=\"https:\/\/blogg.ngn.nu\/index.php\/2007\/10\/28\/min-sjukhistoria-2002-2a-upplagan\/\" title=\"Sjukhistorian 2002\">2002<\/a> <a href=\"https:\/\/blogg.ngn.nu\/index.php\/2007\/10\/28\/min-sjukhistoria-2003-2a-upplagan\/\" title=\"Sjukhistorian 2003\">2003<\/a> <a href=\"https:\/\/blogg.ngn.nu\/index.php\/2007\/10\/28\/min-sjukhistoria-2004-2a-upplagan\/\" title=\"Sjukhistorian 2004\">2004<\/a> <a href=\"https:\/\/blogg.ngn.nu\/index.php\/2007\/10\/28\/min-sjukhistoria-2005-2a-upplagan\/\" title=\"Sjukhistorian 2005\">2005<\/a> <a href=\"https:\/\/blogg.ngn.nu\/index.php\/2007\/10\/28\/min-sjukhistoria-2006-2a-upplagan\/\" title=\"Sjukhistorian 2006\">2006<\/a><\/strong><\/big><\/p>\n<p><span style=\"font-family: arial\">F\u00f6rsta g\u00e5ngen jag begrep att det var n\u00e5got lurt i nacken, som orsakade den d\u00e4r m\u00e4rkliga v\u00e4rken mitt p\u00e5 h\u00f6ger \u00f6verarms utsida, var n\u00e4r jag stannade utanf\u00f6r mitt jobb och tittade upp\u00e5t och det h\u00f6gg till som attan i armen.<\/span><span style=\"font-family: arial\">F\u00f6r att \u00f6vertyga mig om att det inte var en tillf\u00e4llighet upprepade jag det d\u00e4r ett antal g\u00e5nger till \u2013 jag h\u00f6ll p\u00e5 att svimma av sm\u00e4rtimpulserna.<\/span><span style=\"font-family: arial\">V\u00e4rken i \u00f6verarmen b\u00f6rjade n\u00e5gra dagar efter att vi via bilf\u00e4rja landat i England och k\u00f6rde mot Skottland. Jag noterade d\u00e5 ocks\u00e5 att v\u00e4rken l\u00e4ttade om jag h\u00f6ll armen lite bak\u00e5t upp\u00e5t. Som n\u00e4r man h\u00e5ller handen p\u00e5 passagerars\u00e4tets nackst\u00f6d \u2013 vilket var precis vad jag gjorde. V\u00e4rken l\u00e4ttade ocks\u00e5 av att jag gick. Vi gick mycket i Skottland. Det var h\u00f6gl\u00e4nderna (Highlands) som lockade.<\/span><\/p>\n<p>Senare f\u00f6rstod jag att jag f\u00e5tt n\u00e5gon form av skada i nacken n\u00e4r jag satt i britsen, uppbackad bakom ryggen, p\u00e5 b\u00e5ten och l\u00e4ste i en bok. Det var relativt kraftig sj\u00f6g\u00e5ng \u2013 jag somnade. Hakan gled ned mot v\u00e4nster (ja, jag vaknade s\u00e5 i alla fall). Och s\u00e5 gjorde det attans ont i nacken.<br \/>\nMasserade lite, fixade till b\u00e4dden och lade mig tillr\u00e4tta, somnade och vaknade p\u00e5 morgon utan att k\u00e4nna n\u00e5got konstigt.Men det var troligtvis d\u00e5 en eller tv\u00e5 s.k. mellankostdiskar brast eller buktade kraftigt (diskbr\u00e5ck). Och tryckte p\u00e5 ryggm\u00e4rgsnerver som letade sig ut fr\u00e5n ryggm\u00e4rgen och ut till h\u00f6ger arm och gav upphov till en rackarns sv\u00e5r v\u00e4rk (rizopati).<\/p>\n<p>B\u00e5tf\u00e4rden fr\u00e5n G\u00f6teborg till Newcastle var den 19 augusti 2001.<\/p>\n<p>Innan jag f\u00f6rstod att det var diskbr\u00e5ck i nacken som orsakade problemen s\u00e5 misst\u00e4nkte jag l\u00e4nge att det berodde p\u00e5 n\u00e5gon form av utslitningsskada jag f\u00e5tt av att cykla fr\u00e5n Dinard i Frankrike hem till Sverige. Jag hade d\u00e5 problem med att det gjorde ont bak i \u00f6vre delen av ryggen d\u00f6r \u00f6vre delen av skulderbladen m\u00f6ts, om man trycker ihop dem. Att det gjorde ont d\u00e4r berodde p\u00e5 att man (jag) cyklade fram\u00e5tlutad med allt st\u00f6d p\u00e5\/mot h\u00e4nderna.<\/p>\n<p>Jag kunde inte heller utesluta m\u00e5ng\u00e5rigt sittande framf\u00f6r en dator med flitigt datormusanv\u00e4ndande.<\/p>\n<p>Besv\u00e4ren blev v\u00e4rre och fler under slutet av 2001. Myrkrypningar i hela h\u00f6gerarmen. Bortdomningar som b\u00f6rjade i fingrarna och spred sig mot axeln. K\u00e4nseln b\u00f6rjade f\u00f6rsvinna i h\u00f6ger tumme. Alla besv\u00e4r spred sig fr\u00e5n fingrarna (tummen) och upp mot axeln, f\u00f6rutom muskelv\u00e4rken, den b\u00f6rjade mitt p\u00e5 \u00f6verarmens utsida och spred sig sedan \u00e5t alla h\u00e5ll.<\/p>\n<p>Jag sjukskrevs och den s.k. kliniska diagnosen blev diskbr\u00e5ck eller diskbuktning i C6-niv\u00e5n. Kotorna (vertebra) i nacken \u00e4r namngivna och numrerade. Vi har 7st nackkotor och de ben\u00e4mns C1 till C7 och numreringen b\u00f6rjar uppifr\u00e5n. Ryggm\u00e4rgen (medulla spinalis) \u00e4r ocks\u00e5 uppdelad, i s.k. segment och niv\u00e5m\u00e4ssigt st\u00e4mmer det i nacken relativt bra, med kotornas placering.<br \/>\nTa t.ex. ryggm\u00e4rgssegment C6 h\u00e4r menar man det omr\u00e5de av ryggm\u00e4rgen d\u00e4r ryggm\u00e4rgsnerv C6 har sin s.k. rot. Ryggm\u00e4rgsnerv C6 har sin \u201dport\u201d eller \u201d\u00f6ppning\u201d (foramen), ut mot kroppen, mellan kotorna C6 och C5. (en \u00e5t vart h\u00e5ll. H\u00f6ger och v\u00e4nster. Allts\u00e5 finns det tv\u00e5 C6 ryggm\u00e4rgsnerver) Det \u00e4r allts\u00e5 risk f\u00f6r begreppsf\u00f6rvirring h\u00e4r. Flera olika kroppsdelar kan allts\u00e5 ha samma ben\u00e4mning. C6 kan allts\u00e5 betyda ett ryggm\u00e4rkssegment, en nackkota, en ryggm\u00e4rgsnerv (h\u00f6. el. v\u00e4.). Dessutom finns ett (h\u00f6. el. v\u00e4.) s.k. hudomr\u00e5de (dermatom) som ocks\u00e5 ben\u00e4mns C6.<br \/>\n(Och h\u00e4rmed ska jag f\u00f6rs\u00f6ka h\u00e5lla tillbaka pedagogen i mig. Det blir s\u00e5 mycket text\u2026)<br \/>\nI december 2001 var jag till r\u00f6ntgen f\u00f6r en s.k. sl\u00e4tr\u00f6ntgen. Cancer ska ju uteslutas bl.a. och s\u00e5 ville de f\u00e5 mer svart p\u00e5 vitt att det var diskbr\u00e5ck. De hittade s.k. niv\u00e5s\u00e4nkningar mellan nackkotorna C4-C5 och C5-C6. De kunde ocks\u00e5 se s.k. bentillv\u00e4xter (oseofyter). D\u00e4rmed blev den kliniska diagnosen bekr\u00e4ftad. Mina besv\u00e4r kunde f\u00f6rklaras med r\u00f6ntgenfynden.<\/p>\n<p>L\u00e4s mer om min sjukhistoria p\u00e5: <a href=\"http:\/\/sjukhistoria.ngn.nu\/\" target=\"_blank\">Det hela b\u00f6rjade h\u00f6sten 2001<\/a><\/p>\n","protected":false},"excerpt":{"rendered":"<p>2001 2002 2003 2004 2005 2006 F\u00f6rsta g\u00e5ngen jag begrep att det var n\u00e5got lurt i nacken, som orsakade den d\u00e4r m\u00e4rkliga v\u00e4rken mitt p\u00e5 h\u00f6ger \u00f6verarms utsida, var n\u00e4r jag stannade utanf\u00f6r mitt jobb och tittade upp\u00e5t och det &hellip; <a href=\"https:\/\/blogg.ngn.nu\/index.php\/2007\/10\/24\/min-sjukhistoria-2001-2a-upplagan\/\">Forts\u00e4tt l\u00e4sa <span class=\"meta-nav\">&rarr;<\/span><\/a><\/p>\n","protected":false},"author":1,"featured_media":0,"comment_status":"open","ping_status":"closed","sticky":false,"template":"","format":"standard","meta":{"footnotes":""},"categories":[100,99,170],"tags":[33,209,251,238,237],"class_list":["post-30","post","type-post","status-publish","format-standard","hentry","category-css","category-sjukdom","category-sjukdomshistoria2","tag-diskbrack","tag-diskbuktning","tag-nackkotor","tag-ryggmarg","tag-ryggmargsnerver"],"_links":{"self":[{"href":"https:\/\/blogg.ngn.nu\/index.php\/wp-json\/wp\/v2\/posts\/30","targetHints":{"allow":["GET"]}}],"collection":[{"href":"https:\/\/blogg.ngn.nu\/index.php\/wp-json\/wp\/v2\/posts"}],"about":[{"href":"https:\/\/blogg.ngn.nu\/index.php\/wp-json\/wp\/v2\/types\/post"}],"author":[{"embeddable":true,"href":"https:\/\/blogg.ngn.nu\/index.php\/wp-json\/wp\/v2\/users\/1"}],"replies":[{"embeddable":true,"href":"https:\/\/blogg.ngn.nu\/index.php\/wp-json\/wp\/v2\/comments?post=30"}],"version-history":[{"count":0,"href":"https:\/\/blogg.ngn.nu\/index.php\/wp-json\/wp\/v2\/posts\/30\/revisions"}],"wp:attachment":[{"href":"https:\/\/blogg.ngn.nu\/index.php\/wp-json\/wp\/v2\/media?parent=30"}],"wp:term":[{"taxonomy":"category","embeddable":true,"href":"https:\/\/blogg.ngn.nu\/index.php\/wp-json\/wp\/v2\/categories?post=30"},{"taxonomy":"post_tag","embeddable":true,"href":"https:\/\/blogg.ngn.nu\/index.php\/wp-json\/wp\/v2\/tags?post=30"}],"curies":[{"name":"wp","href":"https:\/\/api.w.org\/{rel}","templated":true}]}}