{"id":289,"date":"2008-07-11T16:08:53","date_gmt":"2008-07-11T14:08:53","guid":{"rendered":"http:\/\/blogg.ngn.nu\/index.php\/2008\/07\/11\/lugn-fredag\/"},"modified":"2008-07-11T16:08:53","modified_gmt":"2008-07-11T14:08:53","slug":"lugn-fredag","status":"publish","type":"post","link":"https:\/\/blogg.ngn.nu\/index.php\/2008\/07\/11\/lugn-fredag\/","title":{"rendered":"Lugn Fredag"},"content":{"rendered":"<p>(\u00e4n s\u00e5 l\u00e4nge)<\/p>\n<p><strong>\u00c4renden<\/strong><br \/>\nL\u00e4mnat en kvargl\u00f6md jacka, var till systembolaget och b\u00e4ttrade p\u00e5 \u00f6lf\u00f6rr\u00e5det\u00a0 (D\u00e5 anv\u00e4nder jag (vi) alltid en dramaten (schoppingv\u00e4ska p\u00e5 hjul) och s\u00e5 flera tygkassar s\u00e5 att varje inte blir f\u00f6r tung), till \u00d6verby och Elkedjan och k\u00f6pte en rakapparat till Pappa.<\/p>\n<p>\u00c5kte sedan till Lundins Foto och h\u00e4mtade min bl\u00e5 solhatt och s\u00e5 best\u00e4llde jag ett 58mm UV-filter f\u00f6r digitala systemkameror.<\/p>\n<p>Hem till mor och far och l\u00e4mnade rakapparaten.<\/p>\n<p>Tillbaka till \u00d6verby och handlade mat.<\/p>\n<p>Sedan hem.<\/p>\n<p><strong>Och<\/strong><br \/>\nNu v\u00e4ntar jag p\u00e5 att hustrun ska komma hem fr\u00e5n jobbet&#8230;<\/p>\n<p><strong>H\u00e4lsol\u00e4get<\/strong><br \/>\nVarit relativt stabilt hela dagen. Gjorde en del \u00e4renden med bilen var lite skakig n\u00e4r jag kom hem. Men lite l\u00e4kemedel, mat och s\u00e4ngen r\u00e4ttade till det d\u00e4r.<\/p>\n","protected":false},"excerpt":{"rendered":"<p>(\u00e4n s\u00e5 l\u00e4nge) \u00c4renden L\u00e4mnat en kvargl\u00f6md jacka, var till systembolaget och b\u00e4ttrade p\u00e5 \u00f6lf\u00f6rr\u00e5det\u00a0 (D\u00e5 anv\u00e4nder jag (vi) alltid en dramaten (schoppingv\u00e4ska p\u00e5 hjul) och s\u00e5 flera tygkassar s\u00e5 att varje inte blir f\u00f6r tung), till \u00d6verby och Elkedjan &hellip; <a href=\"https:\/\/blogg.ngn.nu\/index.php\/2008\/07\/11\/lugn-fredag\/\">Forts\u00e4tt l\u00e4sa <span class=\"meta-nav\">&rarr;<\/span><\/a><\/p>\n","protected":false},"author":1,"featured_media":0,"comment_status":"open","ping_status":"closed","sticky":false,"template":"","format":"standard","meta":{"footnotes":""},"categories":[131,343,4],"tags":[],"class_list":["post-289","post","type-post","status-publish","format-standard","hentry","category-foto","category-ryggen","category-vardag"],"_links":{"self":[{"href":"https:\/\/blogg.ngn.nu\/index.php\/wp-json\/wp\/v2\/posts\/289","targetHints":{"allow":["GET"]}}],"collection":[{"href":"https:\/\/blogg.ngn.nu\/index.php\/wp-json\/wp\/v2\/posts"}],"about":[{"href":"https:\/\/blogg.ngn.nu\/index.php\/wp-json\/wp\/v2\/types\/post"}],"author":[{"embeddable":true,"href":"https:\/\/blogg.ngn.nu\/index.php\/wp-json\/wp\/v2\/users\/1"}],"replies":[{"embeddable":true,"href":"https:\/\/blogg.ngn.nu\/index.php\/wp-json\/wp\/v2\/comments?post=289"}],"version-history":[{"count":0,"href":"https:\/\/blogg.ngn.nu\/index.php\/wp-json\/wp\/v2\/posts\/289\/revisions"}],"wp:attachment":[{"href":"https:\/\/blogg.ngn.nu\/index.php\/wp-json\/wp\/v2\/media?parent=289"}],"wp:term":[{"taxonomy":"category","embeddable":true,"href":"https:\/\/blogg.ngn.nu\/index.php\/wp-json\/wp\/v2\/categories?post=289"},{"taxonomy":"post_tag","embeddable":true,"href":"https:\/\/blogg.ngn.nu\/index.php\/wp-json\/wp\/v2\/tags?post=289"}],"curies":[{"name":"wp","href":"https:\/\/api.w.org\/{rel}","templated":true}]}}