{"id":288,"date":"2008-07-10T20:22:27","date_gmt":"2008-07-10T18:22:27","guid":{"rendered":"http:\/\/blogg.ngn.nu\/index.php\/2008\/07\/10\/skakig-torsdag\/"},"modified":"2008-07-10T20:22:27","modified_gmt":"2008-07-10T18:22:27","slug":"skakig-torsdag","status":"publish","type":"post","link":"https:\/\/blogg.ngn.nu\/index.php\/2008\/07\/10\/skakig-torsdag\/","title":{"rendered":"Skakig Torsdag"},"content":{"rendered":"<p><span style=\"font-weight: bold\">Den Sjuka Sjukf\u00f6rs\u00e4kringen<\/span><br \/>\nNyligen meddelade F\u00f6rs\u00e4kringskassan att de backar i en tolkning av en av de nya sjukf\u00f6rs\u00e4kringsreglerna. Det \u00e4r formuleringen: &#8221;<span style=\"font-style: italic\">ett p\u00e5taglit hot mot den sjukes liv inom n\u00e5gra m\u00e5nader<\/span>&#8221;.<\/p>\n<p>I\u00a0lagen SFS 1962:381 och i\u00a0&#8217;F\u00f6rslaget till lag om \u00e4ndring i lagen (1962:381) om allm\u00e4n f\u00f6rs\u00e4kring&#8217; st\u00e5r det:<\/p>\n<p>3 kap. Om sjukpenning. 4 \u00a7 tredje stycket, mening fyra:<br \/>\n&#8221;<span style=\"font-style: italic\">Om det finns <span style=\"text-decoration: underline\">synnerliga sk\u00e4l<\/span> f\u00e5r sjukpenning enligt f\u00f6rsta stycket 2* l\u00e4mnas efter ans\u00f6kan av den f\u00f6rs\u00e4krade, trots att s\u00e5dan sjukpenning redan har l\u00e4mnats f\u00f6r 364 dagar under ramtiden.<\/span>&#8221;<br \/>\n*<small>[&#8221;2. att hel sjukpenning f\u00f6r de d\u00e4rp\u00e5 f\u00f6ljande 364 dagarna utg\u00f6r f\u00f6r dag 80 procent av den fastst\u00e4llda sjukpenninggrundande inkomsten, delad med 365,&#8221;]<\/small><\/p>\n<p>Vad \u00e4r d\u00e5 &#8221;synnerliga sk\u00e4l&#8221;?<\/p>\n<p>S\u00e5 h\u00e4r skriver politikerna i f\u00f6rarbetet till proposition 2007\/08:136:<br \/>\n&#8221;<span style=\"font-style: italic\">Regeringen anser att det beh\u00f6vs ett f\u00f6rtydligande om att det ska vara en restriktiv till\u00e4mpning och f\u00f6resl\u00e5r d\u00e4rf\u00f6r att det ska r\u00f6ra sig om synnerliga sk\u00e4l och att det <\/span><span style=\"text-decoration: underline; font-style: italic\">endast b\u00f6r omfatta personer som \u00e4r arbetsof\u00f6rm\u00f6gna p\u00e5 grund av mycket allvarliga sjukdomar. Exempel p\u00e5 s\u00e5dana sjukdom \u00e4r vissa tum\u00f6rsjukdomar, neurologiska sjukdomar s\u00e5som ALS eller om den f\u00f6rs\u00e4krade v\u00e4ntar p\u00e5 transplantation av ett vitalt organ<\/span><span style=\"font-style: italic\">.<\/span>&#8221;<\/p>\n<p>Upplysande och fint. Vad \u00e4r: &#8221;vissa tum\u00f6rsjukdomar&#8221;? Helt klart betyder det &#8221;inte alla med cancer.&#8221;<\/p>\n<p>Och givetvis uppst\u00e5r ett problem om personen \u00e4r delvis (minst 25%) arbetsf\u00f6r trots sjukdom som faller in under &#8221;synnerliga sk\u00e4l&#8221;. D\u00e5 \u00e4r den ju inte arbetsof\u00f6rm\u00f6gen &#8211; och har d\u00e4rmed enligt skrivningen inte r\u00e4tt till Fortsatt Sjukpenning.<\/p>\n<p>Notera att det \u00e4r <u>formuleringen<\/u> man \u00e4ndrar. Det beh\u00f6ver inte betyda att man tolkar regeln annorlunda.<\/p>\n<p>Fortfarande g\u00e4ller: Vad h\u00e4nder med de som \u00e4r arbetsof\u00f6rm\u00f6gna (helt eller delvis) p\u00e5 grund av sjukdom som inte \u00e4r &#8221;mycket allvarlig&#8221;?<\/p>\n<p>Det finns m\u00e5nga fler dumheter i den nya sjuka sjukf\u00f6rs\u00e4kringen. S\u00e5 slappna inte av.<\/p>\n<p>Ins\u00e4ndarsignaturen: &#8221;Gun, Broderskapare i Varg\u00f6n&#8221;, ttela 10\/7-08, uppmanar till mer h\u00f6gljudda protester och d\u00e5 speciellt i j\u00e4mf\u00f6relse med FRA-lagen. Gun uppmanar ocks\u00e5 att klagom\u00e5l ska riktas direkt till minister Husmark Persson. Det \u00e4r bra.<\/p>\n<p>Men vi f\u00e5r inte gl\u00f6mma alla de 138 politiker som r\u00f6stade ja till 136-propositionen (Socialf\u00f6rs\u00e4kringsutskottets f\u00f6rslag: 2007\/08:136).<\/p>\n<p>Och vi f\u00e5r inte heller gl\u00f6mma alla de fina medm\u00e4nniskorna som r\u00f6stade fram alliansen. Vi har dem att tacka f\u00f6r mycket&#8230;<\/p>\n<p><span style=\"font-weight: bold\">Sjukgymnastiken<\/span><br \/>\nNu var min sjukgymnast fr\u00e5nvarande idag och sedan s\u00e5 har hon semester. Det inneb\u00e4r att jag \u00e4r utan sjukgymnast i n\u00e4sta vecka och d\u00e5 har de den lustiga regeln att d\u00e5 m\u00e5ste jag betala, utanf\u00f6r patientf\u00f6rs\u00e4kringen (och d\u00e4rmed frikortet) liksom, f\u00f6r att g\u00f6ra samma \u00f6vningar som om sjukgymnasten vore d\u00e4r. Visst just min sjukgymnast \u00e4r inte d\u00e4r och kan inte v\u00e4gleda mig. Men det \u00e4r v\u00e4l inte den enda sjukgymnasten?<\/p>\n<p>Konstig regel.<\/p>\n<p>Idag h\u00f6ll det p\u00e5 att g\u00e5 \u00e5t pipan. Jag g\u00f6r bl.a. en \u00f6vning d\u00e4r jag ligger p\u00e5 golvet, p\u00e5 en matta, och s\u00e5 l\u00e4gger jag upp f\u00f6tterna p\u00e5 en s\u00e5dan d\u00e4r gymboll eller vad de kallas, stora med luft i.<br \/>\nOch s\u00e5 ska jag l\u00e4gga h\u00e4nderna p\u00e5 br\u00f6stet. D\u00e4refter ska jag upp med rumpan och knipa ihop stj\u00e4rtmusklerna s\u00e5 b\u00e4ckenregionen pekar mot taket s\u00e5 mycket det bara g\u00e5r.<\/p>\n<p>En mycket stabiliserande \u00f6vning. Massa muskler f\u00e5r jobba f\u00f6r att klara det d\u00e4r. Har noterat att jag liksom inte anv\u00e4nder v\u00e4nsterbenet lika mycket som h\u00f6gerbenet. T\u00e4nkte att jag skulle r\u00e5da bot p\u00e5 det d\u00e4r.<\/p>\n<p>Jag var millisekunder fr\u00e5n en ordentlig kramp i n\u00e5gon muskel p\u00e5 v\u00e4nster l\u00e5rs insida.<\/p>\n<p>Och i roddmaskinen, som ska ros med motst\u00e5nd &#8221;3&#8221; av 15 m\u00f6jliga steg, i max tv\u00e5 minuter och vila mellan minuterna, d\u00e4r h\u00f6ll jag p\u00e5 att spr\u00e4cka en magmuskel. En av de d\u00e4r sexpacksmusklerna ni vet. Mina \u00e4r vadderade, och syns inte, men de finns.<\/p>\n<p>Inte illa att en kommer relativt hel fr\u00e5n sjukgymnastiken.<\/p>\n<p><span style=\"font-weight: bold\">Bokantikvariat<\/span><br \/>\nVar till Antikvariat X. T\u00e4nkte kolla om de hade n\u00e5gra bra faktab\u00f6cker om insekter. Jag blev visad in i det innersta av lokalen, ett h\u00f6rn, med travar av osorterade b\u00f6cker&#8230;<\/p>\n<p>Dum som jag var s\u00e5 lyfte jag ju en och annan bok f\u00f6r att se vad det var f\u00f6r bok som l\u00e5g under. Det tog inte l\u00e5ng stund &#8211; jag blev genomsvettig.<\/p>\n<p>Jag gick d\u00e4rifr\u00e5n med fickboken &#8221;Ut i naturen &#8211; 600 svenska v\u00e4xter och djur i f\u00e4rg&#8221;, ISBN: 91-86404-02-4. Den v\u00e4ger 157 gram och kostade mig 20 SEK.<\/p>\n<p><span style=\"font-weight: bold\">Bildfixande<\/span><br \/>\nIdag har jag fixat till resterande bilder f\u00f6r g\u00e5rdagen. Alla bilder p\u00e5 en g\u00e5ng: <a href=\"http:\/\/bilder.ngn.nu\/index.php\/2008\/07\/09\" target=\"_blank\">bilder.ngn.nu 9\/7-08<\/a>. Eller via inl\u00e4gget &#8221;<a href=\"https:\/\/blogg.ngn.nu\/index.php\/2008\/07\/09\/svettig-onsdag\/\">Svettig Onsdag<\/a>&#8221;, h\u00e4r nedan eller som f\u00f6reg\u00e5ende.<\/p>\n<p><span style=\"font-weight: bold\">H\u00e4lsol\u00e4get<\/span><br \/>\nP\u00e5 morgonen k\u00e4ndes det b\u00e4ttre, r\u00e4tt s\u00e5 hyfsat faktiskt.<br \/>\nEfter sjukgymnastik och bes\u00f6k p\u00e5 antikvariat X s\u00e5 skakade varenda muskel i kroppen.<br \/>\nOch nu, \u00e4r det n\u00e5got b\u00e4ttre, igen.<\/p>\n","protected":false},"excerpt":{"rendered":"<p>Den Sjuka Sjukf\u00f6rs\u00e4kringen Nyligen meddelade F\u00f6rs\u00e4kringskassan att de backar i en tolkning av en av de nya sjukf\u00f6rs\u00e4kringsreglerna. Det \u00e4r formuleringen: &#8221;ett p\u00e5taglit hot mot den sjukes liv inom n\u00e5gra m\u00e5nader&#8221;. I\u00a0lagen SFS 1962:381 och i\u00a0&#8217;F\u00f6rslaget till lag om \u00e4ndring &hellip; <a href=\"https:\/\/blogg.ngn.nu\/index.php\/2008\/07\/10\/skakig-torsdag\/\">Forts\u00e4tt l\u00e4sa <span class=\"meta-nav\">&rarr;<\/span><\/a><\/p>\n","protected":false},"author":1,"featured_media":0,"comment_status":"open","ping_status":"closed","sticky":false,"template":"","format":"standard","meta":{"footnotes":""},"categories":[391,31,343,424],"tags":[306],"class_list":["post-288","post","type-post","status-publish","format-standard","hentry","category-forsakringskassan","category-politik","category-ryggen","category-sjukgymnastik","tag-sjukforsakring"],"_links":{"self":[{"href":"https:\/\/blogg.ngn.nu\/index.php\/wp-json\/wp\/v2\/posts\/288","targetHints":{"allow":["GET"]}}],"collection":[{"href":"https:\/\/blogg.ngn.nu\/index.php\/wp-json\/wp\/v2\/posts"}],"about":[{"href":"https:\/\/blogg.ngn.nu\/index.php\/wp-json\/wp\/v2\/types\/post"}],"author":[{"embeddable":true,"href":"https:\/\/blogg.ngn.nu\/index.php\/wp-json\/wp\/v2\/users\/1"}],"replies":[{"embeddable":true,"href":"https:\/\/blogg.ngn.nu\/index.php\/wp-json\/wp\/v2\/comments?post=288"}],"version-history":[{"count":0,"href":"https:\/\/blogg.ngn.nu\/index.php\/wp-json\/wp\/v2\/posts\/288\/revisions"}],"wp:attachment":[{"href":"https:\/\/blogg.ngn.nu\/index.php\/wp-json\/wp\/v2\/media?parent=288"}],"wp:term":[{"taxonomy":"category","embeddable":true,"href":"https:\/\/blogg.ngn.nu\/index.php\/wp-json\/wp\/v2\/categories?post=288"},{"taxonomy":"post_tag","embeddable":true,"href":"https:\/\/blogg.ngn.nu\/index.php\/wp-json\/wp\/v2\/tags?post=288"}],"curies":[{"name":"wp","href":"https:\/\/api.w.org\/{rel}","templated":true}]}}