{"id":287,"date":"2008-07-09T20:30:03","date_gmt":"2008-07-09T18:30:03","guid":{"rendered":"http:\/\/blogg.ngn.nu\/index.php\/2008\/07\/09\/svettig-onsdag\/"},"modified":"2009-06-08T16:01:04","modified_gmt":"2009-06-08T14:01:04","slug":"svettig-onsdag","status":"publish","type":"post","link":"https:\/\/blogg.ngn.nu\/index.php\/2008\/07\/09\/svettig-onsdag\/","title":{"rendered":"Svettig Onsdag"},"content":{"rendered":"<p><span style=\"font-weight: bold\">Djur &amp; Natur<\/span> 1<br \/>\nIdag sken solen tidigt p\u00e5 morgonen. Det betyder att d\u00e5 vill ormarna (kr\u00e4ldjuren) g\u00e4rna v\u00e4rma sig lite i solen. Ja vem vill inte det?<\/p>\n<p>Som vanligt tog jag cykeln ut till min naturrunda. Jag g\u00f6r det f\u00f6r jag blir mer tr\u00f6tt om jag g\u00e5r. Och d\u00e5 blir det ingen kraft kvar till den koncentration som kr\u00e4vs f\u00f6r att dels st\u00e5 balanserat still och dels h\u00e5lla kameran relativt stabilt.<\/p>\n<p>Jag hittade en Huggorm och tv\u00e5 Snokar.<\/p>\n<p>Huggorm (<span style=\"font-style: italic\">Vipera berus<\/span>)<br \/>\n<a href=\"http:\/\/bilder.ngn.nu\/index.php\/2008\/07\/09\/huggorm-2\/\" target=\"_blank\"><img decoding=\"async\" src=\"http:\/\/ngn.nu\/Bilder3\/080709_DSC01286_Huggorm_w150.JPG\" title=\"Huggorm (Vipera berus)\" style=\"border: 0px solid ; width: 150px; height: 121px\" alt=\"Huggorm (Vipera berus)\" \/><\/a><\/p>\n<p>Snokar (<span style=\"font-style: italic\">Natrix natrix<\/span>)<br \/>\n<a href=\"http:\/\/bilder.ngn.nu\/index.php\/2008\/07\/09\/snokar\/\" target=\"_blank\"><img decoding=\"async\" src=\"http:\/\/ngn.nu\/Bilder3\/080709_DSC01290_Snok_w150.JPG\" title=\"Snok (Natrix natrix)\" style=\"border: 0px solid ; width: 150px; height: 99px\" alt=\"Snok (Natrix natrix)\" \/><\/a><\/p>\n<p>Och s\u00e5 har jag publicerat bilder som n\u00e5s direkt till <a href=\"http:\/\/bilder.ngn.nu\/index.php\/2008\/07\/05\/\" target=\"_blank\">bilder.ngn.nu fr\u00e5n 5\/7-08<\/a> eller indirekt via blogg.ngn.nu och &#8221;<a href=\"https:\/\/blogg.ngn.nu\/index.php\/2008\/07\/05\/kustlordag\/\">Kustl\u00f6rdag<\/a>&#8221;<\/p>\n<p><span style=\"font-weight: bold\">Pulsh\u00f6jare<br \/>\n<\/span>Min sjukgymnast och jag har kommit \u00f6verens om att jag ska f\u00f6rs\u00f6ka utf\u00f6ra n\u00e5gon form av pulsh\u00f6jande aktivitet var dag. T.ex.; rask promenad (minst 30 min), cykeltur (minst 30 min och inte mindre \u00e4n 15 km\/h), Jympa med Friskis&amp;Svettis eller sjukgymnastik.<\/p>\n<p>Idag satsade jag p\u00e5 en cykeltur till Trollh\u00e4ttan och tillbaka. Och f\u00f6r att f\u00e5 m\u00e5l och mening ringde jag till Lindes Foto och fr\u00e5gade om de f\u00e5tt hem n\u00e5gra 58mm UV-filter f\u00f6r digitalkameror. Jajjamensan svarade en pojk efter en stund, de hade f\u00e5tt hem en trave om 10st.<\/p>\n<p>P\u00e5 v\u00e4g till Trollh\u00e4ttan stannade jag vid Sundsberget, ett fornminne vid Onsj\u00f6 Golfbanans syd\u00f6stra \u00e4nda. Dit kom senare hustrun med glass och bubbelvatten &#8211; vi hade best\u00e4mt tr\u00e4ff.<\/p>\n<p>Medan jag v\u00e4ntade p\u00e5 hustrun testade jag lite n\u00e4rbildsfotografering. Bl\u00e4ndaren inst\u00e4lld p\u00e5 F11.<\/p>\n<p><span style=\"font-weight: bold\">Djur &amp; Natur<\/span> 2<br \/>\nSundsberget; En sv\u00e5rfotad fluga, en Nyckelpiga som v\u00e4grade vara still, en Bl\u00e5 Flicksl\u00e4nda. F\u00f6rs\u00f6k till Humlefotografering (Blev inga bra bilder).<\/p>\n<p>Men jag uppt\u00e4ckte att de blommor jag f\u00f6rs\u00f6kte fota Humlan p\u00e5 var samma som en av dem jag inte kunde artbest\u00e4mma i Fredags (Gul Blomma). Nu har jag bild p\u00e5 hur den ser ut utslagen. Och jag kommer fram till att det kan vara en: \u00c4kta Johannes\u00f6rt (<span style=\"font-style: italic\">Hypericum perforatum<\/span>)<br \/>\nOch s\u00e5 en spindel som h\u00e5ller p\u00e5 att paketera sitt senaste byte.<br \/>\n<small>[Red. 080710]<\/small> <a onclick=\"expand(this.id+'_080710_180749', this);\" style=\"background-color: #ffffcc; cursor: pointer\" id=\"Djur_Natur\">[Visa mer&#8230;]<\/a><\/p>\n<div id=\"Djur_Natur_080710_180749\" style=\"display: none\">\n<p>En sv\u00e5rfotad fluga\/Stekel<br \/>\n<a href=\"http:\/\/bilder.ngn.nu\/index.php\/2008\/07\/09\/flugastekel\/\" target=\"_blank\"><img decoding=\"async\" src=\"http:\/\/ngn.nu\/Bilder3\/080709_DSC01315_Stekel_w150.JPG\" title=\"En sv\u00e5rfotad fluga\/Stekel\" style=\"border: 0px solid ; width: 150px; height: 103px\" alt=\"En sv\u00e5rfotad fluga\/Stekel\" \/><\/a><\/p>\n<p>7-prickig Nyckelpiga (<span style=\"font-style: italic\">Coccinella septempunctata<\/span>)<br \/>\n<a href=\"http:\/\/bilder.ngn.nu\/index.php\/2008\/07\/09\/nyckelpiga-2\/\" target=\"_blank\"><img decoding=\"async\" src=\"http:\/\/ngn.nu\/Bilder3\/080709_DSC01323_Nyckelpiga_w150.JPG\" title=\"7-prickig Nyckelpiga (Coccinella septempunctata)\" style=\"border: 0px solid ; width: 150px; height: 109px\" alt=\"7-prickig Nyckelpiga (Coccinella septempunctata)\" \/><\/a><\/p>\n<p>Bl\u00e5 Flicksl\u00e4nda<br \/>\n<a href=\"http:\/\/bilder.ngn.nu\/index.php\/2008\/07\/09\/flickslanda-2\/\" target=\"_blank\"><img decoding=\"async\" src=\"http:\/\/ngn.nu\/Bilder3\/080709_DSC01329_BlaFlickslaenda_w150.JPG\" title=\"Bl\u00e5 Flicksl\u00e4nda\" style=\"border: 0px solid ; width: 150px; height: 105px\" alt=\"Bl\u00e5 Flicksl\u00e4nda\" \/><\/a><\/p>\n<p>\u00c4kta Johannes\u00f6rt (<span style=\"font-style: italic\">Hypericum perforatum<\/span>)<br \/>\n<a href=\"http:\/\/bilder.ngn.nu\/index.php\/2008\/07\/09\/blomma\/\" target=\"_blank\"><img decoding=\"async\" src=\"http:\/\/ngn.nu\/Bilder3\/080709_DSC01336_GulBlomma_Johannesoert_w150.JPG\" title=\"\u00c4kta Johannes\u00f6rt (Hypericum perforatum)\" style=\"border: 0px solid ; width: 150px; height: 308px\" alt=\"\u00c4kta Johannes\u00f6rt (Hypericum perforatum)\" \/><\/a><\/p>\n<p>Korsspindel eller Klotspindel (<span style=\"font-style: italic\">Araneus diadematus<\/span> respektive Familj: <span style=\"font-style: italic\">Theridiidae<\/span>)<br \/>\n<a href=\"http:\/\/bilder.ngn.nu\/index.php\/2008\/07\/09\/spindel-2\/\" target=\"_blank\"><img decoding=\"async\" src=\"http:\/\/ngn.nu\/Bilder3\/080709_DSC01339_Spindel_med_byte_w150.JPG\" title=\"Korsspindel eller Klotspindel (Araneus diadematus respektive Familj: Theridiidae)\" style=\"border: 0px solid ; width: 150px; height: 101px\" alt=\"Korsspindel eller Klotspindel (Araneus diadematus respektive Familj: Theridiidae)\" \/><\/a><\/p>\n<\/div>\n<p><!-- Slut Djur_Natur --><\/p>\n<p><span style=\"font-weight: bold\">Pulsh\u00f6jare <\/span>forts<br \/>\nSenare cyklade hustrun hem och jag fortsatte till Trollh\u00e4ttan.<\/p>\n<p>Efter en viss v\u00e4ntan inne i Lindes Foto, som jag bl.a. f\u00f6rdrev med att dregla \u00f6ver en Sony DSLR a350 och konstatera att n\u00e5gra 58mm UV-filter f\u00f6r digitalkameror fanns inte upph\u00e4ngda. De hade v\u00e4l inte hunnit med det, antog jag.<\/p>\n<p>Min tur, vi gick bort till stativet och konstaterade det jag redan konstaterat. Pojken (os\u00e4ker vikarie) g\u00e5r och fr\u00e5gar vad det verkar en mer s\u00e4ker, vikarie. Jod\u00e5 f\u00e5r pojken till svar de filtren h\u00e4nger d\u00e4r uppe till h\u00f6ger.<\/p>\n<p>Men de \u00e4r ju f\u00f6r analoga kameror vill jag d\u00e5 h\u00e4vda. Pojken fr\u00e5gar d\u00e5 mig vad det \u00e4r f\u00f6r skillnad, j\u00f6sses(?). Ja, nu r\u00e5kar jag ju faktiskt veta att det \u00e4r en liten, liten skillnad mellan UV-filter f\u00f6r analoga kameror och UV-filter f\u00f6r digitala kameror.<\/p>\n<p>Det har att g\u00f6ra med skillnaden i hur en 35mm film negativ som positiv (dia) hanterar ljus j\u00e4mf\u00f6rt med en CCD i en digital kamera.<\/p>\n<p>Av den anledningen ska just UV-str\u00e5larna filtreras n\u00e5got annorlunda, om vi nu j\u00e4mf\u00f6r analogt och digitalt.<\/p>\n<p>Det d\u00e4r f\u00f6rklarade jag inte f\u00f6r pojken utan sa bara; det \u00e4r skillnad.<\/p>\n<p>D\u00e5 g\u00e5r han och fr\u00e5gar sin \u00e4ldre vikariepartner (antar jag) och denne f\u00f6rklarar enkelt och kort, det \u00e4r ingen skillnad.<\/p>\n<p>Jag f\u00f6rklarar d\u00e5 f\u00f6r pojken att det var ju tr\u00e5kigt att ni ger mig det beskedet. Tack och adj\u00f6.<\/p>\n<p>I mitt l\u00e4tt irriterade tillst\u00e5nd gl\u00f6mmer jag antagligen min bl\u00e5 solm\u00f6ssa i butiken s\u00e5 det blir till att ringa dit till morgonen och h\u00f6ra om de har den d\u00e4r. Och s\u00e5 ska jag best\u00e4lla ett 58mm UV-filter f\u00f6r digitala kameror.<br \/>\n<span style=\"font-weight: bold\"><br \/>\n<\/span>P\u00e5 hemv\u00e4gen stannar jag vid \u00d6verby d\u00e4r jag lagt ut pl\u00e5tar (8st).<\/p>\n<p><span style=\"font-weight: bold\">Djur &amp; Natur<\/span> 3<br \/>\n\u00d6verby; Massa Koppar\u00f6dlor<br \/>\n<small>[Red. 080710]<\/small><br \/>\nKoppar\u00f6dlor (<span style=\"font-style: italic\">Anguis fragilis<\/span>)<br \/>\n<a href=\"http:\/\/bilder.ngn.nu\/index.php\/2008\/07\/09\/kopparodlor-6\/\" target=\"_blank\"><img decoding=\"async\" src=\"http:\/\/ngn.nu\/Bilder3\/080709_DSC01887_Kopparoedla_w150.JPG\" title=\"Koppar\u00f6dlor (Anguis fragilis)\" style=\"border: 0px solid ; width: 150px; height: 120px\" alt=\"Koppar\u00f6dlor (Anguis fragilis)\" \/><\/a><\/p>\n<p><span style=\"font-weight: bold\">Pulsh\u00f6jare <\/span>forts<br \/>\nJag forts\u00e4tter min cykeltur med en liten omv\u00e4g om Brinkebergs Kulle. T\u00e4nkte att jag skulle kolla upp de pl\u00e5tar jag har p\u00e5 &#8217;h\u00f6jden&#8217;.<\/p>\n<p><span style=\"font-weight: bold\">Djur &amp; Natur<\/span> 4<br \/>\n&#8217;H\u00f6jden&#8217;; Mera Koppar\u00f6dlor<br \/>\n<small>[Red. 080710]<\/small><br \/>\nKoppar\u00f6dlor (<span style=\"font-style: italic\">Anguis fragilis<\/span>)<br \/>\n<a href=\"http:\/\/bilder.ngn.nu\/index.php\/2008\/07\/09\/kopparodlor-5\/\" target=\"_blank\"><img decoding=\"async\" src=\"http:\/\/ngn.nu\/Bilder3\/080709_DSC01897_Kopparoedlor_w150.JPG\" title=\"Koppar\u00f6dlor (Anguis fragilis)\" style=\"border: 0px solid ; width: 150px; height: 79px\" alt=\"Koppar\u00f6dlor (Anguis fragilis)\" \/><\/a><\/p>\n<p><span style=\"font-weight: bold\">Pulsh\u00f6jare <\/span>forts<br \/>\nCykelturen forts\u00e4tter mot \u00d6nsj\u00f6k\u00e4rret och den pl\u00e5t jag har d\u00e4r. Det var tomt under den. Sedan kom jag till slut hem. Hustrun tyckte jag luktade konstigt &#8211; m\u00e4rkligt?<\/p>\n<p><span style=\"font-weight: bold\">H\u00e4lsol\u00e4get<\/span><br \/>\nF\u00f6rmiddagen var jobbig. V\u00e4rk i liksom hela kroppen. Minsta r\u00f6relse s\u00e5 \u00f6kade besv\u00e4ren och s\u00e5 k\u00e4nde jag hur jag blev liksom muskeltr\u00f6tt n\u00e4stan omedelbart.<\/p>\n<p>S\u00e5 l\u00e4nge jag cyklade var det OK. Men s\u00e5 fort jag gick av cykeln och gick s\u00e5 blev jag andf\u00e5dd?<\/p>\n<p>Och att g\u00e5 upp och ned i skogen &#8211; j\u00f6sses! F\u00f6r att inte tala om anstr\u00e4ngningen att s\u00e4tta sig ned p\u00e5 huk och sedan resa sig upp. Som jag g\u00f6r n\u00e4r jag vittjar pl\u00e5tarna.<\/p>\n<p>Nu har jag ont i hela kroppen. Det svider i f\u00f6tterna och h\u00e4nderna (hudnervsveda).<\/p>\n","protected":false},"excerpt":{"rendered":"<p>Djur &amp; Natur 1 Idag sken solen tidigt p\u00e5 morgonen. Det betyder att d\u00e5 vill ormarna (kr\u00e4ldjuren) g\u00e4rna v\u00e4rma sig lite i solen. Ja vem vill inte det? Som vanligt tog jag cykeln ut till min naturrunda. Jag g\u00f6r det &hellip; <a href=\"https:\/\/blogg.ngn.nu\/index.php\/2008\/07\/09\/svettig-onsdag\/\">Forts\u00e4tt l\u00e4sa <span class=\"meta-nav\">&rarr;<\/span><\/a><\/p>\n","protected":false},"author":1,"featured_media":0,"comment_status":"open","ping_status":"closed","sticky":false,"template":"","format":"standard","meta":{"footnotes":""},"categories":[338,131,343,219,383],"tags":[440,408,412,378,388,411,349,355,212],"class_list":["post-287","post","type-post","status-publish","format-standard","hentry","category-djur","category-foto","category-ryggen","category-trott","category-utflykt","tag-blomma","tag-flickslanda","tag-fluga","tag-huggorm","tag-kopparodla","tag-nyckelpiga","tag-snok","tag-spindel","tag-vark"],"_links":{"self":[{"href":"https:\/\/blogg.ngn.nu\/index.php\/wp-json\/wp\/v2\/posts\/287","targetHints":{"allow":["GET"]}}],"collection":[{"href":"https:\/\/blogg.ngn.nu\/index.php\/wp-json\/wp\/v2\/posts"}],"about":[{"href":"https:\/\/blogg.ngn.nu\/index.php\/wp-json\/wp\/v2\/types\/post"}],"author":[{"embeddable":true,"href":"https:\/\/blogg.ngn.nu\/index.php\/wp-json\/wp\/v2\/users\/1"}],"replies":[{"embeddable":true,"href":"https:\/\/blogg.ngn.nu\/index.php\/wp-json\/wp\/v2\/comments?post=287"}],"version-history":[{"count":0,"href":"https:\/\/blogg.ngn.nu\/index.php\/wp-json\/wp\/v2\/posts\/287\/revisions"}],"wp:attachment":[{"href":"https:\/\/blogg.ngn.nu\/index.php\/wp-json\/wp\/v2\/media?parent=287"}],"wp:term":[{"taxonomy":"category","embeddable":true,"href":"https:\/\/blogg.ngn.nu\/index.php\/wp-json\/wp\/v2\/categories?post=287"},{"taxonomy":"post_tag","embeddable":true,"href":"https:\/\/blogg.ngn.nu\/index.php\/wp-json\/wp\/v2\/tags?post=287"}],"curies":[{"name":"wp","href":"https:\/\/api.w.org\/{rel}","templated":true}]}}