{"id":264,"date":"2008-06-15T21:07:57","date_gmt":"2008-06-15T19:07:57","guid":{"rendered":"http:\/\/blogg.ngn.nu\/index.php\/2008\/06\/15\/fragande-sondag\/"},"modified":"2008-06-15T21:12:47","modified_gmt":"2008-06-15T19:12:47","slug":"fragande-sondag","status":"publish","type":"post","link":"https:\/\/blogg.ngn.nu\/index.php\/2008\/06\/15\/fragande-sondag\/","title":{"rendered":"Fr\u00e5gande S\u00f6ndag"},"content":{"rendered":"<p><span style=\"font-weight: bold\">Alliansens F\u00f6rs\u00e4kringskassa och Rehabiliteringskedja<\/span><br \/>\nAlliansen kallar det f\u00f6r: &#8221;En reformerad sjukskrivningsprocess f\u00f6r \u00f6kad \u00e5terg\u00e5ng i arbete.&#8221;<\/p>\n<p>Det l\u00e5ter ju v\u00e4ldigt bra. F\u00f6r visst \u00e4r det s\u00e5 att alla som blir sjuka inte har valt det frivilligt, eller? Finns det personer som v\u00e4ljer att bli sjuka? Och dessutom under l\u00e5ng tid?<\/p>\n<p>Givetvis inte.<\/p>\n<p>Finns det personer som bluffar sig till f\u00f6rm\u00e5ner genom att fejka sjukdom.<\/p>\n<p>Ja, ett f\u00e5tal. Och de \u00e4r ofta i \u00f6vrigt kriminella. Och det \u00e4r ju lite sjukt s\u00e5 de \u00e4r ju egentligen sjuka de med.<\/p>\n<p>Av vilken anledning genomf\u00f6r d\u00e5 alliansen den h\u00e4r &#8217;reformen&#8217;?<\/p>\n<p>Jo de tycker att de som \u00e4r sjuka \u00e4r det under f\u00f6r l\u00e5ng tid.<\/p>\n<p>Av vilken anledning \u00e4r de sjuka, sjuka s\u00e5 l\u00e4nge?<\/p>\n<p>Vill de det? Givetvis inte.<\/p>\n<p>F\u00f6rklaringen best\u00e5r i att h\u00e4lso- och sjukv\u00e5rd saknar resurser. Det saknas ocks\u00e5 resurser till rehabilitering. D\u00e4rf\u00f6r tvingas sjuka att vara sjuka l\u00e4ngre \u00e4n n\u00f6dv\u00e4ndigt.<\/p>\n<p>Kommer alliansen att se till att s\u00e4tta press p\u00e5 f\u00f6retag och arbetsgivare att b\u00e4ttre ta hand om sin personal, de anst\u00e4llda?<br \/>\nKommer alliansen att se till att sjuka i f\u00f6rsta hand tas om hand av arbetsh\u00e4lsorna?<br \/>\nKommer alliansen att se till att sjuka f\u00e5r adekvata unders\u00f6kningar?<br \/>\nKommer alliansen att se till att sjuka snabbare f\u00e5r en diagnos?<br \/>\nKommer alliansen att se till att sjuka kommer till behandling fortare?<br \/>\nKommer alliansen att se till att sjuka f\u00e5r optimal rehabilitering?<br \/>\nKommer alliansen att se till att den rehabiliterade f\u00e5r b\u00e4sta m\u00f6jliga f\u00f6ruts\u00e4ttning f\u00f6r \u00e5terg\u00e5ng till arbete?<br \/>\nKommer alliansen att se till att hela den h\u00e4r processen stimuleras p\u00e5 s\u00e5 vis att det \u00e4r till f\u00f6rdel f\u00f6r den ofrivilligt sjuke?<\/p>\n<p>S\u00f6k svaren p\u00e5 egen hand och meddela dem till mig.<\/p>\n<p>F\u00f6rs\u00e4kringskassan kommer att f\u00e5 (har det och har haft det i m\u00e5nga \u00e5r) det viktiga samordningsuppdraget i denna rehabiliteringskedja. Men de f\u00e5r inga \u00f6kade resurser, tv\u00e4rt om.<\/p>\n<p>Det finns f\u00f6rslag &#8211; men det \u00e4r inget best\u00e4mt.<\/p>\n<p>\u00c4r det verkligen &#8217;r\u00e4tt&#8217; metod att i f\u00f6rsta hand ANGRIPA de sjuka?<\/p>\n<p>Det ber\u00e4knas finnas ca 55000 med tidsbegr\u00e4nsad sjukers\u00e4ttning som inte kommer att &#8217;kvala in&#8217; i den nya rehabiliteringskedjan. De kommer att bli s.k. utf\u00f6rs\u00e4krade. De kommer sannolikt inte att f\u00e5 n\u00e5gon a-kassa heller. Och det \u00e4r faktiskt tveksamt om en s\u00e5 sjuk m\u00e4nniska \u00e4r ber\u00e4ttigad till f\u00f6rs\u00f6rjningsst\u00f6d (socialbidrag). F\u00f6r att du ska f\u00e5 det m\u00e5ste du kunna visa att du \u00e4r aktivt arbetss\u00f6kande. Det d\u00e4r g\u00e5r ju inte ihop.<\/p>\n<p>Hur m\u00e5nga av de 55000 \u00e4r det som kommer att tvingas g\u00f6ra sig av med en eventuell bil, ett boende med &#8217;f\u00f6r m\u00e5nga kvadratmetrar&#8217;, etc. \u00c4r inte detta utanf\u00f6rskap s\u00e5 begriper inte jag vad utanf\u00f6rskap \u00e4r.<\/p>\n<p>H\u00e4danefter kommer jag att se p\u00e5 alla som &#8217;tillh\u00f6r&#8217; alliansen med stort f\u00f6rakt. De f\u00f6rtj\u00e4nar ingen respekt, ingen tillit. Jag vill inte ens ge dem medm\u00e4nsklighet. S\u00e5 l\u00e5gt placerar jag de som hurrar f\u00f6r den h\u00e4r politiken och de som tyst tiger med.<\/p>\n<p>Ni \u00e4r l\u00e5gt st\u00e5ende uslingar.<\/p>\n<p><span style=\"font-weight: bold\">Men hall\u00e5!<\/span> Nu blev det lite tokigt h\u00e4r? Om jag nu v\u00e4ljer att tycka p\u00e5 det h\u00e4r viset d\u00e5 blir jag ju som &#8217;alliansarna&#8217;, cynisk, missunsam (osolidarisk), segregerad, diskriminerande, maktfullkomlig och m.m. Och det vill jag ju inte.<\/p>\n<p>Jag \u00e4r ju humanist. En socialist som tror p\u00e5 parlamentarisk demokrati.<\/p>\n<p>Allts\u00e5 v\u00e4ljer jag i st\u00e4llet att tycka synd om dem. Undrar vem som egentligen \u00e4r sjukast?<\/p>\n<p><span style=\"font-weight: bold\">Besv\u00e4rsl\u00e4get<\/span><br \/>\nI g\u00e5r h\u00f6rde jag f\u00e5gelkvitter. Jag l\u00e5g i s\u00e4ngen och balkongd\u00f6rren till v\u00e5r v\u00e4stra balkong stod \u00f6ppen. Och h\u00f6rde f\u00e5gelkvitter. Sedan tyckte jag nog att det l\u00e4t ganska liksom j\u00e4mt och enformigt. Jag blev misst\u00e4nksam. Jag placerade handflatorna mot \u00f6ronen &#8211; och jod\u00e5, f\u00e5gelkvittret var kvar.<\/p>\n<p>Min tinnitus, i form av en gasl\u00e4cka under varierande tryck har kompletterats med ett metalliskt f\u00e5gelkvitter. Kan ju tyckas vara fint &#8211; men inte hela tiden.<\/p>\n","protected":false},"excerpt":{"rendered":"<p>Alliansens F\u00f6rs\u00e4kringskassa och Rehabiliteringskedja Alliansen kallar det f\u00f6r: &#8221;En reformerad sjukskrivningsprocess f\u00f6r \u00f6kad \u00e5terg\u00e5ng i arbete.&#8221; Det l\u00e5ter ju v\u00e4ldigt bra. F\u00f6r visst \u00e4r det s\u00e5 att alla som blir sjuka inte har valt det frivilligt, eller? Finns det personer &hellip; <a href=\"https:\/\/blogg.ngn.nu\/index.php\/2008\/06\/15\/fragande-sondag\/\">Forts\u00e4tt l\u00e4sa <span class=\"meta-nav\">&rarr;<\/span><\/a><\/p>\n","protected":false},"author":1,"featured_media":0,"comment_status":"open","ping_status":"closed","sticky":false,"template":"","format":"standard","meta":{"footnotes":""},"categories":[391,31,343],"tags":[203,234],"class_list":["post-264","post","type-post","status-publish","format-standard","hentry","category-forsakringskassan","category-politik","category-ryggen","tag-besvarslage","tag-sjukersattning"],"_links":{"self":[{"href":"https:\/\/blogg.ngn.nu\/index.php\/wp-json\/wp\/v2\/posts\/264","targetHints":{"allow":["GET"]}}],"collection":[{"href":"https:\/\/blogg.ngn.nu\/index.php\/wp-json\/wp\/v2\/posts"}],"about":[{"href":"https:\/\/blogg.ngn.nu\/index.php\/wp-json\/wp\/v2\/types\/post"}],"author":[{"embeddable":true,"href":"https:\/\/blogg.ngn.nu\/index.php\/wp-json\/wp\/v2\/users\/1"}],"replies":[{"embeddable":true,"href":"https:\/\/blogg.ngn.nu\/index.php\/wp-json\/wp\/v2\/comments?post=264"}],"version-history":[{"count":0,"href":"https:\/\/blogg.ngn.nu\/index.php\/wp-json\/wp\/v2\/posts\/264\/revisions"}],"wp:attachment":[{"href":"https:\/\/blogg.ngn.nu\/index.php\/wp-json\/wp\/v2\/media?parent=264"}],"wp:term":[{"taxonomy":"category","embeddable":true,"href":"https:\/\/blogg.ngn.nu\/index.php\/wp-json\/wp\/v2\/categories?post=264"},{"taxonomy":"post_tag","embeddable":true,"href":"https:\/\/blogg.ngn.nu\/index.php\/wp-json\/wp\/v2\/tags?post=264"}],"curies":[{"name":"wp","href":"https:\/\/api.w.org\/{rel}","templated":true}]}}