{"id":254,"date":"2008-06-05T18:44:05","date_gmt":"2008-06-05T17:44:05","guid":{"rendered":"http:\/\/blogg.ngn.nu\/index.php\/2008\/06\/05\/sned-torsdag\/"},"modified":"2008-09-22T18:16:26","modified_gmt":"2008-09-22T16:16:26","slug":"sned-torsdag","status":"publish","type":"post","link":"https:\/\/blogg.ngn.nu\/index.php\/2008\/06\/05\/sned-torsdag\/","title":{"rendered":"Sned Torsdag"},"content":{"rendered":"<p><span style=\"font-weight: bold\">Besv\u00e4rsl\u00e4get<\/span><br \/>\nSegt. Efter att jag tagit mina mediciner tar det ca 30 minuter innan det l\u00e4ttar. Har haft besv\u00e4r, mest, med h\u00f6gra halvan av kroppen, hela dagen.<\/p>\n<p><span style=\"font-weight: bold\">Nattuppdrag<\/span><br \/>\n01:50 k\u00f6rde jag hustrun till VBG JVST. KL 02:20 kom en taxi som skulle k\u00f6ra henne till Stenungsund. D\u00e4r skulle Berlinbussen komma.<\/p>\n<p><span style=\"font-weight: bold\">Sjukers\u00e4ttningen<\/span><br \/>\nDet \u00e4r dystert att l\u00e4sa tidningar nu f\u00f6r tiden. Den 1 juli s\u00e4tts nya regler f\u00f6r sjukers\u00e4ttning. Visst \u00e4r det bra att sjuka inte ska beh\u00f6va vara mer sjuka \u00e4n n\u00f6dv\u00e4ndigt och att vi ska tillbaka till jobb s\u00e5 fort det bara g\u00e5r. <a onclick=\"expand(this.id+'_080605_190639', this);\" style=\"background-color: #ffffcc; cursor: pointer\" id=\"Sjukersattning\">[Visa mer&#8230;]<\/a><\/p>\n<div id=\"Sjukersattning_080605_190639\" style=\"display: none\">\n<p>Men inte l\u00e4ker eller f\u00f6rb\u00e4ttras min kropp snabbare bara f\u00f6r att jag f\u00e5r det s\u00e4mre ekonomiskt. Eller att jag fasas ut fr\u00e5n ett trygghetssystem helt och h\u00e5llet.<\/p>\n<p>Nog vore det v\u00e4l b\u00e4ttre om det f\u00f6rst tillf\u00f6rdes resurser s\u00e5 att de som \u00e4r sjuka kan f\u00e5 en chans att bli b\u00e4ttre. Nu \u00e4r dessa resurser obefintliga.<\/p>\n<p>Stackars de m\u00e4nniskor som blir sjuka p.g.a. s\u00e5v\u00e4l psykiskt som fysiskt tufft arbetsklimat, fr.o.m. 1 juli. Speciellt de som arbetar i sm\u00e5 och medelstora f\u00f6retag (&lt;50 anst\u00e4llda).<\/p>\n<p>Det v\u00e4rsta med det hela \u00e4r att det \u00e4r en politisk krumbukt som ska skapa m\u00f6jligheter att tj\u00e4na pengar p\u00e5 sjukdomar.<\/p>\n<p>Om nu inte samordnings- och rehabiliteringsresurser samt snabb diagnostik och adekvata behandlingar och unders\u00f6kningar inte finns i tillr\u00e4cklig omfattning inom den offentliga h\u00e4lso- och sjukv\u00e5rden. Varifr\u00e5n tror ni d\u00e5 att denna resurs kommer att dyka upp?<\/p>\n<p>Och vilka \u00e4r det som kommer att f\u00e5 betala?<\/p>\n<p>Just det, skattebetalarna. Kommer det att bli en billigare v\u00e5rd?<\/p>\n<p>Vet ni f\u00f6rresten av vilken anledning det blir s\u00e5 h\u00e4r, delvis? Jo det har med v\u00e5rt intr\u00e4de i EU att g\u00f6ra. N\u00e4r vi ville komma med i EU s\u00e5 skulle ett antal s.k. konvergenskrav uppfyllas. Ett av dem var att de offentliga utgifterna inte fick \u00f6verstiga 2% av av BNP (Brutto National Produkten). [V\u00e5r var 4%]<\/p>\n<p>Och det var G\u00f6ran Persson, han borgarbr\u00e4ckan ni vet som var sossarnas boss och statsminister, som drev detta stenh\u00e5rt. Offentligheten skickades ned p\u00e5 kn\u00e4 f\u00f6r att g\u00f6ra v\u00e5rt medlemskap m\u00f6jligt.<\/p>\n<p>Och det lyckades. Nu st\u00e5r vi p\u00e5 kn\u00e4&#8230;<\/p>\n<p>Nu har vi i Sverige ett skatteuttag som inte minskat. Det borde det ju ha gjort. Att minska de offentliga utgifterna med 50% ger massor med pengar i Svea Rikes skattkista.<\/p>\n<p>Men de pengarna f\u00e5r, principiellt, inte anv\u00e4ndas f\u00f6r offentlig verksamhet.<\/p>\n<p>\u00c4r ni med? Just det. Om d\u00e4remot privata initiativ g\u00f6r det som den offentliga h\u00e4lso- och sjukv\u00e5rden gjorde s\u00e5 kan de (privat h\u00e4lso- och sjukv\u00e5rd) ta rej\u00e4lt betalt. Och d\u00e5 kallas det helt pl\u00f6tsligt inte f\u00f6r en offentlig utgift. \u00c4ven om det \u00e4r samma pengar som \u00e4r avsedda till samma sak: Skattefinansierad h\u00e4lso- och sjukv\u00e5rd.<\/p>\n<p>Det \u00e4r den h\u00e4r typen av &#8221;bakom-kulisserna-politik&#8221; som jag avskyr. Och d\u00e4r \u00e4r, tyv\u00e4rr, alla politiker, oavsett partif\u00e4rg, likadana. Men det \u00e4r mycket m\u00f6rkbl\u00e5a toner.<\/p>\n<\/div>\n<p><!-- Slut Sjukersattning --><\/p>\n<p>N\u00e4r vet du att en politiker ljuger? &#8221;N\u00e4r han s\u00e4ger n\u00e5got.&#8221;<br \/>\nDu kan ju testa. Fr\u00e5ga en politiker en sak och be denne skriva ned det p\u00e5 ett papper, underteckna det och ge dig det.<\/p>\n<p><span style=\"font-weight: bold\">Maja<\/span><br \/>\nDet har fallit p\u00e5 min lott eller mer r\u00e4tt jag anm\u00e4lde mig frivilligt till att \u00e5ka till veterin\u00e4ren med katten Maja.<br \/>\nUndrar om hon f\u00f6renas med sin m\u00e4nniskomamma, min syster?<br \/>\nOch, tr\u00e4ffar hon; Poppsy, Sessan, Lillan, Skr\u00e5llan och Lisa, Sotis, Bonzo, M\u00e5ns, Julia, Oskar i katthimlen? F\u00f6r att n\u00e4mna n\u00e5gra av v\u00e5ra katter genom \u00e5ren.<br \/>\nHundarna; Bill och Ladden samt Guide, Molly, Sessan, Fanny och Tessie \u00e4r hon nog inte lika noga med att f\u00e5 tr\u00e4ffa &#8211; om jag k\u00e4nner den katten r\u00e4tt.<\/p>\n<p><span style=\"font-weight: bold\">Basala Kroppsk\u00e4nnedomen<\/span><br \/>\nF\u00f6rra g\u00e5ngen k\u00e4ndes det bra. Idag blev det mest konstigt. Jag fick inte ordning p\u00e5 h\u00f6ger och v\u00e4nster sida. H\u00f6ger sida var liksom st\u00f6rre, mer sp\u00e4nd och v\u00e4nster var mindre och svag. Sk\u00f6nt att det bara \u00e4r en g\u00e5ng kvar.<\/p>\n","protected":false},"excerpt":{"rendered":"<p>Besv\u00e4rsl\u00e4get Segt. Efter att jag tagit mina mediciner tar det ca 30 minuter innan det l\u00e4ttar. Har haft besv\u00e4r, mest, med h\u00f6gra halvan av kroppen, hela dagen. Nattuppdrag 01:50 k\u00f6rde jag hustrun till VBG JVST. KL 02:20 kom en taxi &hellip; <a href=\"https:\/\/blogg.ngn.nu\/index.php\/2008\/06\/05\/sned-torsdag\/\">Forts\u00e4tt l\u00e4sa <span class=\"meta-nav\">&rarr;<\/span><\/a><\/p>\n","protected":false},"author":1,"featured_media":0,"comment_status":"open","ping_status":"closed","sticky":false,"template":"","format":"standard","meta":{"footnotes":""},"categories":[31,343],"tags":[345,203,234],"class_list":["post-254","post","type-post","status-publish","format-standard","hentry","category-politik","category-ryggen","tag-basal-kroppskannedom-bk","tag-besvarslage","tag-sjukersattning"],"_links":{"self":[{"href":"https:\/\/blogg.ngn.nu\/index.php\/wp-json\/wp\/v2\/posts\/254","targetHints":{"allow":["GET"]}}],"collection":[{"href":"https:\/\/blogg.ngn.nu\/index.php\/wp-json\/wp\/v2\/posts"}],"about":[{"href":"https:\/\/blogg.ngn.nu\/index.php\/wp-json\/wp\/v2\/types\/post"}],"author":[{"embeddable":true,"href":"https:\/\/blogg.ngn.nu\/index.php\/wp-json\/wp\/v2\/users\/1"}],"replies":[{"embeddable":true,"href":"https:\/\/blogg.ngn.nu\/index.php\/wp-json\/wp\/v2\/comments?post=254"}],"version-history":[{"count":0,"href":"https:\/\/blogg.ngn.nu\/index.php\/wp-json\/wp\/v2\/posts\/254\/revisions"}],"wp:attachment":[{"href":"https:\/\/blogg.ngn.nu\/index.php\/wp-json\/wp\/v2\/media?parent=254"}],"wp:term":[{"taxonomy":"category","embeddable":true,"href":"https:\/\/blogg.ngn.nu\/index.php\/wp-json\/wp\/v2\/categories?post=254"},{"taxonomy":"post_tag","embeddable":true,"href":"https:\/\/blogg.ngn.nu\/index.php\/wp-json\/wp\/v2\/tags?post=254"}],"curies":[{"name":"wp","href":"https:\/\/api.w.org\/{rel}","templated":true}]}}