{"id":252,"date":"2008-06-03T20:47:16","date_gmt":"2008-06-03T19:47:16","guid":{"rendered":"http:\/\/blogg.ngn.nu\/index.php\/2008\/06\/03\/avstamningstisdag\/"},"modified":"2009-06-08T16:37:49","modified_gmt":"2009-06-08T14:37:49","slug":"avstamningstisdag","status":"publish","type":"post","link":"https:\/\/blogg.ngn.nu\/index.php\/2008\/06\/03\/avstamningstisdag\/","title":{"rendered":"Avst\u00e4mningstisdag"},"content":{"rendered":"<p><span style=\"font-weight: bold\">Besv\u00e4rsl\u00e4get<\/span><br \/>\nSp\u00e4nt, eftert\u00e4nksamt, lite oroligt.<br \/>\nTinnitus och v\u00e4rk, n\u00e4stan \u00f6verallt.<br \/>\nTr\u00f6tt p\u00e5 eftermiddagen<\/p>\n<p><span style=\"font-weight: bold\">Avst\u00e4mningsm\u00f6te<\/span><br \/>\nMed FK, L\u00e4kare, Arbetsgivare (Chef och Personalhandl\u00e4ggare).<br \/>\nResultat:<br \/>\n(rehab)planeringsm\u00f6te 080908 kl 10:00<br \/>\nL\u00e4karbes\u00f6k 080915 kl 14:00<br \/>\nFortsatt 100% sjuk t.o.m. 080930<\/p>\n<p>Om jag f\u00f6rstod diskussionen r\u00e4tt kommer jag att f\u00f6ras \u00f6ver till 100% tidsbegr\u00e4nsad sjukers\u00e4ttning, f\u00f6r 1\u00e5r.<br \/>\nM\u00e5let \u00e4r att i slutet av den perioden ha kommit upp i 25% arbete.<\/p>\n<p>Om det inte g\u00e5r kan den tidsbegr\u00e4nsade sjukers\u00e4ttningen f\u00f6rl\u00e4ngas med max 18 m\u00e5nader.<br \/>\nD\u00e4refter, om jag inte blivit b\u00e4ttre, g\u00f6rs den tidsbegr\u00e4nsade sjukers\u00e4ttningen om till en tills vidare sjukers\u00e4ttning.<\/p>\n<p>Det f\u00e5r d\u00e5 som konsekvens att jag f\u00f6rlorar jobbet. Arbetsgivaren har d\u00e5, enligt nu g\u00e4llande regler, r\u00e4tt att s\u00e4ga upp mig.<\/p>\n<p>Alternativt kan tills vidare sjukers\u00e4ttning ers\u00e4ttas med sjukpenning(?)<\/p>\n<p>Det jag funderat mest p\u00e5, s\u00e5 h\u00e4r efter\u00e5t, \u00e4r att det pratades v\u00e4ldigt lite om vilka ytterligare behandlings- och\/eller rehabiliteringsm\u00f6jlighete som finns.<\/p>\n<p>Utan det blev mer; nu har jag f\u00e5tt MR, Akupunktur, Bass\u00e4ngavslappning, Stresshanteringsutbildning, Taktil Massage, Kuratorsamtal och Basal Kroppsk\u00e4nnedom och d\u00e5 ska jag liksom klara mig p\u00e5 det. Och bli b\u00e4ttre av det.<\/p>\n<p>Jag \u00e4r oerh\u00f6rt tacksam f\u00f6r dessa insatser de har gett massor. Men de g\u00f6r mig inte b\u00e4ttre. De ger mig verktyg att hantera f\u00f6rs\u00e4mringen. Och de g\u00f6r att jag m\u00e5r psykiskt b\u00e4ttre. Men den kroppsliga f\u00f6rs\u00e4mringen hindras inte.<\/p>\n<p><span style=\"font-weight: bold\">Kurator<\/span><br \/>\nHade en tid bokad hos kuratorn n\u00e4stan direkt efter avst\u00e4mningsm\u00f6tet och det var bra. Bra att kunna f\u00e5 ventilera de tankar som r\u00f6rts upp.<br \/>\nFick ny tid 080819 10:00<\/p>\n<p><span style=\"font-weight: bold\">Mat &amp; Vila<\/span><br \/>\nDuktigt \u00e5t jag upp min sallad. Sedan kom hustrun hem med sm\u00f6rg\u00e5st\u00e5rta &#8211; s\u00e5 det fick ju bli efterr\u00e4tt&#8230;<\/p>\n<p>H\u00f6ll mig faktiskt upp ganska l\u00e4nge. Kl 16:00 gick det inte l\u00e4ngre. vaknade vid ca 18:00.<\/p>\n<p><span style=\"font-weight: bold\">Djur &amp; Natur<\/span><br \/>\nIdag blev den en kv\u00e4llspromenad. Ett tips: G\u00e5 inte ut till en v\u00e5tmark endast ikl\u00e4dd T-skirt &amp; shorts en f\u00f6rsommarkv\u00e4ll. Det \u00e4r som att l\u00e4gga en sockerbit p\u00e5 en myrstack.<br \/>\nVanlig skogsmygga (<span style=\"font-style: italic\">Aedes communis<\/span>)<br \/>\n<a href=\"\/HTML\/080603_DSC01759_Mygga_w800.html\" target=\"_blank\"><img loading=\"lazy\" decoding=\"async\" src=\"http:\/\/ngn.nu\/Bilder3\/080603_DSC01759_Mygga_w150.JPG\" alt=\"Vanlig skogsmygga (Aedes communis)\" height=\"112\" width=\"150\" \/><\/a><\/p>\n<p>Men f\u00f6re det fick jag en bra bild p\u00e5 samma typ av spindel som jag n\u00e4mnde i g\u00e5rdagens inl\u00e4gg:<br \/>\nVanlig k\u00e4rrspindel (<em>Dolomedes fimbriatus<\/em>).<br \/>\n<a href=\"\/HTML\/080603_DSC09273_Spindel_w800.html\" target=\"_blank\"><img loading=\"lazy\" decoding=\"async\" src=\"http:\/\/ngn.nu\/Bilder3\/080603_DSC09273_Spindel_w150.JPG\" alt=\"Vanlig k\u00e4rrspindel (Dolomedes fimbriatus)\" height=\"104\" width=\"150\" \/><\/a><\/p>\n","protected":false},"excerpt":{"rendered":"<p>Besv\u00e4rsl\u00e4get Sp\u00e4nt, eftert\u00e4nksamt, lite oroligt. Tinnitus och v\u00e4rk, n\u00e4stan \u00f6verallt. Tr\u00f6tt p\u00e5 eftermiddagen Avst\u00e4mningsm\u00f6te Med FK, L\u00e4kare, Arbetsgivare (Chef och Personalhandl\u00e4ggare). Resultat: (rehab)planeringsm\u00f6te 080908 kl 10:00 L\u00e4karbes\u00f6k 080915 kl 14:00 Fortsatt 100% sjuk t.o.m. 080930 Om jag f\u00f6rstod diskussionen r\u00e4tt &hellip; <a href=\"https:\/\/blogg.ngn.nu\/index.php\/2008\/06\/03\/avstamningstisdag\/\">Forts\u00e4tt l\u00e4sa <span class=\"meta-nav\">&rarr;<\/span><\/a><\/p>\n","protected":false},"author":1,"featured_media":0,"comment_status":"open","ping_status":"closed","sticky":false,"template":"","format":"standard","meta":{"footnotes":""},"categories":[338,343],"tags":[198,203,413,414],"class_list":["post-252","post","type-post","status-publish","format-standard","hentry","category-djur","category-ryggen","tag-avstamningsmote","tag-besvarslage","tag-mygga","tag-vanlig-karrspindel"],"_links":{"self":[{"href":"https:\/\/blogg.ngn.nu\/index.php\/wp-json\/wp\/v2\/posts\/252","targetHints":{"allow":["GET"]}}],"collection":[{"href":"https:\/\/blogg.ngn.nu\/index.php\/wp-json\/wp\/v2\/posts"}],"about":[{"href":"https:\/\/blogg.ngn.nu\/index.php\/wp-json\/wp\/v2\/types\/post"}],"author":[{"embeddable":true,"href":"https:\/\/blogg.ngn.nu\/index.php\/wp-json\/wp\/v2\/users\/1"}],"replies":[{"embeddable":true,"href":"https:\/\/blogg.ngn.nu\/index.php\/wp-json\/wp\/v2\/comments?post=252"}],"version-history":[{"count":0,"href":"https:\/\/blogg.ngn.nu\/index.php\/wp-json\/wp\/v2\/posts\/252\/revisions"}],"wp:attachment":[{"href":"https:\/\/blogg.ngn.nu\/index.php\/wp-json\/wp\/v2\/media?parent=252"}],"wp:term":[{"taxonomy":"category","embeddable":true,"href":"https:\/\/blogg.ngn.nu\/index.php\/wp-json\/wp\/v2\/categories?post=252"},{"taxonomy":"post_tag","embeddable":true,"href":"https:\/\/blogg.ngn.nu\/index.php\/wp-json\/wp\/v2\/tags?post=252"}],"curies":[{"name":"wp","href":"https:\/\/api.w.org\/{rel}","templated":true}]}}